{"id":297148,"date":"2025-12-20T02:22:14","date_gmt":"2025-12-20T02:22:14","guid":{"rendered":"https:\/\/www.europesays.com\/es\/297148\/"},"modified":"2025-12-20T02:22:14","modified_gmt":"2025-12-20T02:22:14","slug":"la-vuelta-se-opone-al-gran-cambio-reclamado-por-pogacar-no-es-una-buena-idea","status":"publish","type":"post","link":"https:\/\/www.europesays.com\/es\/297148\/","title":{"rendered":"La Vuelta se opone al gran cambio reclamado por Pogacar: \u00abNo es una buena idea\u00bb"},"content":{"rendered":"<p class=\"typo-tk-rs-caption-xs\">El director de La Vuelta llama de nuevo a Pogacar: \u00abEstamos deseando que complete las tres Grandes\u00bb<\/p>\n<p class=\"typo-tk-rs-caption-xs\">Autor del v\u00eddeo: Eurosport<\/p>\n<p><a class=\"typo-tk-rs-body-md focus-visible:text-focused-text-fill-01 focus-visible:bg-focused-surface-fill-01 hover:underline focus-visible:outline-none text-content-block-default-text-fill-04 hover:text-content-block-default-text-fill-01 active:text-content-block-default-text-fill-03\" target=\"_self\" href=\"https:\/\/espanol.eurosport.com\/ciclismo\/vuelta-a-espana\/2026\/presentacion-recorrido-2026-fechas-etapas-perfiles-contrarreloj-alguacil-aitana-calar-alto-mapa-analisis-trazado-donde-ver-hbo-max-tv-online_sto23251303\/story.shtml\" data-testid=\"body-hyper-link\" rel=\"nofollow noopener\">Recorrido y etapas de La Vuelta 2026: La jornada del a\u00f1o en el Alguacil y apoteosis en la Alhambra<\/a>La <b data-testid=\"body-text-bold\">Vuelta a Espa\u00f1a<\/b> no se mueve. As\u00ed lo ha hecho saber <b data-testid=\"body-text-bold\">Javier Guill\u00e9n<\/b>, director de la ronda espa\u00f1ola en declaraciones a <a class=\"typo-tk-rs-body-md focus-visible:text-focused-text-fill-01 focus-visible:bg-focused-surface-fill-01 hover:underline focus-visible:outline-none text-content-block-default-text-fill-04 hover:text-content-block-default-text-fill-01 active:text-content-block-default-text-fill-03\" target=\"_blank\" rel=\"noopener nofollow\" href=\"https:\/\/www.tuttobiciweb.it\/article\/2025\/12\/19\/1766079730\/vuelta-espana-giro-d-italia-guillen\" data-testid=\"body-hyper-link\">Tuttobici<\/a> este mi\u00e9rcoles durante la presentaci\u00f3n del recorrido de la Vuelta a Espa\u00f1a 2026 en M\u00f3naco. Preguntado por la <b data-testid=\"body-text-bold\">propuesta realizada por Tadej Pogacar<\/b>, que apunt\u00f3 a un <b data-testid=\"body-text-bold\">cambio de fechas entre Giro y Vuelta<\/b>, Guill\u00e9n se opuso rotundamente a la idea del esloveno.<\/p>\n<blockquote class=\"wrapping-break-word typo-tk-rs-display-sm flex-auto text-content-block-default-text-fill-01\"><p>Mi opini\u00f3n al respecto coincide con la de Paolo Bellino: no es una idea que estemos considerando\u00bb<\/p><\/blockquote>\n<p>\u00abCreo que el Giro deber\u00eda mantener sus fechas tradicionales. Por supuesto, <b data-testid=\"body-text-bold\">respeto mucho que un corredor como Pogacar haya propuesto algo diferente<\/b> y todo el debate que ha surgido al respecto. Pero desde el punto de vista <b data-testid=\"body-text-bold\">tanto del Giro como de la Vuelta, debo decir que estamos contentos con la situaci\u00f3n actual<\/b>\u00ab, se\u00f1al\u00f3.<\/p>\n<p>Otra voz que secund\u00f3 en su idea a Pogacar fue <b data-testid=\"body-text-bold\">Vincenzo Nibali<\/b>, ganador de las tres Grandes Vueltas, el cual apunt\u00f3 a las <b data-testid=\"body-text-bold\">condiciones climatol\u00f3gicas<\/b> para argumentar la necesidad de un cambio, un supuesto que Guill\u00e9n ha rebatido: \u00abIncluso <b data-testid=\"body-text-bold\">en Espa\u00f1a el tiempo puede ser malo en mayo, igual que tambi\u00e9n puede serlo en agosto y septiembre<\/b>, as\u00ed que esto es un problema para todos\u00bb.<\/p>\n<blockquote class=\"wrapping-break-word typo-tk-rs-display-sm flex-auto text-content-block-default-text-fill-01\"><p>Es otra propuesta que respeto mucho; es tan leg\u00edtima como todas las dem\u00e1s que se han hecho, pero, sinceramente, no me parece buena idea\u00bb<\/p><\/blockquote>\n<p>Para cerrar su intervenci\u00f3n, el director de La Vuelta insisti\u00f3 en su postura: \u00ab<b data-testid=\"body-text-bold\">Los aficionados necesitan saber cu\u00e1ndo se celebran las Grandes Vueltas, y no creo que cambiarlas cada a\u00f1o sea bueno para nosotros.<\/b> En mi opini\u00f3n, deber\u00edamos quedarnos como estamos ahora con el Giro, el Tour y la Vuelta\u00bb.<\/p>\n<p><img decoding=\"async\" class=\"text-transparent h-full w-full object-cover\" src=\"https:\/\/www.europesays.com\/es\/wp-content\/uploads\/2025\/12\/image-64769a4e-4780-4165-86e8-5485b842d937-85-2560-1440.png\" alt=\"picture\" data-testid=\"image-high-res\"\/><\/p>\n<p class=\"typo-tk-rs-caption-xs\">Recorrido, etapas y mapa interactivo de La Vuelta 2026: Dureza sin precedentes de M\u00f3naco a Granada<\/p>\n<p class=\"typo-tk-rs-caption-xs\">Autor del v\u00eddeo: Eurosport<\/p>\n<p>*No te pierdas nada de lo que viene en nuestro nuevo hogar de streaming: HBO Max, donde puedes ver todo el ciclismo que viene en 2026, incluidas las tres Grandes Vueltas y los Monumentos.<\/p>\n","protected":false},"excerpt":{"rendered":"El director de La Vuelta llama de nuevo a Pogacar: \u00abEstamos deseando que complete las tres Grandes\u00bb Autor&hellip;\n","protected":false},"author":2,"featured_media":297149,"comment_status":"","ping_status":"","sticky":false,"template":"","format":"standard","meta":{"footnotes":""},"categories":[273],"tags":[313,312,168,25,24,23,167,70754],"class_list":{"0":"post-297148","1":"post","2":"type-post","3":"status-publish","4":"format-standard","5":"has-post-thumbnail","7":"category-ciclismo","8":"tag-ciclismo","9":"tag-cycling","10":"tag-deportes","11":"tag-es","12":"tag-espana","13":"tag-spain","14":"tag-sports","15":"tag-vuelta-a-espana-2026"},"share_on_mastodon":{"url":"https:\/\/pubeurope.com\/@es\/115749515984517891","error":""},"_links":{"self":[{"href":"https:\/\/www.europesays.com\/es\/wp-json\/wp\/v2\/posts\/297148","targetHints":{"allow":["GET"]}}],"collection":[{"href":"https:\/\/www.europesays.com\/es\/wp-json\/wp\/v2\/posts"}],"about":[{"href":"https:\/\/www.europesays.com\/es\/wp-json\/wp\/v2\/types\/post"}],"author":[{"embeddable":true,"href":"https:\/\/www.europesays.com\/es\/wp-json\/wp\/v2\/users\/2"}],"replies":[{"embeddable":true,"href":"https:\/\/www.europesays.com\/es\/wp-json\/wp\/v2\/comments?post=297148"}],"version-history":[{"count":0,"href":"https:\/\/www.europesays.com\/es\/wp-json\/wp\/v2\/posts\/297148\/revisions"}],"wp:featuredmedia":[{"embeddable":true,"href":"https:\/\/www.europesays.com\/es\/wp-json\/wp\/v2\/media\/297149"}],"wp:attachment":[{"href":"https:\/\/www.europesays.com\/es\/wp-json\/wp\/v2\/media?parent=297148"}],"wp:term":[{"taxonomy":"category","embeddable":true,"href":"https:\/\/www.europesays.com\/es\/wp-json\/wp\/v2\/categories?post=297148"},{"taxonomy":"post_tag","embeddable":true,"href":"https:\/\/www.europesays.com\/es\/wp-json\/wp\/v2\/tags?post=297148"}],"curies":[{"name":"wp","href":"https:\/\/api.w.org\/{rel}","templated":true}]}}