{"id":29716,"date":"2025-08-06T15:42:07","date_gmt":"2025-08-06T15:42:07","guid":{"rendered":"https:\/\/www.europesays.com\/es\/29716\/"},"modified":"2025-08-06T15:42:07","modified_gmt":"2025-08-06T15:42:07","slug":"muere-una-mujer-atropellada-en-retiro-cuando-sacaba-un-bulto-del-maletero-de-su-coche-aparcado-en-doble-fila","status":"publish","type":"post","link":"https:\/\/www.europesays.com\/es\/29716\/","title":{"rendered":"Muere una mujer atropellada en Retiro cuando sacaba un bulto del maletero de su coche aparcado en doble fila"},"content":{"rendered":"<p class=\"paragraph\" id=\"paragraph_1\"><a href=\"https:\/\/www.elespanol.com\/madrid\/sociedad\/20250612\/atropello-arganzuela-mujer-grave-arrollada-delicias-camion-basura\/1003743800794_0.html?utm_cmp_rs=linksinline\" rel=\"nofollow noopener\" target=\"_blank\"><strong>Tr\u00e1gico suceso en pleno centro de Madrid<\/strong>.<\/a> Una mujer ha fallecido tras ser arrollada mientras cog\u00eda algo del maletero de su coche que estaba aparcado en doble fila, seg\u00fan informa una portavoz de Emergencias Madrid.<\/p>\n<p class=\"paragraph\" id=\"paragraph_2\">Seg\u00fan relatan las citadas fuentes, los hechos han sucedido hacia las 11.40 horas de este mi\u00e9rcoles en el n\u00famero 159, la calle Doctor Esquerdo,<a href=\"https:\/\/www.elespanol.com\/madrid\/sociedad\/20250612\/atropello-arganzuela-mujer-grave-arrollada-delicias-camion-basura\/1003743800794_0.html?utm_cmp_rs=linksinline\" rel=\"nofollow noopener\" target=\"_blank\"> <strong>en el madrile\u00f1o distrito de Retiro. <\/strong><\/a><\/p>\n<p class=\"paragraph\" id=\"paragraph_3\">La v\u00edctima presentaba m\u00faltiples traumatismos graves y, a la llegada del Samur,<a href=\"https:\/\/www.elespanol.com\/madrid\/sociedad\/20250612\/atropello-arganzuela-mujer-grave-arrollada-delicias-camion-basura\/1003743800794_0.html?utm_cmp_rs=linksinline\" rel=\"nofollow noopener\" target=\"_blank\"><strong> entr\u00f3 en parada cardiorrespiratoria. <\/strong><\/a><\/p>\n<p class=\"paragraph\" id=\"paragraph_4\">Los sanitarios realizaron maniobras de reanimaci\u00f3n cardiopulmonar durante media hora, pero finalmente tuvieron que <strong>confirmar el fallecimiento de la v\u00edctima. <\/strong><\/p>\n<p class=\"paragraph\" id=\"paragraph_5\">Seg\u00fan informan desde Emergencias Madrid, un psic\u00f3logo del Samur <strong>acudi\u00f3 a un domicilio a dar la triste noticia. <\/strong><\/p>\n<p class=\"paragraph\" id=\"paragraph_6\">El conductor del veh\u00edculo que arroll\u00f3 a la mujer<strong> qued\u00f3 a disposici\u00f3n<\/strong> de la Polic\u00eda Municipal de Madrid tras el suceso.<\/p>\n<p class=\"paragraph\" id=\"paragraph_7\">La Polic\u00eda Municipal de Madrid mantiene<strong> una investigaci\u00f3n abierta<\/strong> para esclarecer este atropello mortal y han regulado el tr\u00e1fico en la zona.<\/p>\n","protected":false},"excerpt":{"rendered":"Tr\u00e1gico suceso en pleno centro de Madrid. Una mujer ha fallecido tras ser arrollada mientras cog\u00eda algo del&hellip;\n","protected":false},"author":2,"featured_media":29717,"comment_status":"","ping_status":"","sticky":false,"template":"","format":"standard","meta":{"footnotes":""},"categories":[8],"tags":[17,18,25,24,13,14,11,19,20,205,9,10,15,16,492,23,12,21,22],"class_list":{"0":"post-29716","1":"post","2":"type-post","3":"status-publish","4":"format-standard","5":"has-post-thumbnail","7":"category-espana","8":"tag-breaking-news","9":"tag-breakingnews","10":"tag-es","11":"tag-espana","12":"tag-featured-news","13":"tag-featurednews","14":"tag-headlines","15":"tag-latest-news","16":"tag-latestnews","17":"tag-madrid","18":"tag-news","19":"tag-noticias","20":"tag-noticias-destacadas","21":"tag-noticiasdestacadas","22":"tag-sociedad","23":"tag-spain","24":"tag-titulares","25":"tag-ultimas-noticias","26":"tag-ultimasnoticias"},"share_on_mastodon":{"url":"","error":""},"_links":{"self":[{"href":"https:\/\/www.europesays.com\/es\/wp-json\/wp\/v2\/posts\/29716","targetHints":{"allow":["GET"]}}],"collection":[{"href":"https:\/\/www.europesays.com\/es\/wp-json\/wp\/v2\/posts"}],"about":[{"href":"https:\/\/www.europesays.com\/es\/wp-json\/wp\/v2\/types\/post"}],"author":[{"embeddable":true,"href":"https:\/\/www.europesays.com\/es\/wp-json\/wp\/v2\/users\/2"}],"replies":[{"embeddable":true,"href":"https:\/\/www.europesays.com\/es\/wp-json\/wp\/v2\/comments?post=29716"}],"version-history":[{"count":0,"href":"https:\/\/www.europesays.com\/es\/wp-json\/wp\/v2\/posts\/29716\/revisions"}],"wp:featuredmedia":[{"embeddable":true,"href":"https:\/\/www.europesays.com\/es\/wp-json\/wp\/v2\/media\/29717"}],"wp:attachment":[{"href":"https:\/\/www.europesays.com\/es\/wp-json\/wp\/v2\/media?parent=29716"}],"wp:term":[{"taxonomy":"category","embeddable":true,"href":"https:\/\/www.europesays.com\/es\/wp-json\/wp\/v2\/categories?post=29716"},{"taxonomy":"post_tag","embeddable":true,"href":"https:\/\/www.europesays.com\/es\/wp-json\/wp\/v2\/tags?post=29716"}],"curies":[{"name":"wp","href":"https:\/\/api.w.org\/{rel}","templated":true}]}}