{"id":297161,"date":"2025-12-20T02:32:11","date_gmt":"2025-12-20T02:32:11","guid":{"rendered":"https:\/\/www.europesays.com\/es\/297161\/"},"modified":"2025-12-20T02:32:11","modified_gmt":"2025-12-20T02:32:11","slug":"un-valencia-mejorado-no-sabe-rematar-los-partidos-futbol-deportes","status":"publish","type":"post","link":"https:\/\/www.europesays.com\/es\/297161\/","title":{"rendered":"Un Valencia mejorado no sabe rematar los partidos | F\u00fatbol | Deportes"},"content":{"rendered":"<p><a href=\"https:\/\/resultados.elpais.com\/deportivos\/futbol\/primera\/2025_2026\/directo\/regular_a_17_68644b7766f1b33\" rel=\"nofollow noopener\" target=\"_blank\">Directo<\/a><\/p>\n<p class=\"\"><a href=\"https:\/\/elpais.com\/deportes\/futbol\/2025-12-07\/hugo-duro-evita-con-un-gol-en-el-descuento-un-duro-traspie-del-valencia-ante-el-sevilla.html\" target=\"_self\" rel=\"nofollow noopener\" title=\"https:\/\/elpais.com\/deportes\/futbol\/2025-12-07\/hugo-duro-evita-con-un-gol-en-el-descuento-un-duro-traspie-del-valencia-ante-el-sevilla.html\">Nadie empata m\u00e1s que este Valencia<\/a>, que no termina de despegar porque, a pesar de la evidente mejor\u00eda en su juego, le falta rematar los partidos. Es su cuenta pendiente y la salvaci\u00f3n de un Mallorca que empez\u00f3 dominando el partido pero al que su rival acab\u00f3 aprentando contra las cuerdas. No termina de remontar el equipo de Carlos Corber\u00e1n porque avanza, de empate en empate, con pasitos de hormiga. <\/p>\n<p><img alt=\"Valencia\" decoding=\"auto\" class=\"_re lazyload a_m-h\" height=\"80\" width=\"80\" src=\"https:\/\/www.europesays.com\/es\/wp-content\/uploads\/2025\/12\/1766197929_813_17.png\" loading=\"lazy\"\/><\/p>\n<p>1<\/p>\n<p>1<\/p>\n<p><img alt=\"Mallorca\" decoding=\"auto\" class=\"_re lazyload a_m-h\" height=\"80\" width=\"80\" src=\"https:\/\/www.europesays.com\/es\/wp-content\/uploads\/2025\/10\/11.png\" loading=\"lazy\"\/><\/p>\n<p><b>Goles<\/b> 0-1 min. 22: Samuel Costa. 1-1 min. 52: Hugo Duro.<\/p>\n<p><b>\u00c1rbitro<\/b> Alejandro Quintero Gonz\u00e1lez<\/p>\n<p>Tarjetas amarillas Samuel Costa (min. 46), Corber\u00e1n (min. 51), Filip Ugrinic (min. 66), Leo Rom\u00e1n (min. 78), Mateo Joseph (min. 86) y Hugo Duro (min. 91)<\/p>\n<p class=\"\">El Mallorca mand\u00f3 durante los primeros minutos sobre el Valencia, otra vez perdido despu\u00e9s de algunos partidos potables y sin patr\u00f3n en la zona de creaci\u00f3n. El equipo de Jagoba Arrasate her\u00eda a su rival con los centros desde las bandas. Jan Virgili, r\u00e1pido y escurridizo, encontraba con frecuencia el camino para lanzar centros con mucho peligro para la zaga del Valencia, que, una jornada m\u00e1s, se derrumb\u00f3 en una jugada a bal\u00f3n parado que premi\u00f3 a Samu Costa. <\/p>\n<p class=\"\">Filip Ugrinic intent\u00f3 despuntar en la medular cuando el marcador ya estaba en su contra. El suizo se hizo grande y empez\u00f3 a mover el bal\u00f3n con velocidad e intenci\u00f3n. El despertar de Ugrinic espole\u00f3 al Valencia. El equipo, m\u00e1s peligroso desde que Carlos Corber\u00e1n junta en la punta al vers\u00e1til Lucas Beltran con Hugo Duro, ense\u00f1\u00f3 los dientes y se lanz\u00f3 a por el Mallorca, que sufri\u00f3 lo indecible en los \u00faltimos minutos y que respir\u00f3 cuando escuch\u00f3 el silbato del \u00e1rbitro. <\/p>\n<p class=\"\">La hinchada de Mestalla se tira de los pelos. No hay temporada tranquila en esta casa. Es el sino de este Val\u00e8ncia, un grande convertido en un equipo chico. Un secundario de la Liga que se ha familiarizado con los bajos fondos. Da igual que la propiedad haya logrado juntar a unos cuantos peloteros que tratan bien el bal\u00f3n y que Carlos Corber\u00e1n pareciera el t\u00e9cnico id\u00f3neo para este grupo. Una nueva temporada se puso en marcha y el Valencia volvi\u00f3 a verse anclado en las \u00faltimas posiciones con un f\u00fatbol que no termina de despertar. <\/p>\n<p class=\"\">La presi\u00f3n del Valencia no acus\u00f3 el paso por el vestuario y nada m\u00e1s volver al c\u00e9sped Thierry meti\u00f3 en el \u00e1rea uno de esos balones que tanto gustan a Hugo Duro, un fajador que marc\u00f3 el empate. El Valencia, casi enfurecido, asfixiaba a su rival con la presi\u00f3n y no paraba de soltar golpes, sobre todo por la banda de Luis Rioja y Thierry, contra un Mallorca que era incapaz de salir de su campo. Gay\u00e1 tuvo el segundo a su alcance, pero su cabezazo, tras una nueva internada de Luis Rioja, se fue al poste. La siguiente, ahora un testarazo de Beltr\u00e1n, la desbarat\u00f3 Leo Rom\u00e1n con una gran parada. <\/p>\n<p class=\"\">Faltaba el \u00faltimo gol. Como siempre esta temporada. El Mallorca boqueaba pero resist\u00eda y con los cambios empez\u00f3 a buscar a la contra a Muriqi, el goleador que empezaba a ver la luz despu\u00e9s de muchos minutos totalmente aislado.<\/p>\n","protected":false},"excerpt":{"rendered":"Directo Nadie empata m\u00e1s que este Valencia, que no termina de despegar porque, a pesar de la evidente&hellip;\n","protected":false},"author":2,"featured_media":297162,"comment_status":"","ping_status":"","sticky":false,"template":"","format":"standard","meta":{"footnotes":""},"categories":[93],"tags":[27893,1540,168,1539,25,24,282,1538,27896,23,167,5419],"class_list":{"0":"post-297161","1":"post","2":"type-post","3":"status-publish","4":"format-standard","5":"has-post-thumbnail","7":"category-deportes","8":"tag-carlos-corberan","9":"tag-competiciones","10":"tag-deportes","11":"tag-entrenadores","12":"tag-es","13":"tag-espana","14":"tag-futbol","15":"tag-futbolistas","16":"tag-hugo-duro","17":"tag-spain","18":"tag-sports","19":"tag-valencia-cf"},"share_on_mastodon":{"url":"https:\/\/pubeurope.com\/@es\/115749555498381418","error":""},"_links":{"self":[{"href":"https:\/\/www.europesays.com\/es\/wp-json\/wp\/v2\/posts\/297161","targetHints":{"allow":["GET"]}}],"collection":[{"href":"https:\/\/www.europesays.com\/es\/wp-json\/wp\/v2\/posts"}],"about":[{"href":"https:\/\/www.europesays.com\/es\/wp-json\/wp\/v2\/types\/post"}],"author":[{"embeddable":true,"href":"https:\/\/www.europesays.com\/es\/wp-json\/wp\/v2\/users\/2"}],"replies":[{"embeddable":true,"href":"https:\/\/www.europesays.com\/es\/wp-json\/wp\/v2\/comments?post=297161"}],"version-history":[{"count":0,"href":"https:\/\/www.europesays.com\/es\/wp-json\/wp\/v2\/posts\/297161\/revisions"}],"wp:featuredmedia":[{"embeddable":true,"href":"https:\/\/www.europesays.com\/es\/wp-json\/wp\/v2\/media\/297162"}],"wp:attachment":[{"href":"https:\/\/www.europesays.com\/es\/wp-json\/wp\/v2\/media?parent=297161"}],"wp:term":[{"taxonomy":"category","embeddable":true,"href":"https:\/\/www.europesays.com\/es\/wp-json\/wp\/v2\/categories?post=297161"},{"taxonomy":"post_tag","embeddable":true,"href":"https:\/\/www.europesays.com\/es\/wp-json\/wp\/v2\/tags?post=297161"}],"curies":[{"name":"wp","href":"https:\/\/api.w.org\/{rel}","templated":true}]}}