{"id":297167,"date":"2025-12-20T02:35:15","date_gmt":"2025-12-20T02:35:15","guid":{"rendered":"https:\/\/www.europesays.com\/es\/297167\/"},"modified":"2025-12-20T02:35:15","modified_gmt":"2025-12-20T02:35:15","slug":"amd-prepara-el-terreno-para-zen-6-con-soporte-oficial-en-gcc-16-antes-de-su-lanzamiento","status":"publish","type":"post","link":"https:\/\/www.europesays.com\/es\/297167\/","title":{"rendered":"AMD prepara el terreno para Zen 6 con soporte oficial en GCC 16 antes de su lanzamiento"},"content":{"rendered":"<p>&#13;<br \/>\n\t\t\t\t\tCompartir<a href=\"#\" class=\"penci-post-like penci_post-meta_item  single-like-button penci-social-item like\" data-post_id=\"163082\" title=\"Like\" data-like=\"Like\" data-unlike=\"Unlike\">0<\/a><a class=\"penci-social-item facebook\" target=\"_blank\" rel=\"noopener nofollow\" title=\"\" href=\"https:\/\/www.facebook.com\/sharer\/sharer.php?u=https%3A%2F%2Fwww.madboxpc.com%2Famd-zen-6-soporte-gcc-16-optimizacion-software%2F\"><\/a><a class=\"penci-social-item twitter\" target=\"_blank\" rel=\"noopener nofollow\" title=\"\" href=\"https:\/\/twitter.com\/intent\/tweet?text=AMD%20prepara%20el%20terreno%20para%20Zen%206%20con%20soporte%20oficial%20en%20GCC%2016%20antes%20de%20su%20lanzamiento%20-%20https:\/\/www.madboxpc.com\/amd-zen-6-soporte-gcc-16-optimizacion-software\/\"><\/a><a class=\"penci-social-item pinterest\" target=\"_blank\" rel=\"noopener nofollow\" title=\"\" href=\"https:\/\/pinterest.com\/pin\/create\/button?url=https%3A%2F%2Fwww.madboxpc.com%2Famd-zen-6-soporte-gcc-16-optimizacion-software%2F&amp;media=https%3A%2F%2Fwww.madboxpc.com%2Fwp-content%2Fuploads%2F2025%2F12%2Famd_zen_6.jpg&amp;description=AMD%20prepara%20el%20terreno%20para%20Zen%206%20con%20soporte%20oficial%20en%20GCC%2016%20antes%20de%20su%20lanzamiento\"><\/a><a class=\"penci-social-item linkedin\" target=\"_blank\" rel=\"noopener nofollow\" title=\"\" href=\"https:\/\/www.linkedin.com\/shareArticle?mini=true&amp;url=https%3A%2F%2Fwww.madboxpc.com%2Famd-zen-6-soporte-gcc-16-optimizacion-software%2F&amp;title=AMD%20prepara%20el%20terreno%20para%20Zen%206%20con%20soporte%20oficial%20en%20GCC%2016%20antes%20de%20su%20lanzamiento\"><\/a><a class=\"penci-social-item tumblr\" target=\"_blank\" rel=\"noopener nofollow\" title=\"\" href=\"https:\/\/www.tumblr.com\/share\/link?url=https%3A%2F%2Fwww.madboxpc.com%2Famd-zen-6-soporte-gcc-16-optimizacion-software%2F&amp;name=AMD%20prepara%20el%20terreno%20para%20Zen%206%20con%20soporte%20oficial%20en%20GCC%2016%20antes%20de%20su%20lanzamiento\"><\/a><a class=\"penci-social-item whatsapp\" rel=\"noopener\" data-text=\"AMD prepara el terreno para Zen 6 con soporte oficial en GCC 16 antes de su lanzamiento\" data-link=\"https:\/\/www.madboxpc.com\/amd-zen-6-soporte-gcc-16-optimizacion-software\/\" href=\"#\"><\/a><a class=\"penci-social-item email\" target=\"_blank\" rel=\"noopener nofollow\" href=\"http:\/\/www.madboxpc.com\/cdn-cgi\/l\/email-protection#4d723e382f27282e39700c0009687f7d3d3f283d2c3f2c687f7d2821687f7d39283f3f282322687f7d3d2c3f2c687f7d172823687f7d7b687f7d2e2223687f7d3e223d223f3928687f7d222b242e242c21687f7d2823687f7d0a0e0e687f7d7c7b687f7d2c2339283e687f7d2928687f7d3e38687f7d212c23372c2024282339226b6e7d7e75760f020914702539393d3e7762623a3a3a63202c292f22353d2e632e2220622c202960372823607b603e223d223f3928602a2e2e607c7b60223d39242024372c2e242223603e222b393a2c3f2862\"><\/a>\t\t\t\t\t<\/p>\n<p data-start=\"93\" data-end=\"546\"><strong data-start=\"93\" data-end=\"100\">AMD<\/strong> dio un paso clave en la preparaci\u00f3n de su pr\u00f3xima arquitectura <strong data-start=\"164\" data-end=\"173\">Zen 6<\/strong> al integrar soporte oficial en el <a href=\"https:\/\/gcc.gnu.org\/git\/?p=gcc.git;a=commit;h=b40f769c2f6c8544453fc412ac0101191c33a365\" target=\"_blank\" rel=\"noopener nofollow\"><strong data-start=\"208\" data-end=\"247\">compilador de c\u00f3digo abierto GCC 16<\/strong><\/a>, una de las herramientas m\u00e1s utilizadas por desarrolladores para traducir c\u00f3digo fuente en binarios optimizados. Este movimiento confirma que la compa\u00f1\u00eda est\u00e1 avanzando de forma anticipada en el <strong data-start=\"443\" data-end=\"473\">soporte del software stack<\/strong>, un factor cr\u00edtico para el rendimiento real de los futuros procesadores.<\/p>\n<p data-start=\"548\" data-end=\"1001\">El nuevo soporte, identificado como <strong data-start=\"584\" data-end=\"596\">\u201cznver6\u201d<\/strong>, ya fue integrado en el repositorio principal de <strong data-start=\"646\" data-end=\"653\">GCC<\/strong> y estar\u00e1 habilitado por defecto en <strong data-start=\"689\" data-end=\"701\">GCC 16.1<\/strong>, cuya llegada est\u00e1 prevista para <strong data-start=\"735\" data-end=\"758\">marzo\u2013abril de 2026<\/strong>. Al incorporar una arquitectura espec\u00edfica, el compilador puede <strong data-start=\"823\" data-end=\"860\">generar instrucciones optimizadas<\/strong> que aprovechan mejor las capacidades del procesador, mejorando el <strong data-start=\"927\" data-end=\"940\">desempe\u00f1o<\/strong>, la <strong data-start=\"945\" data-end=\"959\">eficiencia<\/strong> y la <strong data-start=\"965\" data-end=\"980\">estabilidad<\/strong> de las aplicaciones.<\/p>\n<p data-start=\"548\" data-end=\"1001\"><img data-recalc-dims=\"1\" loading=\"lazy\" decoding=\"async\" class=\"aligncenter size-full wp-image-163083\" src=\"https:\/\/www.europesays.com\/es\/wp-content\/uploads\/2025\/12\/amd_zen6_git_gcc_commit.jpg\" alt=\"\" width=\"394\" height=\"175\"  \/><\/p>\n<p data-start=\"1003\" data-end=\"1445\">La arquitectura <strong data-start=\"1019\" data-end=\"1028\">Zen 6<\/strong> ser\u00e1 utilizada tanto en los <strong data-start=\"1057\" data-end=\"1088\">Ryzen de pr\u00f3xima generaci\u00f3n<\/strong> como en la familia <strong data-start=\"1108\" data-end=\"1116\">EPYC<\/strong> para <strong data-start=\"1122\" data-end=\"1142\">centros de datos<\/strong>, ambos con lanzamiento esperado m\u00e1s adelante en 2026. Por ello, contar con <strong data-start=\"1218\" data-end=\"1262\">soporte de compilador antes del hardware<\/strong> permite que desarrolladores y proveedores de sistemas operativos comiencen a <strong data-start=\"1340\" data-end=\"1379\">optimizar software con anticipaci\u00f3n<\/strong>, reduciendo problemas y cuellos de botella en el debut comercial.<\/p>\n<p data-start=\"1447\" data-end=\"1819\">Aunque esta primera integraci\u00f3n no incluye todav\u00eda <strong data-start=\"1498\" data-end=\"1540\">todos los ajustes finos de rendimiento<\/strong>, AMD y la comunidad de desarrollo continuar\u00e1n incorporando mejoras progresivas en los pr\u00f3ximos meses. Aun as\u00ed, la inclusi\u00f3n temprana en <strong data-start=\"1677\" data-end=\"1687\">GCC 16<\/strong> sienta una <strong data-start=\"1699\" data-end=\"1742\">base s\u00f3lida para futuras optimizaciones<\/strong> y refleja una estrategia alineada con las mejores pr\u00e1cticas de la industria.<\/p>\n<p data-start=\"1447\" data-end=\"1819\">Fuente: <a href=\"https:\/\/www.phoronix.com\/news\/AMD-Zen-6-znver6-GCC-16\" target=\"_blank\" rel=\"noopener nofollow\">Phoronix<\/a><\/p>\n<p>\t\t\t\t\t&#13;<br \/>\n\t\t\t\t\t\tCompartir<a href=\"#\" class=\"penci-post-like penci_post-meta_item  single-like-button penci-social-item like\" data-post_id=\"163082\" title=\"Like\" data-like=\"Like\" data-unlike=\"Unlike\">0<\/a><a class=\"penci-social-item facebook\" target=\"_blank\" rel=\"noopener nofollow\" title=\"\" href=\"https:\/\/www.facebook.com\/sharer\/sharer.php?u=https%3A%2F%2Fwww.madboxpc.com%2Famd-zen-6-soporte-gcc-16-optimizacion-software%2F\"><\/a><a class=\"penci-social-item twitter\" target=\"_blank\" rel=\"noopener nofollow\" title=\"\" href=\"https:\/\/twitter.com\/intent\/tweet?text=AMD%20prepara%20el%20terreno%20para%20Zen%206%20con%20soporte%20oficial%20en%20GCC%2016%20antes%20de%20su%20lanzamiento%20-%20https:\/\/www.madboxpc.com\/amd-zen-6-soporte-gcc-16-optimizacion-software\/\"><\/a><a class=\"penci-social-item pinterest\" target=\"_blank\" rel=\"noopener nofollow\" title=\"\" href=\"https:\/\/pinterest.com\/pin\/create\/button?url=https%3A%2F%2Fwww.madboxpc.com%2Famd-zen-6-soporte-gcc-16-optimizacion-software%2F&amp;media=https%3A%2F%2Fwww.madboxpc.com%2Fwp-content%2Fuploads%2F2025%2F12%2Famd_zen_6.jpg&amp;description=AMD%20prepara%20el%20terreno%20para%20Zen%206%20con%20soporte%20oficial%20en%20GCC%2016%20antes%20de%20su%20lanzamiento\"><\/a><a class=\"penci-social-item linkedin\" target=\"_blank\" rel=\"noopener nofollow\" title=\"\" href=\"https:\/\/www.linkedin.com\/shareArticle?mini=true&amp;url=https%3A%2F%2Fwww.madboxpc.com%2Famd-zen-6-soporte-gcc-16-optimizacion-software%2F&amp;title=AMD%20prepara%20el%20terreno%20para%20Zen%206%20con%20soporte%20oficial%20en%20GCC%2016%20antes%20de%20su%20lanzamiento\"><\/a><a class=\"penci-social-item tumblr\" target=\"_blank\" rel=\"noopener nofollow\" title=\"\" href=\"https:\/\/www.tumblr.com\/share\/link?url=https%3A%2F%2Fwww.madboxpc.com%2Famd-zen-6-soporte-gcc-16-optimizacion-software%2F&amp;name=AMD%20prepara%20el%20terreno%20para%20Zen%206%20con%20soporte%20oficial%20en%20GCC%2016%20antes%20de%20su%20lanzamiento\"><\/a><a class=\"penci-social-item whatsapp\" rel=\"noopener\" data-text=\"AMD prepara el terreno para Zen 6 con soporte oficial en GCC 16 antes de su lanzamiento\" data-link=\"https:\/\/www.madboxpc.com\/amd-zen-6-soporte-gcc-16-optimizacion-software\/\" href=\"#\"><\/a><a class=\"penci-social-item email\" target=\"_blank\" rel=\"noopener nofollow\" href=\"http:\/\/www.madboxpc.com\/cdn-cgi\/l\/email-protection#dfe0acaabdb5babcabe29e929bfaedefafadbaafbeadbefaedefbab3faedefabbaadadbab1b0faedefafbeadbefaedef85bab1faedefe9faedefbcb0b1faedefacb0afb0adabbafaedefb0b9b6bcb6beb3faedefbab1faedef989c9cfaedefeee9faedefbeb1abbaacfaedefbbbafaedefacaafaedefb3beb1a5beb2b6bab1abb0f9fcefece7e49d909b86e2b7ababaface5f0f0a8a8a8f1b2bebbbdb0a7afbcf1bcb0b2f0beb2bbf2a5bab1f2e9f2acb0afb0adabbaf2b8bcbcf2eee9f2b0afabb6b2b6a5bebcb6b0b1f2acb0b9aba8beadbaf0\"><\/a>\t\t\t\t\t&#13;<br \/>\n\t\t\t\t<script async src=\"https:\/\/platform.twitter.com\/widgets.js\" charset=\"utf-8\"><\/script><\/p>\n","protected":false},"excerpt":{"rendered":"&#13; Compartir0 AMD dio un paso clave en la preparaci\u00f3n de su pr\u00f3xima arquitectura Zen 6 al integrar&hellip;\n","protected":false},"author":2,"featured_media":297168,"comment_status":"","ping_status":"","sticky":false,"template":"","format":"standard","meta":{"footnotes":""},"categories":[81],"tags":[119,123,124,25,24,117,121,122,23,118,120],"class_list":{"0":"post-297167","1":"post","2":"type-post","3":"status-publish","4":"format-standard","5":"has-post-thumbnail","7":"category-ciencia-y-tecnologia","8":"tag-ciencia","9":"tag-ciencia-y-tecnologia","10":"tag-cienciaytecnologia","11":"tag-es","12":"tag-espana","13":"tag-science","14":"tag-science-and-technology","15":"tag-scienceandtechnology","16":"tag-spain","17":"tag-technology","18":"tag-tecnologia"},"share_on_mastodon":{"url":"https:\/\/pubeurope.com\/@es\/115749567361004483","error":""},"_links":{"self":[{"href":"https:\/\/www.europesays.com\/es\/wp-json\/wp\/v2\/posts\/297167","targetHints":{"allow":["GET"]}}],"collection":[{"href":"https:\/\/www.europesays.com\/es\/wp-json\/wp\/v2\/posts"}],"about":[{"href":"https:\/\/www.europesays.com\/es\/wp-json\/wp\/v2\/types\/post"}],"author":[{"embeddable":true,"href":"https:\/\/www.europesays.com\/es\/wp-json\/wp\/v2\/users\/2"}],"replies":[{"embeddable":true,"href":"https:\/\/www.europesays.com\/es\/wp-json\/wp\/v2\/comments?post=297167"}],"version-history":[{"count":0,"href":"https:\/\/www.europesays.com\/es\/wp-json\/wp\/v2\/posts\/297167\/revisions"}],"wp:featuredmedia":[{"embeddable":true,"href":"https:\/\/www.europesays.com\/es\/wp-json\/wp\/v2\/media\/297168"}],"wp:attachment":[{"href":"https:\/\/www.europesays.com\/es\/wp-json\/wp\/v2\/media?parent=297167"}],"wp:term":[{"taxonomy":"category","embeddable":true,"href":"https:\/\/www.europesays.com\/es\/wp-json\/wp\/v2\/categories?post=297167"},{"taxonomy":"post_tag","embeddable":true,"href":"https:\/\/www.europesays.com\/es\/wp-json\/wp\/v2\/tags?post=297167"}],"curies":[{"name":"wp","href":"https:\/\/api.w.org\/{rel}","templated":true}]}}