{"id":297173,"date":"2025-12-20T02:38:37","date_gmt":"2025-12-20T02:38:37","guid":{"rendered":"https:\/\/www.europesays.com\/es\/297173\/"},"modified":"2025-12-20T02:38:37","modified_gmt":"2025-12-20T02:38:37","slug":"la-guardia-urbana-de-badalona-echa-a-los-migrantes-de-la-plaza-donde-habian-acampado-y-les-impide-cocinar-en-la-calle","status":"publish","type":"post","link":"https:\/\/www.europesays.com\/es\/297173\/","title":{"rendered":"La Guardia Urbana de Badalona echa a los migrantes de la plaza donde hab\u00edan acampado y les impide cocinar en la calle"},"content":{"rendered":"<p class=\"article-text\">\n        Los migrantes que llevaban dos noches acampados en la plaza de Badalona (Barcelona) frente al instituto <a href=\"https:\/\/www.eldiario.es\/catalunya\/marcha-badalona-mayor-desalojo-espana-mossos-echan-400-migrantes-vivian-instituto_1_12829117.html\" target=\"_blank\" data-mrf-recirculation=\"links-noticia\" class=\"link\" rel=\"nofollow noopener\">del que fueron desalojados el mi\u00e9rcoles<\/a> han levantado las tiendas de campa\u00f1a tras ser amenazados por la Guardia Urbana de que les echar\u00edan, de nuevo, por la fuerza.\n    <\/p>\n<p class=\"article-text\">\n        La mediaci\u00f3n de voluntarios y militantes del Sindicat d&#8217;Habitatge de Badalona ha evitado el segundo desalojo con antidisturbios en 48 horas, pero los migrantes seguir\u00e1n en la calle porque el consistorio se ha negado a ayudarles. Durante toda la ma\u00f1ana la mediaci\u00f3n ha sido esencial para que no se produjera una actuaci\u00f3n policial contundente. Las patrullas han permanecido toda la ma\u00f1ana controlando a los migrantes, y seg\u00fan han explicado a elDiario.es testigos de los hechos, les han impedido cocinar en la calle.\n    <\/p>\n<p class=\"article-text\">\n        Los voluntarios y entidades han podido mantener \u00fanicamente el punto de recogida de materiales que donan los vecinos para los desalojados (sacos de dormir, tiendas, comida) y proporcionarles tan solo alimentos cocinados en otros lugares.\n    <\/p>\n<p class=\"article-text\">\n        Se espera que la cincuentena de desalojados, si no les dejan volver a acampar esta noche en la misma plaza, lo hagan en otra cercana, pues no tienen otro sitio adonde ir y el Ayuntamiento se niega a proporcionarles un techo de emergencia.\n    <\/p>\n<p class=\"article-text\">\n        De los 400 que lleg\u00f3 a tener el B9, ya solo quedaban algo m\u00e1s de un centenar el mi\u00e9rcoles cuando se consum\u00f3 el desalojo. La mayor\u00eda se hab\u00eda ido marchando en los d\u00edas previos. Muchos no quer\u00edan que llegara la Polic\u00eda, que arrest\u00f3 a 15 personas por no tener los papeles en regla y les ha abierto un procedimiento de expulsi\u00f3n de Espa\u00f1a. <a href=\"https:\/\/www.eldiario.es\/catalunya\/migrantes-albiol-echado-hoy-dormire-calle-badalona-no-desaparecer_1_12853887.html\" target=\"_blank\" data-mrf-recirculation=\"links-noticia\" class=\"link\" rel=\"nofollow noopener\">Casi un centenar de desalojados llevaba dos noches durmiendo al raso<\/a> o en tiendas de campa\u00f1a donadas en una plaza frente al B9 donde permanecieron tras ser expulsados del inmueble donde malviv\u00edan.\n    <\/p>\n<p class=\"article-text\">\n        A las 7.00h. de este viernes, 15 dotaciones de la Guardia Urbana de Badalona, incluidos los antidisturbios, se han desplegado en la plaza y han amenazado a los migrantes con un nuevo desalojo por la fuerza si no se iban antes de las 10.00h. La mediaci\u00f3n del Sindicat d\u2019Habitatge de Badalona y de Badalona Acull ha dado m\u00e1s tiempo a los migrantes para poder recoger sus enseres. Algunos han ido a plazas y calles cercanas.\n    <\/p>\n<p class=\"article-text\">\n        Tanto los propios migrantes como los abogados y colectivos que les apoyan ya hab\u00edan advertido de que el desalojo por la fuerza, consumado el mi\u00e9rcoles, sin dar ninguna alternativa ni apoyo social a los migrantes (en contra de lo ordenado por la jueza) solo agudizar\u00eda el problema y lo trasladar\u00eda a otras zonas de Badalona.\n    <\/p>\n<p class=\"article-text\">\n        Adem\u00e1s de los acampados en la plaza, un grupo de unos 15 migrantes fue realojado en pensiones por C\u00e0ritas, mientras que antes del desalojo el Ayuntamiento de Badalona asegur\u00f3 que hab\u00eda proporcionado un techo de emergencia a otros 16 ocupants del B9. Pero otros grupos de migrantes se han tenido que buscar la vida ante el desamparo institucional y han buscado en las \u00faltimas ocupar otras naves industriales vac\u00edas o dormir directamente en la calle de Badalona y otros municipios metropolitanos.\n    <\/p>\n<p class=\"article-text\">\n        La consellera de Derechos Sociales e Inclusi\u00f3n, M\u00f2nica Mart\u00ednez Bravo, envi\u00f3 este jueves una carta a Albiol para reclamarle abrir de forma inmediata el equipamiento municipal para acoger a las personas sin hogar que el consistorio cerr\u00f3 el a\u00f1o pasado. El alcalde no ha respondido a la conselleria, si bien ha manifestado en todas sus intervenciones p\u00fablicas que lo que quiere es echar de Badalona a todos los migrantes que viv\u00edan en el B9.\n    <\/p>\n<p>    La ONU condena el desalojo<\/p>\n<p class=\"article-text\">\n        Los relatores de la ONU para el derecho a la vivienda y en defensa de los migrantes han condenado el desalojo del antiguo instituto B9 de Badalona, que consideran \u201cuna grave violaci\u00f3n\u201d de las libertades fundamentales, al tiempo de que han censurado el \u201cdiscurso estigmatizador inaceptable\u201d por parte de las autoridades p\u00fablicas contra los migrantes.\n    <\/p>\n<p>    <a href=\"https:\/\/www.eldiario.es\/catalunya\/migrantes-albiol-echado-hoy-dormire-calle-badalona-no-desaparecer_1_12853887.html\" data-mrf-recirculation=\"saber-mas-abajo\" data-dl-event=\"saber-mas-abajo\" rel=\"nofollow noopener\" target=\"_blank\"><\/p>\n<p class=\"know-more__title\">Los migrantes a los que Albiol ha echado: \u201cHoy dormir\u00e9 en la calle de Badalona, porque no voy a desaparecer\u201d\n<\/p>\n<p>            <img decoding=\"async\" class=\"lazy\" loading=\"lazy\" data-src=\"https:\/\/static.eldiario.es\/clip\/067519d7-1966-4d43-a592-0648062f25c1_16-9-aspect-ratio_default_0.jpg\" src=\"data:image\/svg+xml,%3Csvg xmlns=\" http:=\"\" viewbox=\"0 0 880 495\" alt=\"Los migrantes a los que Albiol ha echado: &quot;Hoy dormir\u00e9 en la calle de Badalona, porque no voy a desaparecer&quot;\"\/><\/p>\n<p>                        <\/a><\/p>\n<p class=\"article-text\">\n        \u201cDesalojar a una persona en pleno invierno y dejarla sin hogar constituye una grave violaci\u00f3n del derecho a una vivienda adecuada\u201d y tambi\u00e9n puede constituir un \u201ctrato cruel, inhumano o degradante\u201d, han se\u00f1alado en un comunicado el relator para la vivienda, Balakrishnan Rajagopal, y su hom\u00f3logo para los migrantes, Gehad Madi.\n    <\/p>\n","protected":false},"excerpt":{"rendered":"Los migrantes que llevaban dos noches acampados en la plaza de Badalona (Barcelona) frente al instituto del que&hellip;\n","protected":false},"author":2,"featured_media":297174,"comment_status":"","ping_status":"","sticky":false,"template":"","format":"standard","meta":{"footnotes":""},"categories":[8],"tags":[517,210,17,18,1980,95,25,24,13,14,11,1982,19,20,9,10,15,16,1981,952,23,12,21,22],"class_list":{"0":"post-297173","1":"post","2":"type-post","3":"status-publish","4":"format-standard","5":"has-post-thumbnail","7":"category-espana","8":"tag-actualidad","9":"tag-barcelona","10":"tag-breaking-news","11":"tag-breakingnews","12":"tag-cataluna","13":"tag-economia","14":"tag-es","15":"tag-espana","16":"tag-featured-news","17":"tag-featurednews","18":"tag-headlines","19":"tag-ignacio-escolar","20":"tag-latest-news","21":"tag-latestnews","22":"tag-news","23":"tag-noticias","24":"tag-noticias-destacadas","25":"tag-noticiasdestacadas","26":"tag-periodismo-independiente","27":"tag-politica","28":"tag-spain","29":"tag-titulares","30":"tag-ultimas-noticias","31":"tag-ultimasnoticias"},"share_on_mastodon":{"url":"https:\/\/pubeurope.com\/@es\/115749578608682646","error":""},"_links":{"self":[{"href":"https:\/\/www.europesays.com\/es\/wp-json\/wp\/v2\/posts\/297173","targetHints":{"allow":["GET"]}}],"collection":[{"href":"https:\/\/www.europesays.com\/es\/wp-json\/wp\/v2\/posts"}],"about":[{"href":"https:\/\/www.europesays.com\/es\/wp-json\/wp\/v2\/types\/post"}],"author":[{"embeddable":true,"href":"https:\/\/www.europesays.com\/es\/wp-json\/wp\/v2\/users\/2"}],"replies":[{"embeddable":true,"href":"https:\/\/www.europesays.com\/es\/wp-json\/wp\/v2\/comments?post=297173"}],"version-history":[{"count":0,"href":"https:\/\/www.europesays.com\/es\/wp-json\/wp\/v2\/posts\/297173\/revisions"}],"wp:featuredmedia":[{"embeddable":true,"href":"https:\/\/www.europesays.com\/es\/wp-json\/wp\/v2\/media\/297174"}],"wp:attachment":[{"href":"https:\/\/www.europesays.com\/es\/wp-json\/wp\/v2\/media?parent=297173"}],"wp:term":[{"taxonomy":"category","embeddable":true,"href":"https:\/\/www.europesays.com\/es\/wp-json\/wp\/v2\/categories?post=297173"},{"taxonomy":"post_tag","embeddable":true,"href":"https:\/\/www.europesays.com\/es\/wp-json\/wp\/v2\/tags?post=297173"}],"curies":[{"name":"wp","href":"https:\/\/api.w.org\/{rel}","templated":true}]}}