{"id":297175,"date":"2025-12-20T02:39:32","date_gmt":"2025-12-20T02:39:32","guid":{"rendered":"https:\/\/www.europesays.com\/es\/297175\/"},"modified":"2025-12-20T02:39:32","modified_gmt":"2025-12-20T02:39:32","slug":"pacientes-del-hospital-publico-dr-rodriguez-lafora-disfrutan-del-alumbrado-navideno-de-madrid","status":"publish","type":"post","link":"https:\/\/www.europesays.com\/es\/297175\/","title":{"rendered":"Pacientes del Hospital p\u00fablico Dr. Rodr\u00edguez Lafora disfrutan del alumbrado navide\u00f1o de Madrid"},"content":{"rendered":"<p>La iniciativa, desarrollada\u00a0el\u00a017 de diciembre,\u00a0ha sido posible gracias a la colaboraci\u00f3n del Consorcio Regional de Transportes de Madrid (CRTM), que ha puesto a disposici\u00f3n del hospital dos autobuses interurbanos, del operador Alsa, de manera extraordinaria para facilitar el traslado de los participantes.<\/p>\n<p>La iniciativa forma parte del programa de actividades navide\u00f1as del hospital, orientado a promover el bienestar emocional, la integraci\u00f3n social y la convivencia de las personas atendidas en sus distintas unidades, y ha permitido que los pacientes puedan disfrutar del ambiente festivo de Madrid en un entorno seguro, accesible y adaptado a sus necesidades.<\/p>\n<p>El recorrido ha incluido algunos de los puntos m\u00e1s emblem\u00e1ticos del alumbrado madrile\u00f1o, como el paseo de la Castellana, la plaza de Cibeles, la plaza de Neptuno, el paseo del Prado, la ronda de Atocha y\u00a0la plaza de Col\u00f3n, con un trayecto especial planificado por el Consorcio Regional de Transportes de Madrid.<\/p>\n<p>\u201cPara muchos de nuestros pacientes, vivir la Navidad fuera del entorno hospitalario es un momento muy especial. Gracias al Consorcio Regional de Transportes podemos ofrecerles una experiencia normalizada, inclusiva y llena de ilusi\u00f3n\u201d, ha se\u00f1alado la gerente del Hospital Universitario Doctor Rodr\u00edguez Lafora, Diana Molina Villaverde.<\/p>\n<p>De esta forma, el Hospital p\u00fablico Universitario Doctor Rodr\u00edguez Lafora contin\u00faa reforzando su compromiso con un enfoque integral de la salud mental que combina atenci\u00f3n cl\u00ednica, rehabilitaci\u00f3n psicosocial y actividades comunitarias dise\u00f1adas para mejorar la calidad de vida de sus pacientes.<\/p>\n","protected":false},"excerpt":{"rendered":"La iniciativa, desarrollada\u00a0el\u00a017 de diciembre,\u00a0ha sido posible gracias a la colaboraci\u00f3n del Consorcio Regional de Transportes de Madrid&hellip;\n","protected":false},"author":2,"featured_media":297176,"comment_status":"","ping_status":"","sticky":false,"template":"","format":"standard","meta":{"footnotes":""},"categories":[5],"tags":[17,18,25,24,13,14,11,19,20,9,10,15,16,23,12,21,22],"class_list":{"0":"post-297175","1":"post","2":"type-post","3":"status-publish","4":"format-standard","5":"has-post-thumbnail","7":"category-titulares","8":"tag-breaking-news","9":"tag-breakingnews","10":"tag-es","11":"tag-espana","12":"tag-featured-news","13":"tag-featurednews","14":"tag-headlines","15":"tag-latest-news","16":"tag-latestnews","17":"tag-news","18":"tag-noticias","19":"tag-noticias-destacadas","20":"tag-noticiasdestacadas","21":"tag-spain","22":"tag-titulares","23":"tag-ultimas-noticias","24":"tag-ultimasnoticias"},"share_on_mastodon":{"url":"https:\/\/pubeurope.com\/@es\/115749582498135634","error":""},"_links":{"self":[{"href":"https:\/\/www.europesays.com\/es\/wp-json\/wp\/v2\/posts\/297175","targetHints":{"allow":["GET"]}}],"collection":[{"href":"https:\/\/www.europesays.com\/es\/wp-json\/wp\/v2\/posts"}],"about":[{"href":"https:\/\/www.europesays.com\/es\/wp-json\/wp\/v2\/types\/post"}],"author":[{"embeddable":true,"href":"https:\/\/www.europesays.com\/es\/wp-json\/wp\/v2\/users\/2"}],"replies":[{"embeddable":true,"href":"https:\/\/www.europesays.com\/es\/wp-json\/wp\/v2\/comments?post=297175"}],"version-history":[{"count":0,"href":"https:\/\/www.europesays.com\/es\/wp-json\/wp\/v2\/posts\/297175\/revisions"}],"wp:featuredmedia":[{"embeddable":true,"href":"https:\/\/www.europesays.com\/es\/wp-json\/wp\/v2\/media\/297176"}],"wp:attachment":[{"href":"https:\/\/www.europesays.com\/es\/wp-json\/wp\/v2\/media?parent=297175"}],"wp:term":[{"taxonomy":"category","embeddable":true,"href":"https:\/\/www.europesays.com\/es\/wp-json\/wp\/v2\/categories?post=297175"},{"taxonomy":"post_tag","embeddable":true,"href":"https:\/\/www.europesays.com\/es\/wp-json\/wp\/v2\/tags?post=297175"}],"curies":[{"name":"wp","href":"https:\/\/api.w.org\/{rel}","templated":true}]}}