{"id":297177,"date":"2025-12-20T02:47:10","date_gmt":"2025-12-20T02:47:10","guid":{"rendered":"https:\/\/www.europesays.com\/es\/297177\/"},"modified":"2025-12-20T02:47:10","modified_gmt":"2025-12-20T02:47:10","slug":"comunicado-medico-sobre-la-lesion-de-clyburn","status":"publish","type":"post","link":"https:\/\/www.europesays.com\/es\/297177\/","title":{"rendered":"Comunicado m\u00e9dico sobre la lesi\u00f3n de Clyburn"},"content":{"rendered":"<p class=\"ft-text\">El <strong>Bar\u00e7a<\/strong> ha emitido un comunicado m\u00e9dico <strong>sobre la lesi\u00f3n de Will Clyburn<\/strong>, que no pudo seguir en el duelo ante Kosner Baskonia. El estadounidense lider\u00f3 un ataque blaugrana, <strong>pero al finalizarlo pidi\u00f3 directamente el cambio a Xavi Pascual.<\/strong> Algo hab\u00eda notado. Tras salir de pista, se dirigi\u00f3 directamente a los vestuarios y regres\u00f3 vestido con el ch\u00e1ndal del equipo.<\/p>\n<p class=\"ft-text\">\u00ab<strong>Will Clyburn no volver\u00e1 a participar en el Bar\u00e7a &#8211; Kosner Baskonia por dolor en los isquiotibiales de la pierna izquierda. Pendiente de pruebas m\u00e9dicas<\/strong>\u00ab, confirmaba el comunicado cul\u00e9. Clyburn estaba siendo importante en el partido, con 12 puntos y dos rebotes en 20 minutos de encuentro. El calendario no perdona, por lo que cualquier lesi\u00f3n le dejar\u00eda fuera durante varios partidos.<\/p>\n","protected":false},"excerpt":{"rendered":"El Bar\u00e7a ha emitido un comunicado m\u00e9dico sobre la lesi\u00f3n de Will Clyburn, que no pudo seguir en&hellip;\n","protected":false},"author":2,"featured_media":297178,"comment_status":"","ping_status":"","sticky":false,"template":"","format":"standard","meta":{"footnotes":""},"categories":[269],"tags":[299,2296,298,6111,168,25,24,23,167],"class_list":{"0":"post-297177","1":"post","2":"type-post","3":"status-publish","4":"format-standard","5":"has-post-thumbnail","7":"category-baloncesto","8":"tag-baloncesto","9":"tag-barca","10":"tag-basketball","11":"tag-clyburn","12":"tag-deportes","13":"tag-es","14":"tag-espana","15":"tag-spain","16":"tag-sports"},"share_on_mastodon":{"url":"https:\/\/pubeurope.com\/@es\/115749614063252330","error":""},"_links":{"self":[{"href":"https:\/\/www.europesays.com\/es\/wp-json\/wp\/v2\/posts\/297177","targetHints":{"allow":["GET"]}}],"collection":[{"href":"https:\/\/www.europesays.com\/es\/wp-json\/wp\/v2\/posts"}],"about":[{"href":"https:\/\/www.europesays.com\/es\/wp-json\/wp\/v2\/types\/post"}],"author":[{"embeddable":true,"href":"https:\/\/www.europesays.com\/es\/wp-json\/wp\/v2\/users\/2"}],"replies":[{"embeddable":true,"href":"https:\/\/www.europesays.com\/es\/wp-json\/wp\/v2\/comments?post=297177"}],"version-history":[{"count":0,"href":"https:\/\/www.europesays.com\/es\/wp-json\/wp\/v2\/posts\/297177\/revisions"}],"wp:featuredmedia":[{"embeddable":true,"href":"https:\/\/www.europesays.com\/es\/wp-json\/wp\/v2\/media\/297178"}],"wp:attachment":[{"href":"https:\/\/www.europesays.com\/es\/wp-json\/wp\/v2\/media?parent=297177"}],"wp:term":[{"taxonomy":"category","embeddable":true,"href":"https:\/\/www.europesays.com\/es\/wp-json\/wp\/v2\/categories?post=297177"},{"taxonomy":"post_tag","embeddable":true,"href":"https:\/\/www.europesays.com\/es\/wp-json\/wp\/v2\/tags?post=297177"}],"curies":[{"name":"wp","href":"https:\/\/api.w.org\/{rel}","templated":true}]}}