{"id":297179,"date":"2025-12-20T02:48:10","date_gmt":"2025-12-20T02:48:10","guid":{"rendered":"https:\/\/www.europesays.com\/es\/297179\/"},"modified":"2025-12-20T02:48:10","modified_gmt":"2025-12-20T02:48:10","slug":"debe-volver-dubasin-al-11-del-sporting-elige-tu-alineacion-para-ganar-al-leganes","status":"publish","type":"post","link":"https:\/\/www.europesays.com\/es\/297179\/","title":{"rendered":"\u00bfDebe volver Dubasin al 11 del Sporting? Elige tu alineaci\u00f3n para ganar al Legan\u00e9s"},"content":{"rendered":"<p>\t\t\t\t\t\tLa Voz de Asturias pulsa la opini\u00f3n de la afici\u00f3n sportinguista<br \/>\n\t\t\t\t\t\t<strong>19 dic 2025<\/strong> . Actualizado a las 23:06 h.\t\t\t\t\t\t<\/p>\n<p class=\"first-paragraph txt\">El <strong>Real Sporting de Gij\u00f3n<\/strong>\u00a0disputar\u00e1 desde las<strong>\u00a018:30 horas <\/strong>de este s\u00e1bado una nueva jornada liguera. Los rojiblancos visitar\u00e1n al <strong>Legan\u00e9s <\/strong>lejos de\u00a0El Molin\u00f3n &#8211; Enrique Castro &#8216;Quini&#8217;. Desde La Voz de Asturias\u00a0consultamos a la afici\u00f3n sportinguista sobre el\u00a0once que debe utilizar\u00a0<strong>Borja Jim\u00e9nez.<\/strong><\/p>\n<p class=\"txt\">La encuesta ofrece\u00a0todas las variantes t\u00e1cticas posibles\u00a0en funci\u00f3n de la selecci\u00f3n de jugadores. Entre las opciones a elegir se encuentran todos los futbolistas\u00a0convocados por <a class=\"link-txt\" href=\"https:\/\/www.lavozdeasturias.es\/noticia\/sporting1905\/2025\/12\/19\/borja-estudia-dar-salidas-jugar-olivan-explica-situacion-kembo-entra-convocatoria-sporting-decision-tecnica\/00031766143198205427424.htm\" rel=\"nofollow noopener\" target=\"_blank\">Jim\u00e9nez<\/a>,\u00a0por lo que\u00a0selecciona 11 nombres y pulsa el bot\u00f3n rojo &#8216;enviar&#8217;\u00a0que aparece al final de la encuesta para enviarlo.<\/p>\n<p class=\"ladillo\">Declaraciones del entrenador interino del\u00a0Legan\u00e9s, Igor Oca<\/p>\n<p class=\"txt\">\u00abRecuperamos a Pauwels y a Marvel tras cumplir sanci\u00f3n. Seguimos con Pulido, Figueredo y Rub\u00e9n Pe\u00f1a. Los dem\u00e1s est\u00e1n a disposici\u00f3n, en mejor o peor medida, pero a disposici\u00f3n\u00bb<\/p>\n<p class=\"txt\">\u00abEl Sporting est\u00e1 enganchado al playoff, en trayectoria ascendente y con la idea de un entrenador que ha generado un cambio. No creo que influya la Copa, trataron de competir, pero pusieron el foco en la competici\u00f3n de Liga. Mucha complejidad. Creo que la vuelta de Borja ser\u00e1 especial y no s\u00e9 si le har\u00e1 prestar m\u00e1s atenci\u00f3n\u00bb<\/p>\n<p class=\"txt\">\u00abEl Sporting es un equipo ordenado, con las ideas claras, muy pr\u00e1ctico. Tendremos que llevar la iniciativa y ser tremendamente valientes, con y sin bal\u00f3n. Reducir el tiempo de no tenerlo y recuperar arriba\u00bb<\/p>\n<p class=\"txt\">&#13;<br \/>\n\t\t&#13;<br \/>\n\t\t\t&#13;<br \/>\n\t\t&#13;<br \/>\n\t\t&#13;<br \/>\n\t\t&#13;<br \/>\n\t\t\t\t\t\t\t\t\t\t\t\t&#13;<br \/>\n\t\t\t\t\t\t\t\t&#13;<br \/>\n&#13;<br \/>\n&#13;<\/p>\n<p>\t\t\t&#13;<br \/>\n\t&#13;<\/p>\n<p>\t\t\t<a href=\"https:\/\/www.lavozdeasturias.es\/noticia\/sporting1905\/2025\/12\/18\/sporting-intenta-fichar-izeta-reivindica-athletic-jugador-aprovechable-aseguro-valverde\/00031766092571697358974.htm\" data-analytics=\"link-embed\" rel=\"nofollow noopener\" target=\"_blank\">El Sporting intenta fichar a Izeta, que se reivindica en el Athletic: \u00abEs un jugador aprovechable\u00bb, asegur\u00f3 Valverde<\/a><\/p>\n<p class=\"a-min-author\">\n<p>\t\t\t\t\t\t\t\t\t\t\tDani Souto<\/p>\n<p>\t&#13;<br \/>\n\t&#13;<br \/>\n&#13;<br \/>\n\t\t\t\t&#13;<br \/>\n\t\t\t\t&#13;<br \/>\n\t&#13;<br \/>\n\t\t\t&#13;<br \/>\n\t\t\t&#13;<br \/>\n\t\t&#13;\n<\/p>\n<p class=\"txt\">\u00abNo tiene nada que demostrar aqu\u00ed Borja Jim\u00e9nez, hizo un grand\u00edsimo trabajo y se siente querido. Quiz\u00e1 pueda tener un puntito de especial, pero a nivel competitivo no cambie nada. Le desearemos lo mejor a partir del pr\u00f3ximo partido\u00bb<\/p>\n<p>&#13;<br \/>\n\tArchivado en:&#13;<br \/>\n\t\t\t\t\t<a href=\"https:\/\/www.lavozdeasturias.es\/temas\/sporting-de-gijon\/\" target=\"_blank\" class=\"mg-l\" rel=\"nofollow noopener\">Sporting de Gij\u00f3n<\/a>&#13;<br \/>\n\t&#13;<\/p>\n","protected":false},"excerpt":{"rendered":"La Voz de Asturias pulsa la opini\u00f3n de la afici\u00f3n sportinguista 19 dic 2025 . Actualizado a las&hellip;\n","protected":false},"author":2,"featured_media":240591,"comment_status":"","ping_status":"","sticky":false,"template":"","format":"standard","meta":{"footnotes":""},"categories":[268],"tags":[168,25,24,280,282,281,23,4783,167],"class_list":{"0":"post-297179","1":"post","2":"type-post","3":"status-publish","4":"format-standard","5":"has-post-thumbnail","7":"category-futbol","8":"tag-deportes","9":"tag-es","10":"tag-espana","11":"tag-football","12":"tag-futbol","13":"tag-soccer","14":"tag-spain","15":"tag-sporting-de-gijon","16":"tag-sports"},"share_on_mastodon":{"url":"https:\/\/pubeurope.com\/@es\/115749617948252126","error":""},"_links":{"self":[{"href":"https:\/\/www.europesays.com\/es\/wp-json\/wp\/v2\/posts\/297179","targetHints":{"allow":["GET"]}}],"collection":[{"href":"https:\/\/www.europesays.com\/es\/wp-json\/wp\/v2\/posts"}],"about":[{"href":"https:\/\/www.europesays.com\/es\/wp-json\/wp\/v2\/types\/post"}],"author":[{"embeddable":true,"href":"https:\/\/www.europesays.com\/es\/wp-json\/wp\/v2\/users\/2"}],"replies":[{"embeddable":true,"href":"https:\/\/www.europesays.com\/es\/wp-json\/wp\/v2\/comments?post=297179"}],"version-history":[{"count":0,"href":"https:\/\/www.europesays.com\/es\/wp-json\/wp\/v2\/posts\/297179\/revisions"}],"wp:featuredmedia":[{"embeddable":true,"href":"https:\/\/www.europesays.com\/es\/wp-json\/wp\/v2\/media\/240591"}],"wp:attachment":[{"href":"https:\/\/www.europesays.com\/es\/wp-json\/wp\/v2\/media?parent=297179"}],"wp:term":[{"taxonomy":"category","embeddable":true,"href":"https:\/\/www.europesays.com\/es\/wp-json\/wp\/v2\/categories?post=297179"},{"taxonomy":"post_tag","embeddable":true,"href":"https:\/\/www.europesays.com\/es\/wp-json\/wp\/v2\/tags?post=297179"}],"curies":[{"name":"wp","href":"https:\/\/api.w.org\/{rel}","templated":true}]}}