{"id":297184,"date":"2025-12-20T02:53:13","date_gmt":"2025-12-20T02:53:13","guid":{"rendered":"https:\/\/www.europesays.com\/es\/297184\/"},"modified":"2025-12-20T02:53:13","modified_gmt":"2025-12-20T02:53:13","slug":"programa-espanol-de-radio-vaticana-celebra-aniversario-con-gratitud","status":"publish","type":"post","link":"https:\/\/www.europesays.com\/es\/297184\/","title":{"rendered":"Programa espa\u00f1ol de Radio Vaticana celebra aniversario con gratitud"},"content":{"rendered":"<p>En un clima de fraternidad, el Sal\u00f3n P\u00edo X del Vaticano fue el escenario de la entrega de distinciones a los empleados y un homenaje especial a la Redacci\u00f3n Espa\u00f1ola por sus aniversarios hist\u00f3ricos.<\/p>\n<p style=\"text-align: justify;\"><b>Vatican News<\/b><\/p>\n<p style=\"text-align: justify;\">El Sal\u00f3n P\u00edo X del Dicasterio para la Comunicaci\u00f3n de la Santa Sede se visti\u00f3 de fiesta este jueves 18 de diciembre. En un encuentro marcado por la cercan\u00eda y el agradecimiento, se llev\u00f3 a cabo la tradicional ceremonia de intercambio de felicitaciones navide\u00f1as, un momento que trasciende lo institucional para convertirse en un abrazo entre quienes, d\u00eda tras d\u00eda, sostienen la misi\u00f3n de difundir la voz del Papa. La jornada no solo fue una pausa en la intensa labor informativa, sino un reconocimiento al coraz\u00f3n palpitante del Dicasterio: sus trabajadores.<\/p>\n<p style=\"text-align: justify;\">La entrega de distinciones puso rostro y nombre al esfuerzo visible en muchos casos y silencioso en varios otros que hace posible el anuncio del Evangelio a trav\u00e9s de las nuevas tecnolog\u00edas y los medios tradicionales.<\/p>\n<p>     <a href=\"https:\/\/www.vaticannews.va\/es\/vaticano\/news\/2025-12\/felicitaciones-navidenas-en-el-dicasterio-para-la-comunicacion.html\" title=\"Intercambio de felicitaciones navide\u00f1as en el Dicasterio para la Comunicaci\u00f3n\" rel=\"nofollow noopener\" target=\"_blank\"><\/p>\n<p>        <img decoding=\"async\" src=\"data:image\/gif;base64,R0lGODlhAQABAIAAAAAAAP\/\/\/yH5BAEAAAAALAAAAAABAAEAAAIBRAA7\" data-original=\"https:\/\/www.vaticannews.va\/content\/dam\/vaticannews\/multimedia\/2025\/dicembre\/18\/WhatsApp-Image-2025-12-18-at-16.06.03-1aem2.jpg\/_jcr_content\/renditions\/cq5dam.thumbnail.cropped.500.281.jpeg\" alt=\"Intercambio de felicitaciones navide\u00f1as en el Dicasterio para la Comunicaci\u00f3n\"\/><\/p>\n<p>      <\/a><\/p>\n<p>\n      Entrega de distinciones a los empleados que se han destacado en su trabajo. La vocaci\u00f3n de ser Iglesia, dijo el prefecto Paolo Ruffini, \u00abes ser tierra buena\u00bb. El secretario, &#8230;\n     <\/p>\n<p style=\"text-align: justify;\">Uno de los momentos m\u00e1s emotivos de la ma\u00f1ana fue el homenaje a la Redacci\u00f3n Espa\u00f1ola de Radio Vaticana, as\u00ed como al programa angl\u00f3fono y franc\u00f3fono por sus respectivos aniversarios. Con el eco de nueve d\u00e9cadas de historia, se confiri\u00f3 una placa conmemorativa que celebra dos hitos fundamentales: los 90 a\u00f1os de la redacci\u00f3n (cumplidos en 2024) y el medio siglo de vida de su programa informativo (que se celebra en 2025). Estos aniversarios no son solo cifras, sino el testimonio de una fidelidad inquebrantable a la verdad y al servicio de la Iglesia en el mundo hispanohablante, adapt\u00e1ndose a los tiempos sin perder su esencia original.<\/p>\n<p style=\"text-align: justify;\">Al recibir estos reconocimientos, el Padre Johan Jos\u00e9 Pacheco Colmenares, responsable de la secci\u00f3n, expres\u00f3 su profunda gratitud en nombre de todo el equipo. Sus palabras resonaron como un compromiso renovado para seguir caminando juntos en la sinodalidad comunicativa, con una menci\u00f3n especial a la comunidad del programa, tanto quienes forman parte en la actualidad como quienes a lo largo de los a\u00f1os han integrado la estructura y contribuido a ella con su profesionalismo y pasi\u00f3n.<\/p>\n<p style=\"text-align: justify;\">Tras el acto formal, los presentes compartieron un breve momento de convivencia, un espacio de di\u00e1logo sencillo y fraterno que reafirm\u00f3 que, m\u00e1s all\u00e1 de las pantallas y los micr\u00f3fonos, el Dicasterio es, ante todo, una familia unida por el deseo de comunicar la alegr\u00eda del Reino.<\/p>\n<p>     <a href=\"https:\/\/www.vaticannews.va\/es\/papa\/news\/2025-10\/el-papa-a-los-medios-de-comunicacion-vaticanos-tender-la-red.html\" title=\"El Papa a los medios vaticanos: tender la red hasta los confines del mundo\" rel=\"nofollow noopener\" target=\"_blank\"><\/p>\n<p>        <img decoding=\"async\" src=\"data:image\/gif;base64,R0lGODlhAQABAIAAAAAAAP\/\/\/yH5BAEAAAAALAAAAAABAAEAAAIBRAA7\" data-original=\"https:\/\/www.vaticannews.va\/content\/dam\/vaticannews\/agenzie\/images\/srv\/2025\/10\/11\/2025-10-11-incontro-con-i-dipendenti-del-dicastero-della-comunic\/1760196692589.JPG\/_jcr_content\/renditions\/cq5dam.thumbnail.cropped.500.281.jpeg\" alt=\"El Papa a los medios vaticanos: tender la red hasta los confines del mundo\"\/><\/p>\n<p>      <\/a><\/p>\n<p>\n      El Pont\u00edfice se ha reunido esta tarde, 11 de octubre, en la Palazzina Leone XIII, sede hist\u00f3rica de Radio Vaticano, con los empleados del Dicasterio para la Comunicaci\u00f3n para un &#8230;\n     <\/p>\n","protected":false},"excerpt":{"rendered":"En un clima de fraternidad, el Sal\u00f3n P\u00edo X del Vaticano fue el escenario de la entrega de&hellip;\n","protected":false},"author":2,"featured_media":297185,"comment_status":"","ping_status":"","sticky":false,"template":"","format":"standard","meta":{"footnotes":""},"categories":[170],"tags":[66753,24516,9807,38237,146,147,25,24,5782,2950,184,185,2951,59502,12631,23],"class_list":{"0":"post-297184","1":"post","2":"type-post","3":"status-publish","4":"format-standard","5":"has-post-thumbnail","7":"category-musica","8":"tag-adviento","9":"tag-america-latina","10":"tag-aniversario","11":"tag-dicasterio-para-la-comunicacion","12":"tag-entertainment","13":"tag-entretenimiento","14":"tag-es","15":"tag-espana","16":"tag-jesus","17":"tag-medios-de-comunicacion","18":"tag-music","19":"tag-musica","20":"tag-navidad","21":"tag-radio-vaticano","22":"tag-santa-sede","23":"tag-spain"},"share_on_mastodon":{"url":"https:\/\/pubeurope.com\/@es\/115749637666502418","error":""},"_links":{"self":[{"href":"https:\/\/www.europesays.com\/es\/wp-json\/wp\/v2\/posts\/297184","targetHints":{"allow":["GET"]}}],"collection":[{"href":"https:\/\/www.europesays.com\/es\/wp-json\/wp\/v2\/posts"}],"about":[{"href":"https:\/\/www.europesays.com\/es\/wp-json\/wp\/v2\/types\/post"}],"author":[{"embeddable":true,"href":"https:\/\/www.europesays.com\/es\/wp-json\/wp\/v2\/users\/2"}],"replies":[{"embeddable":true,"href":"https:\/\/www.europesays.com\/es\/wp-json\/wp\/v2\/comments?post=297184"}],"version-history":[{"count":0,"href":"https:\/\/www.europesays.com\/es\/wp-json\/wp\/v2\/posts\/297184\/revisions"}],"wp:featuredmedia":[{"embeddable":true,"href":"https:\/\/www.europesays.com\/es\/wp-json\/wp\/v2\/media\/297185"}],"wp:attachment":[{"href":"https:\/\/www.europesays.com\/es\/wp-json\/wp\/v2\/media?parent=297184"}],"wp:term":[{"taxonomy":"category","embeddable":true,"href":"https:\/\/www.europesays.com\/es\/wp-json\/wp\/v2\/categories?post=297184"},{"taxonomy":"post_tag","embeddable":true,"href":"https:\/\/www.europesays.com\/es\/wp-json\/wp\/v2\/tags?post=297184"}],"curies":[{"name":"wp","href":"https:\/\/api.w.org\/{rel}","templated":true}]}}