{"id":297194,"date":"2025-12-20T02:58:09","date_gmt":"2025-12-20T02:58:09","guid":{"rendered":"https:\/\/www.europesays.com\/es\/297194\/"},"modified":"2025-12-20T02:58:09","modified_gmt":"2025-12-20T02:58:09","slug":"un-satelite-de-elon-musk-pierde-el-control-en-el-espacio-y-obliga-a-activar-alertas-de-seguridad","status":"publish","type":"post","link":"https:\/\/www.europesays.com\/es\/297194\/","title":{"rendered":"Un sat\u00e9lite de Elon Musk pierde el control en el espacio y obliga a activar alertas de seguridad"},"content":{"rendered":"<p class=\"c-paragraph\">La <b>\u00f3rbita terrestre baja<\/b> \u2014la franja del espacio situada a menos de 2.000 kil\u00f3metros de altura\u2014 est\u00e1 cada vez m\u00e1s concurrida. En los \u00faltimos a\u00f1os, <b>miles de sat\u00e9lites<\/b> han sido lanzados para ofrecer servicios como internet desde el espacio en cualquier rinc\u00f3n de nuestro mundo, observaci\u00f3n de la Tierra o comunicaciones.<\/p>\n<p class=\"c-paragraph\">El mayor actor en este escenario es <b>Starlink<\/b>, el proyecto para ofrecer internet satelital de la compa\u00f1\u00eda aeroespacial de Elon Musk, SpaceX. Desde 2019 ha lanzado m\u00e1s de 10.000 sat\u00e9lites al espacio y la red ya da servicio a m\u00e1s de 8 millones de suscriptores en todo el mundo, incluida Espa\u00f1a.<\/p>\n<p class=\"c-paragraph\">Este crecimiento acelerado tiene efectos colaterales: <b>m\u00e1s riesgo de colisiones<\/b>, m\u00e1s <b>basura espacial<\/b>, problemas para la <b>astronom\u00eda<\/b> \u2014por el brillo de los sat\u00e9lites\u2014 y una mayor complejidad para <b>gestionar el tr\u00e1fico espacial<\/b>. Y esta semana, uno de esos riesgos se ha materializado.\u00a0<\/p>\n<p>Un sat\u00e9lite pierde el control en plena \u00f3rbita<\/p>\n<p class=\"c-paragraph\">El pasado <b>17 de diciembre<\/b>, uno de los sat\u00e9lites de Starlink, identificado como el <b>35956<\/b>, sufri\u00f3 una <b>anomal\u00eda grave mientras orbitaba a unos 418 kil\u00f3metros de altitud<\/b>, lo que provoc\u00f3 la <b>p\u00e9rdida total de comunicaci\u00f3n<\/b> con la nave.<\/p>\n<p class=\"c-paragraph\">Seg\u00fan ha explicado oficialmente SpaceX, el fallo provoc\u00f3 el <b>venteo del tanque de propulsi\u00f3n<\/b>, una <b>r\u00e1pida ca\u00edda de su \u00f3rbita<\/b> \u2014con una reducci\u00f3n de unos <b>cuatro kil\u00f3metros<\/b>\u2014 y la <b>liberaci\u00f3n de un peque\u00f1o n\u00famero de objetos rastreables<\/b>, es decir, fragmentos que ahora deben ser vigilados desde la Tierra. \u201cEl 17 de diciembre, Starlink experiment\u00f3 una anomal\u00eda en el sat\u00e9lite 35956, lo que provoc\u00f3 la p\u00e9rdida de comunicaci\u00f3n con el veh\u00edculo a 418 km\u201d, explica la compa\u00f1\u00eda en su comunicado.\u00a0<\/p>\n<p>\u00bfPor qu\u00e9 es preocupante un incidente as\u00ed?<\/p>\n<p class=\"c-paragraph\">Cuando un sat\u00e9lite pierde el control y genera fragmentos, aunque sean pocos, se incrementa el riesgo de que esos restos <b>choquen con otros sat\u00e9lites operativos<\/b>. En un entorno tan saturado como la \u00f3rbita baja, un solo incidente puede obligar a <b>maniobras de evasi\u00f3n<\/b>, afectar a servicios activos o, en el peor de los casos, provocar una <b>reacci\u00f3n en cadena de colisiones<\/b>.<\/p>\n<p class=\"c-paragraph\">Por eso, SpaceX ha activado protocolos de seguimiento y se est\u00e1 <b>coordinando con la Fuerza Espacial de Estados Unidos y con la NASA<\/b> para monitorizar tanto el sat\u00e9lite como los objetos liberados.<\/p>\n<p class=\"c-paragraph\">La compa\u00f1\u00eda insiste en que, pese al fallo, el sat\u00e9lite est\u00e1 <b>pr\u00e1cticamente intacto<\/b>, aunque <b>girando sin control<\/b>, y que su destino ya est\u00e1 marcado: <b>volver\u00e1 a entrar en la atm\u00f3sfera terrestre en las pr\u00f3ximas semanas<\/b>, donde se <b>desintegrar\u00e1 por completo<\/b>.<\/p>\n<p class=\"c-paragraph\">Adem\u00e1s, SpaceX subraya que la trayectoria del sat\u00e9lite <b>queda por debajo de la Estaci\u00f3n Espacial Internacional<\/b>, por lo que <b>no supone ning\u00fan peligro para el laboratorio orbital ni para su tripulaci\u00f3n<\/b>.\u00a0<\/p>\n<p>SpaceX promete medidas para evitar que se repita<\/p>\n<p class=\"c-paragraph\">Como \u201cel mayor operador de constelaciones de sat\u00e9lites del mundo\u201d, SpaceX reconoce la gravedad del incidente y asegura que lo est\u00e1 abordando con prioridad. Afirma que sus ingenieros \u201c<b>trabajan con rapidez para identificar y mitigar la causa de la anomal\u00eda<\/b><b>\u201d<\/b> y ya est\u00e1n <b>implementando mejoras de <\/b><b>software<\/b> en otros sat\u00e9lites para <b>reducir el riesgo de que vuelva a ocurrir<\/b>.\u00a0<\/p>\n<p class=\"c-paragraph\">\u201cNos tomamos estos eventos muy en serio\u201d, asegura la compa\u00f1\u00eda, que destaca su compromiso profundo con la seguridad espacial.<\/p>\n","protected":false},"excerpt":{"rendered":"La \u00f3rbita terrestre baja \u2014la franja del espacio situada a menos de 2.000 kil\u00f3metros de altura\u2014 est\u00e1 cada&hellip;\n","protected":false},"author":2,"featured_media":297195,"comment_status":"","ping_status":"","sticky":false,"template":"","format":"standard","meta":{"footnotes":""},"categories":[81],"tags":[67556,119,123,124,70759,11405,25,10558,24,70757,70758,642,70755,58388,117,121,122,70756,12338,23,59244,118,120],"class_list":{"0":"post-297194","1":"post","2":"type-post","3":"status-publish","4":"format-standard","5":"has-post-thumbnail","7":"category-ciencia-y-tecnologia","8":"tag-basura-espacial","9":"tag-ciencia","10":"tag-ciencia-y-tecnologia","11":"tag-cienciaytecnologia","12":"tag-constelaciones-de-satelites","13":"tag-elon-musk","14":"tag-es","15":"tag-espacio","16":"tag-espana","17":"tag-fuerza-espacial-de-estados-unidos","18":"tag-iss","19":"tag-nasa","20":"tag-orbita-baja","21":"tag-satelites","22":"tag-science","23":"tag-science-and-technology","24":"tag-scienceandtechnology","25":"tag-seguridad-espacial","26":"tag-spacex","27":"tag-spain","28":"tag-starlink","29":"tag-technology","30":"tag-tecnologia"},"share_on_mastodon":{"url":"https:\/\/pubeurope.com\/@es\/115749657309946949","error":""},"_links":{"self":[{"href":"https:\/\/www.europesays.com\/es\/wp-json\/wp\/v2\/posts\/297194","targetHints":{"allow":["GET"]}}],"collection":[{"href":"https:\/\/www.europesays.com\/es\/wp-json\/wp\/v2\/posts"}],"about":[{"href":"https:\/\/www.europesays.com\/es\/wp-json\/wp\/v2\/types\/post"}],"author":[{"embeddable":true,"href":"https:\/\/www.europesays.com\/es\/wp-json\/wp\/v2\/users\/2"}],"replies":[{"embeddable":true,"href":"https:\/\/www.europesays.com\/es\/wp-json\/wp\/v2\/comments?post=297194"}],"version-history":[{"count":0,"href":"https:\/\/www.europesays.com\/es\/wp-json\/wp\/v2\/posts\/297194\/revisions"}],"wp:featuredmedia":[{"embeddable":true,"href":"https:\/\/www.europesays.com\/es\/wp-json\/wp\/v2\/media\/297195"}],"wp:attachment":[{"href":"https:\/\/www.europesays.com\/es\/wp-json\/wp\/v2\/media?parent=297194"}],"wp:term":[{"taxonomy":"category","embeddable":true,"href":"https:\/\/www.europesays.com\/es\/wp-json\/wp\/v2\/categories?post=297194"},{"taxonomy":"post_tag","embeddable":true,"href":"https:\/\/www.europesays.com\/es\/wp-json\/wp\/v2\/tags?post=297194"}],"curies":[{"name":"wp","href":"https:\/\/api.w.org\/{rel}","templated":true}]}}