{"id":297203,"date":"2025-12-20T03:10:08","date_gmt":"2025-12-20T03:10:08","guid":{"rendered":"https:\/\/www.europesays.com\/es\/297203\/"},"modified":"2025-12-20T03:10:08","modified_gmt":"2025-12-20T03:10:08","slug":"el-casademont-u-22-amplia-su-racha-con-una-victoria-sobre-baxi-manresa-84-72","status":"publish","type":"post","link":"https:\/\/www.europesays.com\/es\/297203\/","title":{"rendered":"El Casademont U-22 ampl\u00eda su racha con una victoria sobre Baxi Manresa (84-72)"},"content":{"rendered":"<p class=\"paragraph\">El Casademont Zaragoza U-22 sigue de dulce y se ha impuesto este viernes en el pabell\u00f3n Siglo XXI a un combativo Baxi Manresa, entrenado por el aragon\u00e9s Nacho Juan, por 84-72. <b>Los cinco triples del ruso Savkov y la buena actuaci\u00f3n de Traor\u00e9<\/b> sirvieron para que los zaragozanos sumaran su sexta victoria consecutiva y sigan en lo m\u00e1s alto de la tabla: 9 victorias y 3 derrotas.<\/p>\n<p class=\"paragraph\">El partido comenz\u00f3 con diez minutos de retraso por un problema con el electr\u00f3nico. Los cinco primeros puntos del Casademont fueron para Lucas Langarita.<b> Un parcial de 11-2 de salida en los primeros cinco minutos oblig\u00f3 a Nacho Juan a pedir el primer tiempo muerto <\/b>porque su equipo parec\u00eda superado. Surti\u00f3 efecto el par\u00f3n y\u00a0reaccion\u00f3 Manresa que, apoyado en el tiro exterior, se acerc\u00f3 mucho en el electr\u00f3nico (13-11). El resto del primer cuarto fue un correcalles, en el que el Casademont no fue capaz de imponer su superioridad en la pintura.\u00a0<\/p>\n<p class=\"paragraph\">La<b> gran mu\u00f1eca de Savkov <\/b>permiti\u00f3 que los zaragozanos se fueran 22-18 al final del primer parcial, pero los catalanes salieron fuertes en el segundo cuarto. Tanto que no tardaron en ponerse por encima (24-26), debido a las p\u00e9rdidas y los malos tiros de los locales, que apenas anotaron dos libres en dos minutos.\u00a0Jorge Serna par\u00f3 el partido intentando enderezar el juego de los suyos y lo consigui\u00f3 con continuas alternativas en el marcador: Savkov continu\u00f3 inmaculado desde el triple y Traor\u00e9 castigando en la pintura dieron un nuevo arre\u00f3n y<b> se lleg\u00f3 con 38 iguales al descanso.<\/b><\/p>\n<p class=\"paragraph\">El golpe casi definitivo lo dio el Casademont en<b> un brillante tercer cuarto, en el que sali\u00f3 con ambici\u00f3n y, sobre todo, mordiendo en defensa. Los de Serna dejaron a los catalanes en ap<\/b>enas 13 puntos en este periodo, mientras que ellos anotaron el doble, 26. Todo parec\u00eda encarrilado pero hab\u00eda que disputar diez minutos m\u00e1s en los que los zaragozanos demostraron el oficio suficiente para mantener las distancias. En los minutos finales tambi\u00e9n se uni\u00f3 a la fiesta Carlos Al\u00edas y Anthony Rodr\u00edguez, con lo que la victoria se qued\u00f3 en casa antes un\u00a0Baxi Manresa, que ven\u00eda de protagonizar la gran sorpresa de la pasada jornada tras ganar al todopoderoso Barcelona por 89-82.<\/p>\n<p class=\"paragraph\">\u00a0<\/p>\n","protected":false},"excerpt":{"rendered":"El Casademont Zaragoza U-22 sigue de dulce y se ha impuesto este viernes en el pabell\u00f3n Siglo XXI&hellip;\n","protected":false},"author":2,"featured_media":297204,"comment_status":"","ping_status":"","sticky":false,"template":"","format":"standard","meta":{"footnotes":""},"categories":[269],"tags":[299,298,2511,168,25,24,23,167,17369],"class_list":{"0":"post-297203","1":"post","2":"type-post","3":"status-publish","4":"format-standard","5":"has-post-thumbnail","7":"category-baloncesto","8":"tag-baloncesto","9":"tag-basketball","10":"tag-casademont","11":"tag-deportes","12":"tag-es","13":"tag-espana","14":"tag-spain","15":"tag-sports","16":"tag-u22"},"share_on_mastodon":{"url":"https:\/\/pubeurope.com\/@es\/115749704436363306","error":""},"_links":{"self":[{"href":"https:\/\/www.europesays.com\/es\/wp-json\/wp\/v2\/posts\/297203","targetHints":{"allow":["GET"]}}],"collection":[{"href":"https:\/\/www.europesays.com\/es\/wp-json\/wp\/v2\/posts"}],"about":[{"href":"https:\/\/www.europesays.com\/es\/wp-json\/wp\/v2\/types\/post"}],"author":[{"embeddable":true,"href":"https:\/\/www.europesays.com\/es\/wp-json\/wp\/v2\/users\/2"}],"replies":[{"embeddable":true,"href":"https:\/\/www.europesays.com\/es\/wp-json\/wp\/v2\/comments?post=297203"}],"version-history":[{"count":0,"href":"https:\/\/www.europesays.com\/es\/wp-json\/wp\/v2\/posts\/297203\/revisions"}],"wp:featuredmedia":[{"embeddable":true,"href":"https:\/\/www.europesays.com\/es\/wp-json\/wp\/v2\/media\/297204"}],"wp:attachment":[{"href":"https:\/\/www.europesays.com\/es\/wp-json\/wp\/v2\/media?parent=297203"}],"wp:term":[{"taxonomy":"category","embeddable":true,"href":"https:\/\/www.europesays.com\/es\/wp-json\/wp\/v2\/categories?post=297203"},{"taxonomy":"post_tag","embeddable":true,"href":"https:\/\/www.europesays.com\/es\/wp-json\/wp\/v2\/tags?post=297203"}],"curies":[{"name":"wp","href":"https:\/\/api.w.org\/{rel}","templated":true}]}}