{"id":297221,"date":"2025-12-20T03:21:15","date_gmt":"2025-12-20T03:21:15","guid":{"rendered":"https:\/\/www.europesays.com\/es\/297221\/"},"modified":"2025-12-20T03:21:15","modified_gmt":"2025-12-20T03:21:15","slug":"icon-lanza-el-mayor-programa-superior-en-music-business-del-mundo-hispano","status":"publish","type":"post","link":"https:\/\/www.europesays.com\/es\/297221\/","title":{"rendered":"ICON lanza el mayor Programa Superior en Music Business del mundo hispano"},"content":{"rendered":"<p>El curso garantiza el acceso a pr\u00e1cticas en empresas del sector y cuenta entre sus 70 profesores con artistas como Pablo Albor\u00e1n, Antonio Orozco o Pablo L\u00f3pez<\/p>\n<p><b><a href=\"https:\/\/www.instagram.com\/iconmbs\/\" target=\"_blank\" rel=\"nofollow noopener\">ICON Music Business School <\/a><\/b>presenta su nuevo<b> Programa Superior en Music Business<\/b>, una<b> formaci\u00f3n 360 grados acreditada por la Universidad Nebrija<\/b> que llega en un momento decisivo para la industria musical hispana. Con la digitalizaci\u00f3n, el auge del streaming y el crecimiento de la econom\u00eda creativa, la demanda de profesionales preparados nunca ha sido tan alta. Frente a esta necesidad,<b> ICON irrumpe con una propuesta educativa que conecta formaci\u00f3n universitaria, experiencia real y acceso directo al sector.<\/b><\/p>\n<p>Como se\u00f1ala<b> Narc\u00eds Rebollo<\/b>, expresidente de Universal Music Spain y actual presidente de GTS, \u201ceste proyecto es muy ambicioso a nivel global en el mundo latino, porque no existe nada igual\u201d. Su visi\u00f3n refleja la magnitud del cambio que ICON representa dentro del ecosistema musical.<\/p>\n<p>El programa no requiere estudios previos y est\u00e1<b> pensado para todos aquellos que desean entrar o crecer en el negocio musical<\/b>: artistas y creativos que buscan profesionalizar su carrera y recuperar el control de su trayectoria; profesionales de otros sectores que ven en la m\u00fasica una oportunidad renovadora; reci\u00e9n graduados que quieren orientar su futuro hacia un mercado con m\u00faltiples salidas; y personas que ya trabajan en la industria pero necesitan actualizarse, reinventarse o ampliar su visi\u00f3n.<\/p>\n<p>Todos ellos encuentran en ICON un espacio com\u00fan donde<b> comprender c\u00f3mo funciona realmente la industria desde dentro, con una mirada global y pr\u00e1ctica<\/b>. Una perspectiva que tambi\u00e9n comparte <b>Antonio Orozco<\/b>, quien destaca que \u201cla industria nunca ha estado ni m\u00e1s sana ni m\u00e1s saludable\u201d, subrayando el momento de oportunidad que vive el sector.<\/p>\n<p><b>Esta formaci\u00f3n consta de 10 ECTS equivalentes a 250h de diploma<\/b>, y se imparte en una plataforma de aprendizaje propia, desarrollada espec\u00edficamente para facilitar una experiencia flexible, intuitiva y adaptada al ritmo de cada alumno. <b>Al completar el itinerario, el estudiante obtiene un certificado avalado por la Universidad Nebrija, que reconoce el nivel acad\u00e9mico de la formaci\u00f3n y su validez dentro del sector.<\/b><\/p>\n<p>Uno de los elementos que hacen \u00fanico este programa es su claustro: <b>m\u00e1s de 70 profesores que representan a los actores m\u00e1s influyentes de la m\u00fasica en Espa\u00f1a y Latinoam\u00e9rica<\/b>. Presidentes de discogr\u00e1ficas como<b> Sony Music, Universal Music y Warner Music<\/b>; ejecutivos de compa\u00f1\u00edas globales como<b> Live Nation, Forbes o YouTube Music<\/b>; y artistas de primer nivel como <b>Pablo Albor\u00e1n, Antonio Orozco, Pablo L\u00f3pez, Juan Mag\u00e1n, Paul Thin o Antonio Carmona<\/b>. A ellos se suman productores, compositores, abogados especializados, expertos en marketing, A&amp;Rs y managers de artistas como <b>Rauw Alejandro, Camilo, Bizarrap<\/b> y profesionales de todos los \u00e1mbitos del negocio que, por primera vez, se ponen en el papel de docentes para compartir sus conocimientos, su experiencia directa y los secretos m\u00e1s \u00edntimos del funcionamiento real de la industria.<\/p>\n<p>En palabras de<b> Pablo Albor\u00e1n<\/b>, \u201cla industria est\u00e1 cambiando, tenemos que cambiar con ella y para eso hay que formarse\u201d, una reflexi\u00f3n que resume el prop\u00f3sito transformador del programa. Adem\u00e1s, ICON confirma que <b>los estudiantes tendr\u00e1n acceso garantizado a pr\u00e1cticas en empresas del sector<\/b>, abriendo una puerta de entrada real al mercado laboral y reforzando el prop\u00f3sito de que el alumno no solo aprenda, sino que tambi\u00e9n pueda dar el primer paso en su carrera profesional.<\/p>\n<p>Si no te quieres perder esta incre\u00edble oportunidad para conocer por dentro la industria musical,<b> asegura tu plaza de esta primera edici\u00f3n del Programa Superior en Music Business<\/b>. Adem\u00e1s, <b>gracias a Santander SMUSIC, podr\u00e1s acceder a un descuento exclusivo para clientes Santander en tu matr\u00edcula, a trav\u00e9s del siguiente <a href=\"https:\/\/www.santandersmusic.com\/preventas\/icon-music-business-school-descuento-exclusivo\" target=\"_blank\" rel=\"nofollow noopener\">link<\/a>.<\/b> Plazas limitadas. Toda la informaci\u00f3n est\u00e1 disponible en <a href=\"www.iconmbs.com\" target=\"_blank\">www.iconmbs.com.<\/a><\/p>\n<p><script async src=\"\/\/www.instagram.com\/embed.js\"><\/script><\/p>\n","protected":false},"excerpt":{"rendered":"El curso garantiza el acceso a pr\u00e1cticas en empresas del sector y cuenta entre sus 70 profesores con&hellip;\n","protected":false},"author":2,"featured_media":297222,"comment_status":"","ping_status":"","sticky":false,"template":"","format":"standard","meta":{"footnotes":""},"categories":[81],"tags":[119,123,124,25,24,117,121,122,23,118,120],"class_list":{"0":"post-297221","1":"post","2":"type-post","3":"status-publish","4":"format-standard","5":"has-post-thumbnail","7":"category-ciencia-y-tecnologia","8":"tag-ciencia","9":"tag-ciencia-y-tecnologia","10":"tag-cienciaytecnologia","11":"tag-es","12":"tag-espana","13":"tag-science","14":"tag-science-and-technology","15":"tag-scienceandtechnology","16":"tag-spain","17":"tag-technology","18":"tag-tecnologia"},"share_on_mastodon":{"url":"https:\/\/pubeurope.com\/@es\/115749747640477668","error":""},"_links":{"self":[{"href":"https:\/\/www.europesays.com\/es\/wp-json\/wp\/v2\/posts\/297221","targetHints":{"allow":["GET"]}}],"collection":[{"href":"https:\/\/www.europesays.com\/es\/wp-json\/wp\/v2\/posts"}],"about":[{"href":"https:\/\/www.europesays.com\/es\/wp-json\/wp\/v2\/types\/post"}],"author":[{"embeddable":true,"href":"https:\/\/www.europesays.com\/es\/wp-json\/wp\/v2\/users\/2"}],"replies":[{"embeddable":true,"href":"https:\/\/www.europesays.com\/es\/wp-json\/wp\/v2\/comments?post=297221"}],"version-history":[{"count":0,"href":"https:\/\/www.europesays.com\/es\/wp-json\/wp\/v2\/posts\/297221\/revisions"}],"wp:featuredmedia":[{"embeddable":true,"href":"https:\/\/www.europesays.com\/es\/wp-json\/wp\/v2\/media\/297222"}],"wp:attachment":[{"href":"https:\/\/www.europesays.com\/es\/wp-json\/wp\/v2\/media?parent=297221"}],"wp:term":[{"taxonomy":"category","embeddable":true,"href":"https:\/\/www.europesays.com\/es\/wp-json\/wp\/v2\/categories?post=297221"},{"taxonomy":"post_tag","embeddable":true,"href":"https:\/\/www.europesays.com\/es\/wp-json\/wp\/v2\/tags?post=297221"}],"curies":[{"name":"wp","href":"https:\/\/api.w.org\/{rel}","templated":true}]}}