{"id":297228,"date":"2025-12-20T03:25:24","date_gmt":"2025-12-20T03:25:24","guid":{"rendered":"https:\/\/www.europesays.com\/es\/297228\/"},"modified":"2025-12-20T03:25:24","modified_gmt":"2025-12-20T03:25:24","slug":"la-alcaldesa-visita-el-servicio-de-teleasistencia-que-este-ano-ha-incorporado-a-casi-400-usuarios","status":"publish","type":"post","link":"https:\/\/www.europesays.com\/es\/297228\/","title":{"rendered":"La alcaldesa visita el servicio de teleasistencia, que este a\u00f1o ha incorporado a casi 400 usuarios"},"content":{"rendered":"<p>\t\t\t\t\t\tVisita teleasistencia\t\t\t\t\t<\/p>\n<tr>\n<td>\n\t\t\t\t\t\t<img decoding=\"async\" src=\"https:\/\/www.europesays.com\/es\/wp-content\/uploads\/2025\/12\/visita_teleasistencia.jpg\" alt=\"noticias\/imagen-asociada\/2025\/12\/visita_teleasistencia.jpg\" class=\"col-xs-12 col-md-12 img-responsive img-left\"\/>\n\t\t\t\t\t<\/td>\n<\/tr>\n<p class=\"lead\">\n\t\t\t\tGema Igual acude a la empresa Atenzia para felicitar las Navidades a sus empleados y destaca la importancia de este servicio, totalmente gratuito, que permite no s\u00f3lo responder a emergencias, sino que tambi\u00e9n desempe\u00f1a una funci\u00f3n de acompa\u00f1amiento y seguimiento proactivo\t\t\t<\/p>\n<p style=\"text-align: justify;\">La alcaldesa de Santander, Gema Igual, ha visitado hoy visita el servicio de teleasistencia, que este a\u00f1o ha incorporado a casi 400 usuarios y ha puesto en valor este servicio, municipal, que gestiona la empresa Atenzia Servicios de Teleasistencia SA, y que en 2025 ha llegado a m\u00e1s de 3.100 personas.<\/p>\n<p style=\"text-align: justify;\">As\u00ed lo ha trasladado la regidora durante una visita a la empresa para felicitar la Navidad a sus empleados, en la que ha destacado la importancia de este servicio, totalmente gratuito, que permite no s\u00f3lo responder a emergencias, sino que tambi\u00e9n desempe\u00f1a una funci\u00f3n de acompa\u00f1amiento y seguimiento proactivo.<\/p>\n<p style=\"text-align: justify;\">\u201cEl servicio de teleasistencia constituye uno de los buques insignia de las pol\u00edticas sociales del Ayuntamiento de Santander porque es un servicio imprescindible para garantizar un entorno seguro y sostener una buena calidad de vida de los mayores en sus propios domicilios, y que a su vez, ha demostrado una efectividad enorme combinada con otros servicios como la ayuda o la comida a domicilio\u201d, ha subrayado.<\/p>\n<p style=\"text-align: justify;\">Igual, que ha estado acompa\u00f1ada por la concejala de Servicios Sociales, Zulema Gancedo, ha recordado que, en 2025, m\u00e1s de 3.100 personas han sido atendidas a trav\u00e9s del servicio de teleasistencia, lo que demuestra la creciente demanda de este recurso y la confianza que los ciudadanos depositan en \u00e9l.<\/p>\n<p style=\"text-align: justify;\">Tal y como ha detallado, actualmente, el n\u00famero de personas que tienen activado el servicio asciende a 2.795, un dato que refleja una tendencia sostenida de crecimiento.<\/p>\n<p style=\"text-align: justify;\">\u201cDesde el Ayuntamiento de Santander, queremos reafirmar nuestro compromiso con este servicio. La teleasistencia no es s\u00f3lo una herramienta de atenci\u00f3n, sino una garant\u00eda de tranquilidad para miles de familias santanderinas. Es un servicio que salva vidas, que mejora la calidad de vida de nuestros mayores y que les permite envejecer en su hogar con seguridad y autonom\u00eda\u201d, ha concluido.<\/p>\n","protected":false},"excerpt":{"rendered":"Visita teleasistencia Gema Igual acude a la empresa Atenzia para felicitar las Navidades a sus empleados y destaca&hellip;\n","protected":false},"author":2,"featured_media":297229,"comment_status":"","ping_status":"","sticky":false,"template":"","format":"standard","meta":{"footnotes":""},"categories":[5],"tags":[17,18,25,24,13,14,11,19,20,9,10,15,16,23,12,21,22],"class_list":{"0":"post-297228","1":"post","2":"type-post","3":"status-publish","4":"format-standard","5":"has-post-thumbnail","7":"category-titulares","8":"tag-breaking-news","9":"tag-breakingnews","10":"tag-es","11":"tag-espana","12":"tag-featured-news","13":"tag-featurednews","14":"tag-headlines","15":"tag-latest-news","16":"tag-latestnews","17":"tag-news","18":"tag-noticias","19":"tag-noticias-destacadas","20":"tag-noticiasdestacadas","21":"tag-spain","22":"tag-titulares","23":"tag-ultimas-noticias","24":"tag-ultimasnoticias"},"share_on_mastodon":{"url":"https:\/\/pubeurope.com\/@es\/115749763683462598","error":""},"_links":{"self":[{"href":"https:\/\/www.europesays.com\/es\/wp-json\/wp\/v2\/posts\/297228","targetHints":{"allow":["GET"]}}],"collection":[{"href":"https:\/\/www.europesays.com\/es\/wp-json\/wp\/v2\/posts"}],"about":[{"href":"https:\/\/www.europesays.com\/es\/wp-json\/wp\/v2\/types\/post"}],"author":[{"embeddable":true,"href":"https:\/\/www.europesays.com\/es\/wp-json\/wp\/v2\/users\/2"}],"replies":[{"embeddable":true,"href":"https:\/\/www.europesays.com\/es\/wp-json\/wp\/v2\/comments?post=297228"}],"version-history":[{"count":0,"href":"https:\/\/www.europesays.com\/es\/wp-json\/wp\/v2\/posts\/297228\/revisions"}],"wp:featuredmedia":[{"embeddable":true,"href":"https:\/\/www.europesays.com\/es\/wp-json\/wp\/v2\/media\/297229"}],"wp:attachment":[{"href":"https:\/\/www.europesays.com\/es\/wp-json\/wp\/v2\/media?parent=297228"}],"wp:term":[{"taxonomy":"category","embeddable":true,"href":"https:\/\/www.europesays.com\/es\/wp-json\/wp\/v2\/categories?post=297228"},{"taxonomy":"post_tag","embeddable":true,"href":"https:\/\/www.europesays.com\/es\/wp-json\/wp\/v2\/tags?post=297228"}],"curies":[{"name":"wp","href":"https:\/\/api.w.org\/{rel}","templated":true}]}}