{"id":297234,"date":"2025-12-20T03:35:27","date_gmt":"2025-12-20T03:35:27","guid":{"rendered":"https:\/\/www.europesays.com\/es\/297234\/"},"modified":"2025-12-20T03:35:27","modified_gmt":"2025-12-20T03:35:27","slug":"ha-aparecido-en-mi-vida-cuando-lo-necesitaba","status":"publish","type":"post","link":"https:\/\/www.europesays.com\/es\/297234\/","title":{"rendered":"Ha aparecido en mi vida cuando lo necesitaba"},"content":{"rendered":"<p class=\"HOLA-TEMAS_5--TEXTO-1er-PARRAFO\" id=\"eKyrBTjhjtu\" data-wc=\"104\">Hay\u00a0personas que tienen luz propia y son capaces de contagiar su energ\u00eda con tan solo acercarse a ellas. <strong>Ana Fern\u00e1ndez es el\u00e9ctrica y no solo delante de las c\u00e1maras<\/strong>; cuando los focos se apagan sigue siendo como un destello de luz. Se encuentra en una etapa muy buena, recogiendo los frutos despu\u00e9s de un a\u00f1o de muchos proyectos, desde sus trabajos como actriz a su faceta de armadora en Mallorca. Porque el movimiento es vida y ella encuentra la felicidad en su carrera, sus pasiones, su familia y <a class=\"hm-link ho-link\" href=\"https:\/\/www.hola.com\/viajes\/20250419825903\/ana-fernandez-actriz-viajes-republica-dominicana-hotel-rada-nadal\/\" data-mrf-recirculation=\"article-body-link\" rel=\"nofollow noopener\" target=\"_blank\">los seis perros que tiene junto a su novio, Adri\u00e1n Roma, vocalista del grupo Marlon<\/a>.<\/p>\n<p class=\"HOLA-TEMAS_5a--TEXTO-NORMAL ParaOverride-1\" id=\"euSK9575aF-\" data-wc=\"103\">A <strong>punto de despedir un 2025 muy bueno para ella<\/strong>, Ana se asoma a punto a nuestras p\u00e1ginas con impactantes\u00a0looks de fiesta de Marciano by Guess, con los que brilla a\u00fan m\u00e1s si cabe, para <strong>hablarnos del momento que atraviesa<\/strong> y de un regreso muy especial, el de Los protegidos: un nuevo poder, que se ha estrenado el 14 de diciembre en Atresplayer, donde vuelve a meterse en la piel de un personaje que marc\u00f3 su trayectoria como actriz, el de Sandra, con su superpoder de la electroquinesis\u2026 <strong>Aunque el verdadero poder de Ana es otro y ella misma nos lo desvela.<\/strong><\/p>\n<blockquote class=\"ho-bl-1081603 -no-figcaption\" cite=\"\">\n<p id=\"e6rsZ2vHwQsQ\">\u00abDe lo que me siento m\u00e1s orgullosa es de mi resiliencia, de mi capacidad para continuar, colocar las cosas en mi coraz\u00f3n y querer seguir siendo feliz\u00bb<\/p>\n<\/blockquote>\n<p>\u00bfTe consideras una persona camale\u00f3nica delante de las c\u00e1maras?<\/p>\n<p class=\"HOLA-TEMAS_5a--TEXTO-NORMAL answer-s1\" id=\"eQGMBgnb14V\" data-wc=\"73\">Bueno, forma parte de mi trabajo esconderte detr\u00e1s de un personaje. Realmente, a Ana la conocen muy pocas personas y espero que siga siendo as\u00ed durante much\u00edsimo tiempo. Creo que, <a class=\"hm-link ho-link\" href=\"https:\/\/www.hola.com\/actualidad\/20240825714359\/ana-fernandez-nueva-faceta-armadora\/\" data-mrf-recirculation=\"article-body-link\" rel=\"nofollow noopener\" target=\"_blank\">como actriz, si muestras demasiado de tu vida personal<\/a>, los espectadores no ven al personaje, sino a ti. Entonces, creo que hay que mantener un poco el misterio, ser una persona natural y no ocultar cosas, pero tampoco estar todo el d\u00eda mostr\u00e1ndolas.<\/p>\n<p>&#8211; \u00bfC\u00f3mo definir\u00edas tu estilo cuando los focos se apagan?<\/p>\n<p class=\"HOLA-TEMAS_5a--TEXTO-NORMAL answer-s1\" id=\"emfQGZJztRMb\" data-wc=\"46\">C\u00f3modo y pr\u00e1ctico. No sigo mucho las modas, lo que hago es ponerme lo que yo creo que me queda bien. Siempre me gusta llevar mi propio estilo, ir elegante, que eso para m\u00ed es bastante importante, y ser fiel a las cosas que me gustan.<\/p>\n<p>  <img src=\"https:\/\/www.europesays.com\/es\/wp-content\/uploads\/2025\/12\/090e2596c240-9a0f8fd99fdf-32ea9526333a-44b79b35c1c3a47c4316e89c59b0db7120251201holaanafernand.jpg\"   width=\"1080\" height=\"1800\" loading=\"lazy\" decoding=\"async\" alt=\"Ana fern\u00e1ndez posa con un vestido negro con tirantes de cadenas doradas, tambi\u00e9n de la firma\" fetchpriority=\"auto\" class=\"image ho-image\"\/>\u00a9 BORJA DE LA LAMAAna fern\u00e1ndez posa con un vestido negro con tirantes de cadenas doradas, de Marciano by Guess<\/p>\n<p>Un regreso muy esperadoTe hemos conocido en muchos papeles, pero ahora vuelves a meterte en la piel de un personaje que te ha tra\u00eddo mucho. \u00bfC\u00f3mo te sientes al ser de nuevo Sandra en Los protegidos?<\/p>\n<p class=\"HOLA-TEMAS_5a--TEXTO-NORMAL answer-s1\" id=\"ejOS6D33Q4NZ\" data-wc=\"78\">Volver a encarnar a Sandra para m\u00ed es un lugar de confort, es un personaje que siempre ha aparecido en mi vida cuando lo necesitaba, sin darme cuenta, y en momentos cruciales siempre me ha ayudado. <a class=\"hm-link ho-link\" href=\"https:\/\/www.hola.com\/actualidad\/20210330186990\/los-protegidos-regreso-serie-ana-fernandez-al\/\" data-mrf-recirculation=\"article-body-link\" rel=\"nofollow noopener\" target=\"_blank\">Me siento muy orgullosa no solamente del producto, sino del personaje<\/a>, de su evoluci\u00f3n, de su resiliencia y de su heroicidad ante todas las adversidades. Sandra, para m\u00ed, es alguien que me ha acompa\u00f1ado casi 20 a\u00f1os y ojal\u00e1 lo siga haciendo.<\/p>\n<p>\u00bfC\u00f3mo ves tu evoluci\u00f3n como actriz desde que comenzaste la serie, en 2009, hasta la temporada que estrenas ahora?<\/p>\n<p class=\"HOLA-TEMAS_5a--TEXTO-NORMAL answer-s1\" id=\"eT8oWxtdUgD\" data-wc=\"88\">Cuando empezamos con\u00a0Los protegidos con el personaje de Sandra <a class=\"hm-link ho-link\" href=\"https:\/\/www.hola.com\/actualidad\/20221219223112\/ana-fernandez-premios-forque-los-protegidos\/\" data-mrf-recirculation=\"article-body-link\" rel=\"nofollow noopener\" target=\"_blank\">hasta que volvimos con una nueva temporada pasaron diez a\u00f1os<\/a>. En ese tiempo he estado casi cinco a\u00f1os en\u00a0Las chicas del cable, encarnando un personaje totalmente distinto, y m\u00e1s personajes de otros proyectos de cine y televisi\u00f3n. Entonces, la evoluci\u00f3n de volver a ella ha sido con toda esa experiencia acumulada y con esa sabidur\u00eda que, como Ana, he ido aprendiendo y he podido incorporar a esa Sandra adolescente que dej\u00e9 en ese momento hace 15 a\u00f1os.<\/p>\n<p>  <img src=\"https:\/\/www.europesays.com\/es\/wp-content\/uploads\/2025\/12\/316233a2ed9d-20a159ed8d86-abd34552e057-c017b67ee6bf6d7db0382278d066f2ba20251201holaanafernand.jpg\"   width=\"1080\" height=\"1800\" loading=\"lazy\" decoding=\"async\" alt=\"Ana Fern\u00e1ndez posando con un look de Guess\" fetchpriority=\"auto\" class=\"image ho-image\"\/>\u00a9 BORJA DE LA LAMA\u00bbTengo momentos de nostalgia y pienso en cuando empec\u00e9 a trabajar, que era muy jovencita. Tengo 36 a\u00f1os, que soy joven, pero me siento muy vivida en muchas cosas\u00bb, confiesa Ana Fern\u00e1ndez, que en la imagen lleva un vestido dorado con plumas y lentejuelas de Marciano by Guess<\/p>\n<p>Te lo habr\u00e1n preguntado mil veces, \u00bfcu\u00e1l es tu superpoder en la vida real?<\/p>\n<p class=\"HOLA-TEMAS_5a--TEXTO-NORMAL answer-s1\" id=\"eyFU9Hu_1yq4\" data-wc=\"94\">Tener la capacidad de acumular un mont\u00f3n de responsabilidades, quehaceres y cosas pendientes y no estallar por sentirme sobrepasada. Es decir, creo que no exploto a la m\u00ednima, y menos con la gente que est\u00e1 a mi alrededor, como mi pareja, mi familia, amigos, compa\u00f1eros\u2026 No soy una persona que se ahoga en un vaso de agua y lo expresa a los dem\u00e1s, me lo guardo para m\u00ed y no angustio a nadie, transmito calma, aunque yo por dentro diga: \u00a1Dios m\u00edo, no s\u00e9 si voy a poder hacer todas estas cosas al d\u00eda!<\/p>\n<p>Y si pudieras elegir uno, \u00bfcu\u00e1l ser\u00eda?<\/p>\n<p class=\"HOLA-TEMAS_5a--TEXTO-NORMAL answer-s1\" id=\"euJUqCYIKuQ9\" data-wc=\"35\">Si pudiera elegir un superpoder, me encantar\u00eda teletransportarme y llegar al destino en un abrir y cerrar de ojos, porque me encanta viajar, pero odio el proceso de los aeropuertos, controles, las maletas, los taxis\u2026<\/p>\n<p>Y \u00bfcu\u00e1les dir\u00edas que son tus puntos d\u00e9biles?<\/p>\n<p class=\"HOLA-TEMAS_5a--TEXTO-NORMAL answer-s1\" id=\"e4kP9EU_I7v\" data-wc=\"44\">Pues uno de mis puntos d\u00e9biles son las cosas m\u00e9dicas\u2026 Lo que tenga relaci\u00f3n con un quir\u00f3fano, sangre, agujas&#8230; Ah\u00ed me hago muy peque\u00f1a y lo paso muy mal. Tengo ese s\u00edndrome y soy un poco cuadro, la verdad. Ah\u00ed pierdo toda la valent\u00eda.<\/p>\n<p>Y \u00bfcu\u00e1les dir\u00edas que son tus puntos d\u00e9biles?<\/p>\n<p class=\"HOLA-TEMAS_5a--TEXTO-NORMAL answer-s1\" id=\"ecC-DYqTA9q\" data-wc=\"44\">Pues <strong data-gid=\"egFa9i-e2lr\">uno de mis puntos d\u00e9biles son las cosas m\u00e9dicas\u2026<\/strong> Lo que tenga relaci\u00f3n con un quir\u00f3fano, sangre, agujas&#8230; Ah\u00ed me hago muy peque\u00f1a y lo paso muy mal. Tengo ese s\u00edndrome y soy un poco cuadro, la verdad. Ah\u00ed pierdo toda la valent\u00eda.<\/p>\n<p>  <img src=\"https:\/\/www.europesays.com\/es\/wp-content\/uploads\/2025\/12\/fabe5aa4d5e9-baf8f6665199-3aa4ec72baab-9292a5fbb88c8b8f63a66c9b79f66ef920251201holaanafernand.jpg\"   width=\"1080\" height=\"1800\" loading=\"lazy\" decoding=\"async\" alt=\"Ana Fern\u00e1ndez posa con vestido blanco con detalles de cristales en el escote\" fetchpriority=\"auto\" class=\"image ho-image\"\/>\u00a9 BORJA DE LA LAMACamale\u00f3nica delante de las c\u00e1maras, apostando por la elegancia, pero poniendo su toque personal a cada uno de sus looks, Ana Fern\u00e1ndez mira al 2026 con ilusi\u00f3n y agradecida por todo lo conseguido hasta ahora. En la imagen, posa con vestido blanco con detalle de cristales en el escote, de Marciano by Guess<\/p>\n<blockquote class=\"ho-bl-1081603 -no-figcaption\" cite=\"\">\n<p id=\"eZt2HesHOIPx\">\u00abMi superpoder en la vida real es tener la capacidad de acumular un mont\u00f3n de responsabilidades, quehaceres y cosas pendientes y no estallar por sentirme sobrepasada\u00bb<\/p>\n<\/blockquote>\n<p>Cara a cara con la Ana del pasado\u00bfC\u00f3mo llevas el paso del tiempo? \u00bfEres de las que mira atr\u00e1s con nostalgia?<\/p>\n<p class=\"HOLA-TEMAS_5a--TEXTO-NORMAL answer-s1\" id=\"elRPobvYDBC2\" data-wc=\"110\">Me lo tomo bastante bien. Tengo momentos de nostalgia y pienso en cuando empec\u00e9 a trabajar, que era muy jovencita. Tengo 36 a\u00f1os, que soy joven, pero me siento muy vivida en muchas cosas, muy experimentada y con mucha sabidur\u00eda por entrar en el mundo laboral tan peque\u00f1ita y rodeada de gente adulta de la que poder aprender. Hay veces que me siento cansada, pero a la vez me siento joven. En este trabajo tan fluctuante, siempre sientes ilusi\u00f3n y est\u00e1s, a la vez, con mucha adrenalina. Es una profesi\u00f3n en la que nunca vas a dejar de estudiar y que nunca te van a dejar de poner a prueba.<\/p>\n<p>\u00bfQu\u00e9 es de lo que te sientes m\u00e1s orgullosa de todo lo que has vivido hasta ahora?<\/p>\n<p class=\"HOLA-TEMAS_5a--TEXTO-NORMAL answer-s1\" id=\"ebv4MsPzLab5\" data-wc=\"58\">De mi resiliencia, de mi capacidad para seguir, colocar las cosas en mi coraz\u00f3n y querer seguir siendo feliz. De mi capacidad de superaci\u00f3n, de que siempre las experiencias, para m\u00ed, tengan mucha m\u00e1s prioridad que las cosas materiales, del cuidado de mi entorno, mi familia y a quienes considero tambi\u00e9n mi familia sin tener v\u00ednculos de sangre.<\/p>\n<p>  <img src=\"https:\/\/www.europesays.com\/es\/wp-content\/uploads\/2025\/12\/f46a1b9733e7-4694cfcaa1be-b958ae155707787ad90a8224ecd1f91320251201holaanafernandez0147okcmyk.jpg\"   width=\"1080\" height=\"1800\" loading=\"lazy\" decoding=\"async\" alt=\"Ana Fern\u00e1ndez lleva vestido largo dorado de lentejuelas de Marciano by Guess\" fetchpriority=\"auto\" class=\"image ho-image\"\/>\u00a9 BORJA DE LA LAMAAqu\u00ed lleva vestido largo dorado de lentejuelas de Marciano by Guess<\/p>\n<p>Armadora, con una voz privilegiada y seis perrosEres una mujer polifac\u00e9tica, adem\u00e1s de ser actriz, eres armadora, \u00bfc\u00f3mo te va con tu barco?<\/p>\n<p class=\"HOLA-TEMAS_5a--TEXTO-NORMAL answer-s1\" id=\"eIl8pz5rtLn2\" data-wc=\"82\">Este verano arranqu\u00e9 con todos los charters del barco y estoy muy contenta.\u00a0Ha sido un verano estu\u00adpendo, de mucho<br \/>aprendizaje y muchas cosas, como cualquier tipo de negocio y cualquier tipo de emprendimiento. Pero el resultado ha sido muy positivo. Todos los clientes han vivido experiencias estupendas y haberlos hecho felices durante el verano haci\u00e9ndoles pasar un d\u00eda maravilloso en aguas de Mallorca ha sido genial. Ahora en enero hay que empezar a poner a punto el barquito para la siguiente temporada.<\/p>\n<p>Hay que decir que cantar tambi\u00e9n se te da bien, lo demostraste con tu novio, Adri\u00e1n Roma, en un concierto de Marlon, su grupo. \u00bfNo te gustar\u00eda hacer alguna colaboraci\u00f3n con \u00e9l?<\/p>\n<p class=\"HOLA-TEMAS_5a--TEXTO-NORMAL answer-s1\" id=\"e49Mko53nuXU\" data-wc=\"107\">Cant\u00e9 con Adri en el Wizink Center y fue bastante especial e inolvidable. Adem\u00e1s, hab\u00eda otros grupos que hab\u00edan colaborado en otras canciones con \u00e9l, como \u00c1lvaro de Luna, Sidecars y Taburete\u2026 El hecho de estar all\u00ed compartiendo con otros artistas fue incre\u00edble. Al final, <a class=\"hm-link ho-link\" href=\"https:\/\/www.hola.com\/actualidad\/20230809237127\/ana-fernandez-marlon-canta\/\" data-mrf-recirculation=\"article-body-link\" rel=\"nofollow noopener\" target=\"_blank\">cuando yo cant\u00e9 la canci\u00f3n con Adri en el disco fue como hace ocho a\u00f1os<\/a>, \u00e9ramos m\u00e1s j\u00f3venes y yo, quiz\u00e1, era m\u00e1s aventurera. Pero creo que lo bonito cuando haces algo especial, pues es dejarlo como algo especial, con lo cual, ahora mismo, no est\u00e1 en nuestra mente hacer otra colaboraci\u00f3n. Tampoco te voy a decir de esta agua no beber\u00e9.<\/p>\n<blockquote class=\"ho-bl-1081603 -no-figcaption\" cite=\"\">\n<p id=\"ewdleYKu2N2g\">\u00abMis planes de Navidad este a\u00f1o son m\u00e1s especiales de lo normal, porque desde junio tenemos organizado un viaje, Adri y yo, para irnos a Laponia a ver a Pap\u00e1 Noel\u00bb<\/p>\n<\/blockquote>\n<p>  <img src=\"https:\/\/www.europesays.com\/es\/wp-content\/uploads\/2025\/12\/5e3060b5c5b6-6c528e5d3bbc-8ead7af58101-2a0a6f67bc5ce899a74d0c314b3e61cb20251201holaanafernand.jpg\"   width=\"1080\" height=\"1800\" loading=\"lazy\" decoding=\"async\" alt=\"Ana Fern\u00e1ndez con un vestido verde de Guess\" fetchpriority=\"auto\" class=\"image ho-image\"\/>\u00a9 BORJA DE LA LAMA\u00bbAdri y yo tenemos nuestras \u00e9pocas de composici\u00f3n, de rodaje y de promoci\u00f3n\u2026 Entonces, hay que intentar tener mucha organizaci\u00f3n previa, porque tenemos seis perros y para nosotros ellos son nuestra prioridad\u00bb, dice la actriz, que, sobre estas l\u00edneas, lleva un vestido \u00abmidi\u00bb \u00abbandage\u00bb de Marciano by Guess<\/p>\n<p>\u00bfC\u00f3mo es vivir al lado de un artista?\u00a0<\/p>\n<p class=\"HOLA-TEMAS_5a--TEXTO-NORMAL answer-s1\" id=\"e0UvyXd3_A9\" data-wc=\"59\">Al final, somos artistas ambos, estamos dentro del mundo de la m\u00fasica y del de la interpretaci\u00f3n. Tenemos nuestras \u00e9pocas de composici\u00f3n, de rodaje y de promoci\u00f3n, tanto de disco como de una serie o pel\u00edcula\u2026 Entonces, hay que intentar tener mucha organizaci\u00f3n previa y cuadrar nuestros calendarios, porque tenemos seis perros y para nosotros ellos son nuestra prioridad.<\/p>\n<p>Ahora que falta muy poco para la Navidad, \u00bfqu\u00e9 planes tienes?<\/p>\n<p class=\"HOLA-TEMAS_5a--TEXTO-NORMAL answer-s1\" id=\"env4_t-uoTZW\" data-wc=\"115\">Mis planes de Navidad este a\u00f1o son m\u00e1s especiales de lo normal, porque desde junio tenemos organizado un viaje los dos para irnos a Laponia a ver a Pap\u00e1 Noel. Y la verdad es que estamos con much\u00edsima ilusi\u00f3n; yo terminando el rodaje de la nueva serie que estoy haciendo y con el estreno de\u00a0Los protegidos, el 14 de diciembre, y Adri con los nervios por la salida del disco, del que ya han sacado dos de los primeros temas y est\u00e1 yendo superbi\u00e9n. As\u00ed que estamos recogiendo los frutos de todo lo que hemos sembrado este \u00faltimo a\u00f1o y pico y nos vamos a Laponia. Luego volveremos a Madrid para las celebraciones familiares.<\/p>\n<p>\u00bfQu\u00e9 le pides al 2026?<\/p>\n<p class=\"HOLA-TEMAS_5a--TEXTO-NORMAL answer-s1\" id=\"eSXEteAGz37v\" data-wc=\"68\">Seguir as\u00ed de sanos, que es lo m\u00e1s importante. Hay que ser agradecido por no tener enfermedades y sentirte bien. Eso es lo primero que pido para nosotros, nuestros perritos y la familia. Pido tambi\u00e9n continuar con esta racha de trabajo maravillosa y seguir en el hogar precioso que hemos formado. Y no s\u00e9, estar\u00eda bien alg\u00fan viaje sorpresa cuando estemos hasta las narices del fr\u00edo, algo caribe\u00f1o.<\/p>\n","protected":false},"excerpt":{"rendered":"Hay\u00a0personas que tienen luz propia y son capaces de contagiar su energ\u00eda con tan solo acercarse a ellas.&hellip;\n","protected":false},"author":2,"featured_media":297235,"comment_status":"","ping_status":"","sticky":false,"template":"","format":"standard","meta":{"footnotes":""},"categories":[174],"tags":[3900,517,70763,255,3899,146,147,25,24,256,23],"class_list":{"0":"post-297234","1":"post","2":"type-post","3":"status-publish","4":"format-standard","5":"has-post-thumbnail","7":"category-famosos","8":"tag-hola","9":"tag-actualidad","10":"tag-ana-fernandez","11":"tag-celebrities","12":"tag-contenido-sensible","13":"tag-entertainment","14":"tag-entretenimiento","15":"tag-es","16":"tag-espana","17":"tag-famosos","18":"tag-spain"},"share_on_mastodon":{"url":"https:\/\/pubeurope.com\/@es\/115749803031959561","error":""},"_links":{"self":[{"href":"https:\/\/www.europesays.com\/es\/wp-json\/wp\/v2\/posts\/297234","targetHints":{"allow":["GET"]}}],"collection":[{"href":"https:\/\/www.europesays.com\/es\/wp-json\/wp\/v2\/posts"}],"about":[{"href":"https:\/\/www.europesays.com\/es\/wp-json\/wp\/v2\/types\/post"}],"author":[{"embeddable":true,"href":"https:\/\/www.europesays.com\/es\/wp-json\/wp\/v2\/users\/2"}],"replies":[{"embeddable":true,"href":"https:\/\/www.europesays.com\/es\/wp-json\/wp\/v2\/comments?post=297234"}],"version-history":[{"count":0,"href":"https:\/\/www.europesays.com\/es\/wp-json\/wp\/v2\/posts\/297234\/revisions"}],"wp:featuredmedia":[{"embeddable":true,"href":"https:\/\/www.europesays.com\/es\/wp-json\/wp\/v2\/media\/297235"}],"wp:attachment":[{"href":"https:\/\/www.europesays.com\/es\/wp-json\/wp\/v2\/media?parent=297234"}],"wp:term":[{"taxonomy":"category","embeddable":true,"href":"https:\/\/www.europesays.com\/es\/wp-json\/wp\/v2\/categories?post=297234"},{"taxonomy":"post_tag","embeddable":true,"href":"https:\/\/www.europesays.com\/es\/wp-json\/wp\/v2\/tags?post=297234"}],"curies":[{"name":"wp","href":"https:\/\/api.w.org\/{rel}","templated":true}]}}