{"id":297244,"date":"2025-12-20T03:42:27","date_gmt":"2025-12-20T03:42:27","guid":{"rendered":"https:\/\/www.europesays.com\/es\/297244\/"},"modified":"2025-12-20T03:42:27","modified_gmt":"2025-12-20T03:42:27","slug":"la-gripe-azota-tambien-a-europa-internacional","status":"publish","type":"post","link":"https:\/\/www.europesays.com\/es\/297244\/","title":{"rendered":"La gripe azota tambi\u00e9n a Europa | Internacional"},"content":{"rendered":"<p class=\"loc\">Madrid\/Londres<\/p>\n<p>La gripe que <a href=\"https:\/\/cadenaser.com\/nacional\/2025\/12\/18\/la-supergripe-pone-al-limite-al-sistema-sanitario-y-sus-profesionales-cadena-ser\/\" target=\"_blank\" rel=\"nofollow noopener\" title=\"https:\/\/cadenaser.com\/nacional\/2025\/12\/18\/la-supergripe-pone-al-limite-al-sistema-sanitario-y-sus-profesionales-cadena-ser\/\">est\u00e1 afectando especialmente a Espa\u00f1a<\/a> estos d\u00edas es un problema generalizado en buena parte de Europa. La Organizaci\u00f3n Mundial de la Salud ha confirmado un aumento de casos en 27 pa\u00edses con respecto al promedio en estas fechas, as\u00ed como de la llegada de estos picos hasta cuatro semanas antes de lo habitual en algunos pa\u00edses. <\/p>\n<p>La OMS alerta de una nueva cepa concreta, que llama subtipo K, que est\u00e1 incrementando notablemente la presi\u00f3n sobre todo en cinco pa\u00edses: Reino Unido, Irlanda, Eslovenia, Serbia y Montenegro. M\u00e1s de la mitad de los pacientes tratados en estos pa\u00edses con s\u00edntomas han dado positivo por gripe. <\/p>\n<blockquote class=\"pullquote\" cite=\"Hans Kluge, director de la OMS para Europa\">\n<p>La gripe de este a\u00f1o tiene una variante que puede conllevar una presi\u00f3n enorme sobre los sistemas de salud<\/p>\n<p>\u2014 \u00a0Hans Kluge, director de la OMS para Europa<\/p><\/blockquote>\n<p>Francia y Portugal se preparan tambi\u00e9n para el pico en los pr\u00f3ximos d\u00edas. En el primer caso, el propio gobierno ha recomendado a los ciudadanos que lleven mascarilla. La ministra francesa de Sanidad, St\u00e9phanie Rist, considera que ahora mismo es fundamental llevarla en el transporte p\u00fablico, por lo que \u00abes mi deber repetir esta recomendaci\u00f3n cada 10 minutos si hace falta\u00bb, ha dicho a primera hora en una cadena de televisi\u00f3n de su pa\u00eds. <\/p>\n<blockquote class=\"pullquote\" cite=\"St\u00e9phanie Rist, ministra de Sanidad de Francia\">\n<p>S\u00e9 que es un mensaje que no gusta, pero es mejor usar mascarilla para evitar la propagaci\u00f3n de esta cepa<\/p>\n<p>\u2014 \u00a0St\u00e9phanie Rist, ministra de Sanidad de Francia<\/p><\/blockquote>\n<p>En el caso de Portugal se suma adem\u00e1s el impacto de la pobreza energ\u00e9tica con la llegada del fr\u00edo, ya que millones de personas no pueden calentar debidamente su hogar. Tambi\u00e9n Italia se prepara para un pico con un incremento de 100.000 hospitalizados por gripe solo en la \u00faltima semana. <\/p>\n<p>Lo peor, en el Reino Unido<\/p>\n<p>Los casos de gripe est\u00e1n teniendo un fuerte impacto en los hospitales del Reino Unido. El Servicio Nacional de Salud (NHS) en Inglaterra ha informado de un aumento del 18% del n\u00famero de hospitalizaciones por gripe esta semana respecto a la semana anterior. Esto se suma al incremento del 55% registrado la semana pasada, algo que confirma una tendencia al alza que todav\u00eda no ha alcanzado su pico, seg\u00fan alertan los jefes del servicio m\u00e9dico. El n\u00famero de visitas a urgencias alcanz\u00f3 los 2,35 millones el pasado noviembre \u201430.000 m\u00e1s que en el mismo mes del a\u00f1o anterior\u2014, mientras que el uso de ambulancias ha aumentado cerca de un 6%. <\/p>\n<p>M\u00e1s informaci\u00f3n<\/p>\n<p>Los responsables sanitarios han recomendado a las personas que se sientan enfermas que utilicen mascarillas en el transporte p\u00fablico, mientras que algunos hospitales est\u00e1n pidiendo su uso para evitar saturar todav\u00eda m\u00e1s el servicio. A esta situaci\u00f3n se ha sumado una nueva huelga de cinco d\u00edas de los m\u00e9dicos residentes, quienes reclaman un aumento salarial del 26% y mejores condiciones laborales. El ministro de Sanidad, Wes Streeting, ha lamentado la negativa de los m\u00e9dicos de retrasar la huelga a enero a pesar de la situaci\u00f3n actual en los hospitales. <\/p>\n<p><img decoding=\"async\" src=\"https:\/\/www.europesays.com\/es\/wp-content\/uploads\/2025\/12\/VB2HL6TO25DQJDTVVJRY5UFG7E.jpg\" alt=\"M\u00e9dicos en huelga se manifiestan esta semana en un hospital de Bristol (Inglaterra)\" width=\"4\" height=\"3\"  loading=\"lazy\"\/><\/p>\n<p>M\u00e9dicos en huelga se manifiestan esta semana en un hospital de Bristol (Inglaterra) \/ Finnbarr Webster<\/p>\n<p>Ampliar<img decoding=\"async\" src=\"https:\/\/www.europesays.com\/es\/wp-content\/uploads\/2025\/12\/1766202147_768_VB2HL6TO25DQJDTVVJRY5UFG7E.jpg\" alt=\"M\u00e9dicos en huelga se manifiestan esta semana en un hospital de Bristol (Inglaterra)\" width=\"4\" height=\"3\" loading=\"lazy\"\/><\/p>\n<p>M\u00e9dicos en huelga se manifiestan esta semana en un hospital de Bristol (Inglaterra) \/ Finnbarr Webster<\/p>\n<p>Cerrar<\/p>\n<p>\u201cSolo puedo suponer que la raz\u00f3n por la que se niegan a hacerlo es porque saben que esta semana ser\u00e1 la m\u00e1s dolorosa para el NHS\u201d, ha asegurado el ministro, quien ha alertado de que los hospitales se encuentran \u201cbajo la mayor presi\u00f3n desde el Covid\u201d. <\/p>\n<p>El Gobierno asegura que est\u00e1 intensificando los programas de vacunaci\u00f3n, con m\u00e1s de 18 millones de vacunas administradas este oto\u00f1o entre la poblaci\u00f3n general y el personal sanitario para frenar la ola de ingresos hospitalarios.<\/p>\n","protected":false},"excerpt":{"rendered":"Madrid\/Londres La gripe que est\u00e1 afectando especialmente a Espa\u00f1a estos d\u00edas es un problema generalizado en buena parte&hellip;\n","protected":false},"author":2,"featured_media":297245,"comment_status":"","ping_status":"","sticky":false,"template":"","format":"standard","meta":{"footnotes":""},"categories":[92],"tags":[1765,25,24,165,166,23,1766],"class_list":{"0":"post-297244","1":"post","2":"type-post","3":"status-publish","4":"format-standard","5":"has-post-thumbnail","7":"category-salud","8":"tag-bestof","9":"tag-es","10":"tag-espana","11":"tag-health","12":"tag-salud","13":"tag-spain","14":"tag-topix"},"share_on_mastodon":{"url":"https:\/\/pubeurope.com\/@es\/115749830409434363","error":""},"_links":{"self":[{"href":"https:\/\/www.europesays.com\/es\/wp-json\/wp\/v2\/posts\/297244","targetHints":{"allow":["GET"]}}],"collection":[{"href":"https:\/\/www.europesays.com\/es\/wp-json\/wp\/v2\/posts"}],"about":[{"href":"https:\/\/www.europesays.com\/es\/wp-json\/wp\/v2\/types\/post"}],"author":[{"embeddable":true,"href":"https:\/\/www.europesays.com\/es\/wp-json\/wp\/v2\/users\/2"}],"replies":[{"embeddable":true,"href":"https:\/\/www.europesays.com\/es\/wp-json\/wp\/v2\/comments?post=297244"}],"version-history":[{"count":0,"href":"https:\/\/www.europesays.com\/es\/wp-json\/wp\/v2\/posts\/297244\/revisions"}],"wp:featuredmedia":[{"embeddable":true,"href":"https:\/\/www.europesays.com\/es\/wp-json\/wp\/v2\/media\/297245"}],"wp:attachment":[{"href":"https:\/\/www.europesays.com\/es\/wp-json\/wp\/v2\/media?parent=297244"}],"wp:term":[{"taxonomy":"category","embeddable":true,"href":"https:\/\/www.europesays.com\/es\/wp-json\/wp\/v2\/categories?post=297244"},{"taxonomy":"post_tag","embeddable":true,"href":"https:\/\/www.europesays.com\/es\/wp-json\/wp\/v2\/tags?post=297244"}],"curies":[{"name":"wp","href":"https:\/\/api.w.org\/{rel}","templated":true}]}}