{"id":297251,"date":"2025-12-20T03:46:26","date_gmt":"2025-12-20T03:46:26","guid":{"rendered":"https:\/\/www.europesays.com\/es\/297251\/"},"modified":"2025-12-20T03:46:26","modified_gmt":"2025-12-20T03:46:26","slug":"el-concurso-navidad-viejuna-vuelve-para-celebrar-sus-diez-anos-el-comidista-gastronomia","status":"publish","type":"post","link":"https:\/\/www.europesays.com\/es\/297251\/","title":{"rendered":"El concurso \u2018Navidad Viejuna\u2019 vuelve para celebrar sus diez a\u00f1os | El Comidista | Gastronom\u00eda"},"content":{"rendered":"<p class=\"\">El concurso <a href=\"https:\/\/elpais.com\/gastronomia\/el-comidista\/2025-01-06\/comida-viejuna-de-navidad-las-mejores-fotos-de-los-lectores.html\" target=\"_self\" rel=\"nofollow noopener\" title=\"https:\/\/elpais.com\/gastronomia\/el-comidista\/2025-01-06\/comida-viejuna-de-navidad-las-mejores-fotos-de-los-lectores.html\">Navidad Viejuna<\/a> ya es oficialmente viejuno: parece que fue ayer, pero hace diez a\u00f1os que celebramos <a href=\"https:\/\/elpais.com\/gastronomia\/el-comidista\/2015\/12\/28\/articulo\/1451326850_389848.html\" target=\"_self\" rel=\"nofollow noopener\" title=\"https:\/\/elpais.com\/gastronomia\/el-comidista\/2015\/12\/28\/articulo\/1451326850_389848.html\">su primera edici\u00f3n<\/a>, y ahora llegamos a su segunda d\u00e9cada con m\u00e1s ganas de fiesta que nunca. Preparad los belenes comestibles, los c\u00f3cteles de marisco, las ensaladillas con decoraciones churriguerescas y los melocotones en alm\u00edbar rellenos, porque <a href=\"https:\/\/elpais.com\/gastronomia\/el-comidista\/2020\/12\/30\/articulo\/1609317103_215346.html\" target=\"_self\" rel=\"nofollow noopener\" title=\"https:\/\/elpais.com\/gastronomia\/el-comidista\/2020\/12\/30\/articulo\/1609317103_215346.html\">el nivel ha ido subiendo a\u00f1o tras a\u00f1o<\/a> y este 2025 promete ser glorioso.<\/p>\n<p class=\"\">Queremos ver todas las <a href=\"https:\/\/elpais.com\/gastronomia\/el-comidista\/2022\/12\/28\/articulo\/1672262716_067947.html\" rel=\"nofollow noopener\" target=\"_blank\">delicias demod\u00e9s<\/a> que prepar\u00e9is en vuestras cocinas o encontr\u00e9is en los banquetes familiares. Para participar, no ten\u00e9is m\u00e1s que enviarnos fotos de cualquier aperitivo, plato o postre <a href=\"https:\/\/elpais.com\/gastronomia\/recetas\/2020\/05\/08\/receta\/1588938120_420383.html\" rel=\"nofollow noopener\" target=\"_blank\">que recuerde a los sesenta, los setenta, los ochenta o incluso los noventa<\/a>, y no pegue ni con cola en la modernidad gastro del siglo XXI. \u00bfNecesitas inspiraci\u00f3n? Pues echa un ojo a <a href=\"https:\/\/elpais.com\/gastronomia\/el-comidista\/2025-01-06\/comida-viejuna-de-navidad-las-mejores-fotos-de-los-lectores.html\" target=\"_self\" rel=\"nofollow noopener\" title=\"https:\/\/elpais.com\/gastronomia\/el-comidista\/2025-01-06\/comida-viejuna-de-navidad-las-mejores-fotos-de-los-lectores.html\">los ganadores del a\u00f1o pasado<\/a>; el <a href=\"https:\/\/elpais.com\/gastronomia\/el-comidista\/2024-01-06\/comida-viejuna-de-navidad-las-mejores-fotos-de-este-ano.html\" target=\"_self\" rel=\"nofollow noopener\" title=\"https:\/\/elpais.com\/gastronomia\/el-comidista\/2024-01-06\/comida-viejuna-de-navidad-las-mejores-fotos-de-este-ano.html\">previo<\/a> o el <a href=\"https:\/\/elpais.com\/gastronomia\/el-comidista\/2022\/12\/28\/articulo\/1672262716_067947.html\" target=\"_self\" rel=\"nofollow noopener\" title=\"https:\/\/elpais.com\/gastronomia\/el-comidista\/2022\/12\/28\/articulo\/1672262716_067947.html\">anterior<\/a>, y regoc\u00edjate con el festival de cisnes de hojaldre, \u00e1spics de verduras, pasteles de pescado, arc\u00e1ngeles de jam\u00f3n, ni\u00f1os Jes\u00fas de huevo relleno o \u00e1rboles de Navidad de embutidos, aceitunas y queso.<\/p>\n<p class=\"\">Advertencia importante: buscamos platos divertidos, bonitos, imaginativos y currados. Las cutreces poco apetitosas no van con este concurso. No queremos burlarnos de la comida viejuna, sino celebrarla y rendirle un justo homenaje en su temporada alta, que es la Navidad.<\/p>\n<p class=\"\">Un a\u00f1o m\u00e1s, los premios son la repera, y vienen servidos por nuestra tienda favorita de trastos de cocina, <a href=\"https:\/\/www.lecuine.com\/\" rel=\"nofollow noopener\" target=\"_blank\">Le Cuine<\/a>. El ganador del concurso se llevar\u00e1 <a href=\"https:\/\/www.lecuine.com\/baterias-de-cocina\/3683-bateria-cocina-acero-inoxidable-tramontina-grano-5-piezas.html\" target=\"_self\" rel=\"nofollow noopener\" title=\"https:\/\/www.lecuine.com\/baterias-de-cocina\/3683-bateria-cocina-acero-inoxidable-tramontina-grano-5-piezas.html\">una superbater\u00eda de cocina Tramontina Grano<\/a>: tres <a href=\"https:\/\/www.lecuine.com\/267-sartenes-acero-inoxidable\" target=\"_self\" rel=\"nofollow noopener\" title=\"https:\/\/www.lecuine.com\/267-sartenes-acero-inoxidable\">sartenes de acero inoxidable<\/a>; una cacerola y un cazo del mismo material, v\u00e1lidas para cualquier tipo de cocina. Son estilosas, transmiten bien el calor en todos los puntos y no se desgastan con el tiempo, ya que carecen de revestimientos que se puedan desprender. <\/p>\n<p><img decoding=\"auto\" class=\"_re lazyload a_m-h\" height=\"414\"  width=\"414\"  src=\"https:\/\/www.europesays.com\/es\/wp-content\/uploads\/2025\/12\/66OVXFMF4ZAEDNO3WIFFCUIDYQ.jpg\" loading=\"lazy\"\/>B\u00e1sicos imprescindiblesLe Cuine<\/p>\n<p class=\"\">Para los cuatro finalistas, el premio ser\u00e1n <a href=\"https:\/\/www.lecuine.com\/sartenes-acero-inoxidable\/3620-pack-3-sartenes-acero-inoxidable-tramontina-grano.html\" target=\"_self\" rel=\"nofollow noopener\" title=\"https:\/\/www.lecuine.com\/sartenes-acero-inoxidable\/3620-pack-3-sartenes-acero-inoxidable-tramontina-grano.html\">tres sartenes de acero inoxidable de Tramontina Grano<\/a> con las mismas ventajas: no pierden con el tiempo, distribuyen bien el calor en cualquier tipo de fog\u00f3n \u2013gas, inducci\u00f3n, vitrocer\u00e1mica o el\u00e9ctrico\u2013 y las puedes sacar a la mesa porque son chulas. <\/p>\n<p><img decoding=\"auto\" class=\"_re lazyload a_m-v\" height=\"415\"  width=\"414\"  src=\"https:\/\/www.europesays.com\/es\/wp-content\/uploads\/2025\/12\/SCHGF7HFMJEHFNNHA3QIFF23WY.jpg\" loading=\"lazy\"\/>Un segundo premio de lujo.Le Cuine<\/p>\n<p class=\"\">Como ya es tradici\u00f3n, los ganadores los decidir\u00e1 el Politbur\u00f3 de El Comidista en asamblea ultrasecreta. Se valorar\u00e1 la originalidad, la fantas\u00eda, el encanto, la historia sentimental del plato, su viejunismo, el sentido del humor, el desparrame&#8230; todo cosas buenas. <\/p>\n<p class=\"\">Ten\u00e9is m\u00faltiples v\u00edas para enviarnos las fotos:<\/p>\n<ul>\n<li>Por mail, escribiendo a\u00a0<b>concursocomidista@gmail.com<\/b>\u00a0y poniendo en el asunto \u201cNavidad Viejuna\u201d.<\/li>\n<li>Por\u00a0<a href=\"https:\/\/www.instagram.com\/elcomidista\/?hl=es\" rel=\"nofollow noopener\" target=\"_blank\">Instagram,<\/a>\u00a0<a href=\"https:\/\/bsky.app\/profile\/elcomidista.bsky.social\" target=\"_blank\" rel=\"nofollow noopener\">BlueSky<\/a>\u00a0o\u00a0<a href=\"https:\/\/x.com\/ElComidista\" target=\"_blank\" rel=\"nofollow\">X<\/a>, citando a\u00a0@elcomidista\u00a0(@elcomidista.bsky.social en el caso de BlueSky) y usando la etiqueta #NavidadViejuna.<\/li>\n<li>En anal\u00f3gico, envi\u00e1ndolas por paloma mensajera o t\u00e9lex a nuestra sede social: Ernst Stavro, 14, 5\u00ba derecha. Spectra, Ciudad de Vacaciones. Vladivostok (antigua Uni\u00f3n Sovi\u00e9tica).<\/li>\n<\/ul>\n<p class=\"\">Las im\u00e1genes deben llegar a nuestras manos antes de las 12 de la noche del s\u00e1bado 27 de diciembre.<\/p>\n<p class=\"\">El veredicto se har\u00e1 p\u00fablico el 6 de enero, d\u00eda de Reyes, en esta misma web, en un art\u00edculo en el que se mostrar\u00e1n las mejores im\u00e1genes recibidas. Hasta entonces, os deseamos una Navidad lo m\u00e1s viejuna posible, que para moderneces ya est\u00e1 el resto del a\u00f1o.<\/p>\n<p class=\"\">Puedes consultar las bases del concurso <a href=\"https:\/\/drive.google.com\/file\/d\/1L2yVQwtiHYlI95I9QAHbR6KNilJii193\/view?usp=sharing\" target=\"_self\" rel=\"nofollow noopener\" title=\"https:\/\/drive.google.com\/file\/d\/1L2yVQwtiHYlI95I9QAHbR6KNilJii193\/view?usp=sharing\">aqu\u00ed<\/a>. <\/p>\n<p class=\"\">Sigue a El Comidista en <a href=\"https:\/\/www.youtube.com\/channel\/UCoIJrrwXy_mlr1WkC4vaTnA\" target=\"_self\" rel=\"nofollow noopener\" title=\"https:\/\/www.youtube.com\/channel\/UCoIJrrwXy_mlr1WkC4vaTnA\">Youtube<\/a><\/p>\n<p><script async src=\"\/\/www.instagram.com\/embed.js\"><\/script><\/p>\n","protected":false},"excerpt":{"rendered":"El concurso Navidad Viejuna ya es oficialmente viejuno: parece que fue ayer, pero hace diez a\u00f1os que celebramos&hellip;\n","protected":false},"author":2,"featured_media":297252,"comment_status":"","ping_status":"","sticky":false,"template":"","format":"standard","meta":{"footnotes":""},"categories":[42],"tags":[17,18,6602,7580,47137,13,14,43,244,4475,11,24705,61,62,63,64,19,20,2951,9,70764,10,15,16,12,21,22,65,66,67],"class_list":{"0":"post-297251","1":"post","2":"type-post","3":"status-publish","4":"format-standard","5":"has-post-thumbnail","7":"category-internacional","8":"tag-breaking-news","9":"tag-breakingnews","10":"tag-cocina-tradicional","11":"tag-concursos","12":"tag-concursos-gastronomicos","13":"tag-featured-news","14":"tag-featurednews","15":"tag-fiestas","16":"tag-fotografia","17":"tag-gastronomia","18":"tag-headlines","19":"tag-humor","20":"tag-internacional","21":"tag-international","22":"tag-international-news","23":"tag-internationalnews","24":"tag-latest-news","25":"tag-latestnews","26":"tag-navidad","27":"tag-news","28":"tag-nochebuena","29":"tag-noticias","30":"tag-noticias-destacadas","31":"tag-noticiasdestacadas","32":"tag-titulares","33":"tag-ultimas-noticias","34":"tag-ultimasnoticias","35":"tag-world","36":"tag-world-news","37":"tag-worldnews"},"share_on_mastodon":{"url":"","error":"Validation failed: Text character limit of 500 exceeded"},"_links":{"self":[{"href":"https:\/\/www.europesays.com\/es\/wp-json\/wp\/v2\/posts\/297251","targetHints":{"allow":["GET"]}}],"collection":[{"href":"https:\/\/www.europesays.com\/es\/wp-json\/wp\/v2\/posts"}],"about":[{"href":"https:\/\/www.europesays.com\/es\/wp-json\/wp\/v2\/types\/post"}],"author":[{"embeddable":true,"href":"https:\/\/www.europesays.com\/es\/wp-json\/wp\/v2\/users\/2"}],"replies":[{"embeddable":true,"href":"https:\/\/www.europesays.com\/es\/wp-json\/wp\/v2\/comments?post=297251"}],"version-history":[{"count":0,"href":"https:\/\/www.europesays.com\/es\/wp-json\/wp\/v2\/posts\/297251\/revisions"}],"wp:featuredmedia":[{"embeddable":true,"href":"https:\/\/www.europesays.com\/es\/wp-json\/wp\/v2\/media\/297252"}],"wp:attachment":[{"href":"https:\/\/www.europesays.com\/es\/wp-json\/wp\/v2\/media?parent=297251"}],"wp:term":[{"taxonomy":"category","embeddable":true,"href":"https:\/\/www.europesays.com\/es\/wp-json\/wp\/v2\/categories?post=297251"},{"taxonomy":"post_tag","embeddable":true,"href":"https:\/\/www.europesays.com\/es\/wp-json\/wp\/v2\/tags?post=297251"}],"curies":[{"name":"wp","href":"https:\/\/api.w.org\/{rel}","templated":true}]}}