{"id":297267,"date":"2025-12-20T04:03:15","date_gmt":"2025-12-20T04:03:15","guid":{"rendered":"https:\/\/www.europesays.com\/es\/297267\/"},"modified":"2025-12-20T04:03:15","modified_gmt":"2025-12-20T04:03:15","slug":"evangelion-obtendra-un-cortometraje-animado-en-conmemoracion-de-los-30-anos-de-la-franquicia-anmtv","status":"publish","type":"post","link":"https:\/\/www.europesays.com\/es\/297267\/","title":{"rendered":"Evangelion obtendr\u00e1 un cortometraje animado en conmemoraci\u00f3n de los 30 a\u00f1os de la franquicia \u2013 ANMTV"},"content":{"rendered":"<p><a href=\"https:\/\/blogger.googleusercontent.com\/img\/b\/R29vZ2xl\/AVvXsEhEXBHOwfp-PlPdn1YFNCwnWVj46zJRJrU6vzHM-aSggcE5mtK5zvCEVgbNAW1kCs0CCTSqmytcb1fMdl2KfW-FUz_deEmTdRU_tIcyYdA_xJOOgGCoeUh42_Xa7LZk1rVDi_P9a9mfoM8zQgnbtY7UNfU2nb9IwkRvflS_VcpftGddTebnWcq9JyOJ7B-g\/s800\/imagen_2025-12-19_000649586.png\" imageanchor=\"1\" style=\"margin-left: 1em; margin-right: 1em;\" rel=\"nofollow noopener\" target=\"_blank\"><img decoding=\"async\" border=\"0\" data-original-height=\"400\" data-original-width=\"800\" loading=\"lazy\" src=\"https:\/\/www.europesays.com\/es\/wp-content\/uploads\/2025\/12\/imagen_2025-12-19_000649586.png\"\/><\/a><\/p>\n<p>Este jueves (18) se anunci\u00f3 que la franquicia <b>Evangelion <\/b>contar\u00e1 con un nuevo proyecto animado. El proyecto ser\u00e1 un cortometraje de aproximadamente 13 minutos, titulado <b>Evangelion Broadcast 30th Anniversary Special Screening <\/b>(Evangelion Hosoo 30 Shuunen Kinen Tokubetsu Koogyo), dedicado a la celebraci\u00f3n de los 30 a\u00f1os de la franquicia, que comenz\u00f3 en 1995 con el anime <b>Neon Genesis Evangelion<\/b>.<\/p>\n<p><a name=\"more\"\/><\/p>\n<p>El cortometraje se proyectar\u00e1 por primera vez en el evento \u00abEvangelion:30+; 30th Anniversary of Evangelion\u00bb, que tendr\u00e1 lugar en el Yokohama Arena entre el 21 y el 23 de febrero de 2026. Seg\u00fan la informaci\u00f3n divulgada, la proyecci\u00f3n tendr\u00e1 lugar una vez al d\u00eda, durante los tres d\u00edas del evento, en una pantalla LED gigante de 15 \u00d7 18 metros.<\/p>\n<p>La producci\u00f3n est\u00e1 a cargo del estudio <b>Khara<\/b>, con direcci\u00f3n de <b>Naoyuki Asano<\/b>. <b>Hideaki Anno<\/b>, creador de Evangelion, act\u00faa como supervisor jefe y guionista. El proyecto tambi\u00e9n cuenta con la supervisi\u00f3n de <b>Kazuya Tsurumaki<\/b>, <b>Shinji Higuchi <\/b>e <b>Ikki Todoroki<\/b>, todos con experiencia en la franquicia.<\/p>\n<p>La serie animada <b>Neon Genesis Evangelion<\/b> est\u00e1 disponible en <b>Netflix <\/b>con doblaje y subt\u00edtulos en espa\u00f1ol, al igual que las pel\u00edculas <b style=\"font-style: italic;\">Evangelion: Death (True)\u00b2 <\/b>y <b style=\"font-style: italic;\">The End of Evangelion<\/b>. Por su parte, <b>Amazon Prime Video <\/b>ofrece las cuatro pel\u00edculas de <b>Rebuild of Evangelion<\/b>, con las mismas opciones de audio y subt\u00edtulos.<\/p>\n","protected":false},"excerpt":{"rendered":"Este jueves (18) se anunci\u00f3 que la franquicia Evangelion contar\u00e1 con un nuevo proyecto animado. El proyecto ser\u00e1&hellip;\n","protected":false},"author":2,"featured_media":297268,"comment_status":"","ping_status":"","sticky":false,"template":"","format":"standard","meta":{"footnotes":""},"categories":[169],"tags":[177,146,147,25,24,176,175,23],"class_list":{"0":"post-297267","1":"post","2":"type-post","3":"status-publish","4":"format-standard","5":"has-post-thumbnail","7":"category-cine","8":"tag-cine","9":"tag-entertainment","10":"tag-entretenimiento","11":"tag-es","12":"tag-espana","13":"tag-film","14":"tag-movies","15":"tag-spain"},"share_on_mastodon":{"url":"https:\/\/pubeurope.com\/@es\/115749913238304287","error":""},"_links":{"self":[{"href":"https:\/\/www.europesays.com\/es\/wp-json\/wp\/v2\/posts\/297267","targetHints":{"allow":["GET"]}}],"collection":[{"href":"https:\/\/www.europesays.com\/es\/wp-json\/wp\/v2\/posts"}],"about":[{"href":"https:\/\/www.europesays.com\/es\/wp-json\/wp\/v2\/types\/post"}],"author":[{"embeddable":true,"href":"https:\/\/www.europesays.com\/es\/wp-json\/wp\/v2\/users\/2"}],"replies":[{"embeddable":true,"href":"https:\/\/www.europesays.com\/es\/wp-json\/wp\/v2\/comments?post=297267"}],"version-history":[{"count":0,"href":"https:\/\/www.europesays.com\/es\/wp-json\/wp\/v2\/posts\/297267\/revisions"}],"wp:featuredmedia":[{"embeddable":true,"href":"https:\/\/www.europesays.com\/es\/wp-json\/wp\/v2\/media\/297268"}],"wp:attachment":[{"href":"https:\/\/www.europesays.com\/es\/wp-json\/wp\/v2\/media?parent=297267"}],"wp:term":[{"taxonomy":"category","embeddable":true,"href":"https:\/\/www.europesays.com\/es\/wp-json\/wp\/v2\/categories?post=297267"},{"taxonomy":"post_tag","embeddable":true,"href":"https:\/\/www.europesays.com\/es\/wp-json\/wp\/v2\/tags?post=297267"}],"curies":[{"name":"wp","href":"https:\/\/api.w.org\/{rel}","templated":true}]}}