{"id":29727,"date":"2025-08-06T15:50:12","date_gmt":"2025-08-06T15:50:12","guid":{"rendered":"https:\/\/www.europesays.com\/es\/29727\/"},"modified":"2025-08-06T15:50:12","modified_gmt":"2025-08-06T15:50:12","slug":"los-dos-mclaren-son-mas-imbatibles","status":"publish","type":"post","link":"https:\/\/www.europesays.com\/es\/29727\/","title":{"rendered":"Los dos McLaren son m\u00e1s imbatibles"},"content":{"rendered":"<p data-journey-content=\"true\" data-node-id=\"2\" class=\"css-i9p093 emevuu60\">La normativa iniciada en 2022 ha sido la oportunidad perfecta para un Max Verstappen que ha ido aumentando su palmar\u00e9s con el paso de los a\u00f1os. Esa misma temporada, logr\u00f3 un total de 15 victorias, y en 2023, la suma ascendi\u00f3 hasta las 19 en total. Adem\u00e1s de todo ello, contar con los cuatro t\u00edtulos de pilotos consecutivas, desde 2021 hasta la actualidad. Sin embargo, en este 2025, el propio Max Verstappen ya admite que tiene muy pocas opciones de revalidar el mundial.<\/p>\n<p>Max Verstappen y el dominio de McLaren<\/p>\n<p data-journey-content=\"true\" data-node-id=\"4\" class=\"css-i9p093 emevuu60\">Este argumento tiene un causante, y es el equipo papaya. Desde que comenz\u00f3 la temporada, <strong data-node-id=\"4.1\">los brit\u00e1nicos no s\u00f3lo se han visto superiores a una vuelta, sino que en carrera ya han logrado 11 victorias en 14 Grandes Premios. <\/strong>Una cifra a la altura de lo conseguido por el equipo de la bebida energ\u00e9tica en 2024, y que hace cada vez m\u00e1s dif\u00edcil que <a href=\"https:\/\/www.caranddriver.com\/es\/formula-1\/a65581486\/max-verstappen-saltar-alarmas-declive-red-bull-f1-gp-hungria-no-funciona\/\" target=\"_blank\" data-vars-ga-outbound-link=\"https:\/\/www.caranddriver.com\/es\/formula-1\/a65581486\/max-verstappen-saltar-alarmas-declive-red-bull-f1-gp-hungria-no-funciona\/\" data-vars-ga-ux-element=\"Hyperlink\" data-vars-ga-call-to-action=\"Max Verstappen pueda ser capaz de revalidar su t\u00edtulo de pilotos. \" data-node-id=\"4.3\" class=\"body-link css-168zq96 emevuu60\" rel=\"nofollow noopener\">Max Verstappen pueda ser capaz de revalidar su t\u00edtulo de pilotos. <\/a><\/p>\n<p data-journey-content=\"true\" data-node-id=\"5\" class=\"css-i9p093 emevuu60\">Actualmente, <strong data-node-id=\"5.1\">el neerland\u00e9s cuenta con 187 puntos, mientras que Lando Norris ya ha sumado 275 y Oscar Piastri 284. <\/strong>Una diferencia entre el l\u00edder y el \u20181\u2019 que se aproxima a la de los 100 puntos, por lo que Max Verstappen ha querido ser realista con sus posibilidades a la vuelta del par\u00f3n de verano. <a href=\"https:\/\/www.caranddriver.com\/es\/formula-1\/a65584742\/max-verstappen-carga-fia-incidente-lewis-hamilton-gp-hungria\/\" target=\"_blank\" data-vars-ga-outbound-link=\"https:\/\/www.caranddriver.com\/es\/formula-1\/a65584742\/max-verstappen-carga-fia-incidente-lewis-hamilton-gp-hungria\/\" data-vars-ga-ux-element=\"Hyperlink\" data-vars-ga-call-to-action=\"Tras del GP de Hungr\u00eda,\" data-node-id=\"5.3\" class=\"body-link css-168zq96 emevuu60\" rel=\"nofollow noopener\">Tras del GP de Hungr\u00eda,<\/a> fue preguntado sobre si volver\u00e1 a ganar alguna carrera esta misma temporada, a lo que el piloto fue muy claro.<\/p>\n<p><img alt=\"max verstappen f1\" title=\"Max Verstappen F1\" loading=\"lazy\" width=\"5200\" height=\"3467\" decoding=\"async\" data-nimg=\"1\" style=\"color:transparent;width:100%;height:auto;\"   src=\"https:\/\/www.europesays.com\/es\/wp-content\/uploads\/2025\/08\/gettyimages-2228082198-68935b3427038.jpg\" class=\"css-0 e1g79fud0\"\/><a target=\"_blank\" rel=\"noopener nofollow\" data-theme-key=\"base-link\" href=\"https:\/\/pinterest.com\/pin\/create\/button\/?url=https:\/\/www.caranddriver.com\/es\/formula-1\/a65613947\/max-verstappen-dura-confesion-red-bull-f1-gp-hungria-mclaren-imbatibles\/&amp;description=&amp;media=https:\/\/hips.hearstapps.com\/hmg-prod\/images\/gettyimages-2228082198-68935b3427038.jpg?resize=1600:*\" class=\"pinterest css-on9hn5 e1c1bym14\"><img decoding=\"async\" data-dynamic-svg=\"true\" src=\"https:\/\/www.caranddriver.com\/_assets\/design-tokens\/fre\/static\/icons\/social\/pinterest.e8cf655.svg?primary=%2523ffffff\" loading=\"lazy\" data-testid=\"dynamic-svg-base\" height=\"auto\" width=\"auto\" alt=\"pinterest\" class=\"css-4lml0h e1mlxuuw1\"\/><\/a><\/p>\n<p>Mark Sutton &#8211; Formula 1<\/p>\n<p data-journey-content=\"true\" data-node-id=\"8\" class=\"css-i9p093 emevuu60\">\u201c<strong data-node-id=\"8.1\">No, tal y como van las cosas en este momento, no. As\u00ed son las cosas, es obvio. De todas formas no puedo cambiar nada. <\/strong>Puedo enfadarme, pero eso tampoco har\u00e1 que el coche sea m\u00e1s r\u00e1pido\u201d, dec\u00eda el piloto de Red Bull.<\/p>\n<p data-journey-content=\"true\" data-node-id=\"9\" class=\"css-i9p093 emevuu60\">\u201cPor supuesto que ha estado bastante bien todo el fin de semana, pero los McLaren son cada vez m\u00e1s imbatibles. <strong data-node-id=\"9.1\">He estado un segundo por detr\u00e1s casi todo el fin de semana y en la Q3 de repente son s\u00f3lo tres d\u00e9cimas.<\/strong> Muy extra\u00f1o, pero tampoco me preocupa. Todo el mundo est\u00e1 haciendo las cosas bien. Yo tengo mis propios problemas y eso ya es suficiente\u201d, prosigui\u00f3. <\/p>\n<p data-journey-content=\"true\" data-node-id=\"10\" class=\"css-i9p093 emevuu60\">\u201cPero s\u00ed, por supuesto que siempre intentas dar lo mejor de ti para llevarte algunos momentos destacados, <strong data-node-id=\"10.1\">como en Spa, por ejemplo, con esa victoria al sprint. Pero este fin de semana, por desgracia, nada funcion\u00f3<\/strong>\u201d, concluy\u00f3 <a href=\"https:\/\/www.caranddriver.com\/es\/formula-1\/pilotos\/a3626\/max-verstappen\/\" target=\"_blank\" data-vars-ga-outbound-link=\"https:\/\/www.caranddriver.com\/es\/formula-1\/pilotos\/a3626\/max-verstappen\/\" data-vars-ga-ux-element=\"Hyperlink\" data-vars-ga-call-to-action=\"Max Verstappen. \" data-node-id=\"10.3\" class=\"body-link css-168zq96 emevuu60\" rel=\"nofollow noopener\">Max Verstappen. <\/a><\/p>\n<p data-journey-content=\"true\" data-node-id=\"11\" class=\"css-i9p093 emevuu60\">Es as\u00ed como el piloto de Red Bull ha querido ser realista sobre las posibilidades que tiene de revalidar su t\u00edtulo tras la vuelta del par\u00f3n de verano.<\/p>\n<p>Contenidos relacionados<\/p>\n","protected":false},"excerpt":{"rendered":"La normativa iniciada en 2022 ha sido la oportunidad perfecta para un Max Verstappen que ha ido aumentando&hellip;\n","protected":false},"author":2,"featured_media":29728,"comment_status":"","ping_status":"","sticky":false,"template":"","format":"standard","meta":{"footnotes":""},"categories":[270],"tags":[168,253,25,24,306,271,272,23,167],"class_list":{"0":"post-29727","1":"post","2":"type-post","3":"status-publish","4":"format-standard","5":"has-post-thumbnail","7":"category-formula-1","8":"tag-deportes","9":"tag-discover","10":"tag-es","11":"tag-espana","12":"tag-f1","13":"tag-formula-1","14":"tag-formula1","15":"tag-spain","16":"tag-sports"},"share_on_mastodon":{"url":"","error":""},"_links":{"self":[{"href":"https:\/\/www.europesays.com\/es\/wp-json\/wp\/v2\/posts\/29727","targetHints":{"allow":["GET"]}}],"collection":[{"href":"https:\/\/www.europesays.com\/es\/wp-json\/wp\/v2\/posts"}],"about":[{"href":"https:\/\/www.europesays.com\/es\/wp-json\/wp\/v2\/types\/post"}],"author":[{"embeddable":true,"href":"https:\/\/www.europesays.com\/es\/wp-json\/wp\/v2\/users\/2"}],"replies":[{"embeddable":true,"href":"https:\/\/www.europesays.com\/es\/wp-json\/wp\/v2\/comments?post=29727"}],"version-history":[{"count":0,"href":"https:\/\/www.europesays.com\/es\/wp-json\/wp\/v2\/posts\/29727\/revisions"}],"wp:featuredmedia":[{"embeddable":true,"href":"https:\/\/www.europesays.com\/es\/wp-json\/wp\/v2\/media\/29728"}],"wp:attachment":[{"href":"https:\/\/www.europesays.com\/es\/wp-json\/wp\/v2\/media?parent=29727"}],"wp:term":[{"taxonomy":"category","embeddable":true,"href":"https:\/\/www.europesays.com\/es\/wp-json\/wp\/v2\/categories?post=29727"},{"taxonomy":"post_tag","embeddable":true,"href":"https:\/\/www.europesays.com\/es\/wp-json\/wp\/v2\/tags?post=29727"}],"curies":[{"name":"wp","href":"https:\/\/api.w.org\/{rel}","templated":true}]}}