{"id":297274,"date":"2025-12-20T04:07:10","date_gmt":"2025-12-20T04:07:10","guid":{"rendered":"https:\/\/www.europesays.com\/es\/297274\/"},"modified":"2025-12-20T04:07:10","modified_gmt":"2025-12-20T04:07:10","slug":"siemens-presenta-la-programacion-para-ces-2026-con-la-revolucion-de-la-ia-industrial","status":"publish","type":"post","link":"https:\/\/www.europesays.com\/es\/297274\/","title":{"rendered":"Siemens presenta la programaci\u00f3n para CES 2026 con la revoluci\u00f3n de la IA industrial"},"content":{"rendered":"<p>La conferencia principal reunir\u00e1 a ejecutivos de <strong>NVIDIA, Microsoft, PepsiCo y Commonwealth Fusion Systems<\/strong> para una serie de conversaciones centradas en c\u00f3mo la <strong>IA<\/strong> est\u00e1 transformando el mundo f\u00edsico y transformando la manufactura, la infraestructura y el transporte.<\/p>\n<p>En la ponencia principal tendr\u00e1 lugar una conversaci\u00f3n entre Roland Busch y Jensen Huang, fundador y CEO de NVIDIA. Juntos, explorar\u00e1n la siguiente fase de IA industrial y lo que se necesitar\u00e1 para escalar la inteligencia de forma responsable y fiable en el mundo f\u00edsico. La discusi\u00f3n reflejar\u00e1 el crecimiento colaboraci\u00f3n entre Siemens y NVIDIA en la <strong>intersecci\u00f3n de IA, software y automatizaci\u00f3n e infraestructuras.<\/strong><\/p>\n<p> Tambi\u00e9n compartir\u00e1n lo que viene para su colaboraci\u00f3n, <strong>c\u00f3mo la IA remodelar\u00e1 la industria<\/strong> y qu\u00e9 se necesita para escalar la inteligencia desde el Centro de datos hasta la planta de f\u00e1brica y m\u00e1s all\u00e1.<\/p>\n<p>A lo largo de la ponencia principal, Roland Busch tambi\u00e9n interrumpir\u00e1 con socios y clientes que est\u00e1n moldeando el futuro de la industria, destacando a:<\/p>\n<ul>\n<li><strong>Jay Parikh, vicepresidente ejecutivo de CoreAI en Microsoft<\/strong>, hablar\u00e1 sobre c\u00f3mo la convergencia de la excelencia en IA de Microsoft y la experiencia industrial de Siemens ser\u00e1 Permitir la pr\u00f3xima ola de transformaci\u00f3n industrial.<\/li>\n<\/ul>\n<ul>\n<li><strong>Athina Kanioura, CEO de Estrategia y Transformaci\u00f3n de Am\u00e9rica Latina y Global. Oficial de PepsiCo<\/strong>, ofrecer\u00e1 Perspectivas sobre c\u00f3mo las empresas globales est\u00e1n reconfigurando sus operaciones y replanteando Creaci\u00f3n de valor \u2013 aprovechando la tecnolog\u00eda de gemelos digitales y simulaci\u00f3n avanzada \u2013 para mantenerse a la vanguardia en un entorno industrial cada vez m\u00e1s digital y impulsado por la IA.<\/li>\n<\/ul>\n<ul>\n<li><strong>Bob Mumgaard, CEO y cofundador de Commonwealth Fusion Sistemas (CFS),<\/strong>\u00a0analizar\u00e1 c\u00f3mo la tecnolog\u00eda avanzada est\u00e1 habilitando el papel de fusi\u00f3n comercial \u2013 abordando una de las actividades m\u00e1s complejas y desaf\u00edos consecuentes al allanar el camino para una energ\u00eda limpia, firme y abundante soluciones.<\/li>\n<\/ul>\n<p>Roland Busch tambi\u00e9n compartir\u00e1 la <strong>pila tecnol\u00f3gica que alimenta esta revoluci\u00f3n industrial de la IA.<\/strong> Introducir\u00e1 oportunidades concretas para las organizaciones aplicar la IA industrial en 2026 y m\u00e1s all\u00e1, reforzando el compromiso de Siemens con haciendo que la IA sea accesible, escalable e impactante para las industrias que impulsan el econom\u00eda global.<\/p>\n<p>La conferencia magistral del CES 2026 de Siemens sigue al Estado de la CTA el Discurso de la Industria a\u00a0<strong>las 8:30 a.m. PST el martes, 6 de enero de 2026<\/strong>, en el Palazzo Ballroom del Venetian y tambi\u00e9n se emitir\u00e1 en directo en el\u00a0<a href=\"https:\/\/www.linkedin.com\/company\/siemens\/events\/\" rel=\"nofollow noopener\" target=\"_blank\" data-href=\"https:\/\/www.linkedin.com\/company\/siemens\/events\/\" data->canal de LinkedIn de Siemens.<\/a><\/p>\n<p>Adem\u00e1s de la ponencia principal,\u00a0<strong>Siemens y AWS<\/strong>\u00a0tendr\u00e1n un estudio\u00a0<strong>de emisi\u00f3n<\/strong>\u00a0conjunto en el CES, con conversaciones con la industria de la IA y l\u00edderes de opini\u00f3n, socios y clientes compartiendo sus perspectivas sobre el los \u00faltimos anuncios en IA en el CES, as\u00ed como la adopci\u00f3n industrial de IA.<\/p>\n<tr>\n<td>\n<tr>\n<td class=\"column column-1\" style=\"mso-table-lspace: 0pt; mso-table-rspace: 0pt; font-weight: 400; text-align: left; padding-bottom: 5px; padding-top: 5px; vertical-align: middle; border: 0px;\" width=\"58.333333333333336%\">\n<tr>\n<td class=\"pad\" style=\"padding-bottom: 10px; padding-left: 25px; padding-top: 10px;\">\n<p style=\"margin: 0;\">Si te ha parecido interesante, puedes <strong>suscribirte\u00a0a nuestros newsletters<\/strong><\/p>\n<\/td>\n<\/tr>\n<\/td>\n<td class=\"column column-2\" style=\"mso-table-lspace: 0pt; mso-table-rspace: 0pt; font-weight: 400; text-align: left; padding-bottom: 5px; padding-top: 5px; vertical-align: middle; border: 0px;\" width=\"41.666666666666664%\">\n<tr>\n<td class=\"pad\" style=\"width: 100%; padding-right: 0px; padding-left: 0px;\">\n<p><a style=\"outline: none;\" tabindex=\"-1\" href=\"https:\/\/infoedita.co\/altaiq\" target=\"_blank\" rel=\"nofollow noopener\"><img decoding=\"async\" style=\"display: block; height: auto; border: 0; width: 100%;\" src=\"https:\/\/www.europesays.com\/es\/wp-content\/uploads\/2025\/12\/1766203630_510_boton suscripcion-02.png\" alt=\"\" width=\"221\" height=\"auto\"\/><\/a><\/p>\n<\/td>\n<\/tr>\n<\/td>\n<\/tr>\n<\/td>\n<\/tr>\n<p>\u00a0<\/p>\n<p><a href=\"https:\/\/www.whatsapp.com\/channel\/0029VaHXgKfKgsNpm9sGF52n\" target=\"_blank\" rel=\"nofollow noopener\"><strong>Sigue el canal de Industria Qu\u00edmica en WhatsApp<\/strong><\/a><strong>, donde encontrar\u00e1s toda la actualidad del sector qu\u00edmico y energ\u00e9tico en un solo espacio: la actualidad del d\u00eda y los art\u00edculos y reportajes t\u00e9cnicos m\u00e1s detallados e interesantes.\u00a0<\/strong><\/p>\n","protected":false},"excerpt":{"rendered":"La conferencia principal reunir\u00e1 a ejecutivos de NVIDIA, Microsoft, PepsiCo y Commonwealth Fusion Systems para una serie de&hellip;\n","protected":false},"author":2,"featured_media":297275,"comment_status":"","ping_status":"","sticky":false,"template":"","format":"standard","meta":{"footnotes":""},"categories":[81],"tags":[119,123,124,25,24,117,121,122,23,118,120],"class_list":{"0":"post-297274","1":"post","2":"type-post","3":"status-publish","4":"format-standard","5":"has-post-thumbnail","7":"category-ciencia-y-tecnologia","8":"tag-ciencia","9":"tag-ciencia-y-tecnologia","10":"tag-cienciaytecnologia","11":"tag-es","12":"tag-espana","13":"tag-science","14":"tag-science-and-technology","15":"tag-scienceandtechnology","16":"tag-spain","17":"tag-technology","18":"tag-tecnologia"},"share_on_mastodon":{"url":"https:\/\/pubeurope.com\/@es\/115749929374691697","error":""},"_links":{"self":[{"href":"https:\/\/www.europesays.com\/es\/wp-json\/wp\/v2\/posts\/297274","targetHints":{"allow":["GET"]}}],"collection":[{"href":"https:\/\/www.europesays.com\/es\/wp-json\/wp\/v2\/posts"}],"about":[{"href":"https:\/\/www.europesays.com\/es\/wp-json\/wp\/v2\/types\/post"}],"author":[{"embeddable":true,"href":"https:\/\/www.europesays.com\/es\/wp-json\/wp\/v2\/users\/2"}],"replies":[{"embeddable":true,"href":"https:\/\/www.europesays.com\/es\/wp-json\/wp\/v2\/comments?post=297274"}],"version-history":[{"count":0,"href":"https:\/\/www.europesays.com\/es\/wp-json\/wp\/v2\/posts\/297274\/revisions"}],"wp:featuredmedia":[{"embeddable":true,"href":"https:\/\/www.europesays.com\/es\/wp-json\/wp\/v2\/media\/297275"}],"wp:attachment":[{"href":"https:\/\/www.europesays.com\/es\/wp-json\/wp\/v2\/media?parent=297274"}],"wp:term":[{"taxonomy":"category","embeddable":true,"href":"https:\/\/www.europesays.com\/es\/wp-json\/wp\/v2\/categories?post=297274"},{"taxonomy":"post_tag","embeddable":true,"href":"https:\/\/www.europesays.com\/es\/wp-json\/wp\/v2\/tags?post=297274"}],"curies":[{"name":"wp","href":"https:\/\/api.w.org\/{rel}","templated":true}]}}