{"id":297286,"date":"2025-12-20T04:21:18","date_gmt":"2025-12-20T04:21:18","guid":{"rendered":"https:\/\/www.europesays.com\/es\/297286\/"},"modified":"2025-12-20T04:21:18","modified_gmt":"2025-12-20T04:21:18","slug":"ever-banega-no-seguira-en-newells-y-queda-libre","status":"publish","type":"post","link":"https:\/\/www.europesays.com\/es\/297286\/","title":{"rendered":"Ever Banega no seguir\u00e1 en Newell\u2019s y queda libre"},"content":{"rendered":"<p>La salida de Ever Banega marca el cierre de una etapa en Newell\u2019s Old Boys, en plena reconfiguraci\u00f3n deportiva tras la llegada de su nuevo cuerpo t\u00e9cnico<\/p>\n<p class=\"parrafo\">El inicio de una nueva etapa en <strong>Newell\u2019s Old Boys<\/strong> lleg\u00f3 acompa\u00f1ado de una noticia de fuerte impacto. En plena presentaci\u00f3n de la dupla t\u00e9cnica conformada por <strong>Flavio Orsi y Sergio G\u00f3mez<\/strong>, el club rosarino confirm\u00f3 la <strong>salida de Ever Banega<\/strong>, uno de los referentes del plantel y capit\u00e1n en la \u00faltima temporada.<\/p>\n<p class=\"parrafo\">El anuncio fue realizado por el <strong>director deportivo Roberto Sensini<\/strong>, quien dej\u00f3 en claro que la decisi\u00f3n fue consensuada entre ambas partes y marca el cierre definitivo del segundo ciclo del mediocampista en la instituci\u00f3n.<\/p>\n<p class=\"parrafo\"><strong>Una decisi\u00f3n consensuada entre el club y el jugador<\/strong><\/p>\n<p class=\"parrafo\">Durante la conferencia de prensa, Sensini tom\u00f3 la palabra para despejar cualquier duda sobre el futuro del volante. \u201c<strong>Ever Banega no va a continuar en Newell\u2019s<\/strong>. Es una decisi\u00f3n tomada de com\u00fan acuerdo entre el jugador y el club\u201d, explic\u00f3 el exdefensor, evitando as\u00ed especulaciones posteriores.<\/p>\n<p class=\"parrafo\">Banega, de <strong>37 a\u00f1os<\/strong>, hab\u00eda llegado al club en enero de 2024 tras quedar libre del <strong>Al-Shabab<\/strong> de Arabia Saudita, firmando un contrato por dos temporadas. Sin embargo, el dif\u00edcil contexto deportivo aceler\u00f3 una salida que ya se ven\u00eda analizando internamente.<\/p>\n<p class=\"parrafo\"><strong>Un regreso cargado de ilusi\u00f3n que termin\u00f3 con cr\u00edticas<\/strong><\/p>\n<p class=\"parrafo\">El retorno de <strong>Ever Banega<\/strong>, confeso hincha de la Lepra, hab\u00eda generado una gran expectativa entre los hinchas. No obstante, su segundo paso por el club estuvo lejos de ser ideal. Las <strong>lesiones<\/strong>, la falta de continuidad y el bajo rendimiento colectivo provocaron que el mediocampista fuera uno de los jugadores m\u00e1s cuestionados durante una temporada marcada por la lucha por evitar el descenso.<\/p>\n<p><img decoding=\"async\" src=\"https:\/\/www.europesays.com\/es\/wp-content\/uploads\/2025\/12\/82b60270-27dd-43b2-8d7e-b22f47a4742d_800x533.jpeg\" loading=\"lazy\"\/><\/p>\n<p class=\"parrafo\">\u201c<strong>No vine para esto, pero toca dar la cara<\/strong>\u201d, hab\u00eda declarado Banega tras lograr la permanencia en Primera Divisi\u00f3n, reflejando el malestar por una campa\u00f1a muy por debajo de lo esperado.<\/p>\n<p class=\"parrafo\"><strong>Los n\u00fameros de Banega en Newell\u2019s<\/strong><\/p>\n<p class=\"parrafo\">En total, Banega disput\u00f3 <strong>85 partidos oficiales<\/strong> con la camiseta rojinegra, repartidos en dos etapas: un primer ciclo en la temporada <strong>2013\/2014<\/strong> y el segundo entre <strong>2024 y 2025<\/strong>. En ese lapso convirti\u00f3 <strong>seis goles<\/strong> y se consolid\u00f3 como una voz de peso dentro del vestuario, aunque sin poder trasladar su jerarqu\u00eda al rendimiento colectivo.<\/p>\n<p class=\"parrafo\">A nivel internacional, su carrera incluye pasos destacados por <strong>Sevilla<\/strong>, <strong>Inter de Mil\u00e1n<\/strong>, adem\u00e1s de su extensa trayectoria en la <strong>Selecci\u00f3n Argentina<\/strong>, con la que disput\u00f3 <strong>65 partidos<\/strong>, el <strong>Mundial de Rusia 2018<\/strong>, y logr\u00f3 t\u00edtulos juveniles y ol\u00edmpicos.<\/p>\n<p class=\"parrafo\"><strong>Un futuro abierto para el mediocampista<\/strong><\/p>\n<p class=\"parrafo\">Con su salida ya confirmada, el futuro de <strong>Ever Banega<\/strong> permanece abierto. Seg\u00fan trascendi\u00f3, el futbolista analiza <strong>ofertas de la MLS<\/strong> y tambi\u00e9n eval\u00faa propuestas del <strong>f\u00fatbol espa\u00f1ol<\/strong>, aunque no se descarta la posibilidad de que decida <strong>poner fin a su carrera profesional<\/strong>.<\/p>\n<p class=\"parrafo\">La decisi\u00f3n final depender\u00e1 tanto de las propuestas deportivas como de su estado f\u00edsico, un factor que influy\u00f3 notablemente en su \u00faltimo a\u00f1o en Rosario.<\/p>\n<p class=\"parrafo\"><strong>Nuevo proyecto deportivo en Newell\u2019s<\/strong><\/p>\n<p class=\"parrafo\">La salida de Banega se enmarca dentro de un <strong>profundo proceso de renovaci\u00f3n<\/strong> en Newell\u2019s Old Boys. Tras un <strong>recambio dirigencial hist\u00f3rico<\/strong>, Ignacio Boero asumi\u00f3 como presidente luego de imponerse en unas elecciones r\u00e9cord, convirti\u00e9ndose en el mandatario m\u00e1s votado de la historia del club.<\/p>\n<p class=\"parrafo\">Una de sus primeras decisiones fue nombrar a <strong>Roberto Sensini<\/strong> como director deportivo, quien a su vez eligi\u00f3 a <strong>Orsi y G\u00f3mez<\/strong> como entrenadores del primer equipo. La dupla, campeona con <strong>Platense<\/strong>, afrontar\u00e1 su cuarto desaf\u00edo en la <strong>Primera Divisi\u00f3n<\/strong> tras sus pasos por Godoy Cruz y Atl\u00e9tico Tucum\u00e1n.<\/p>\n<p class=\"parrafo\"><strong>Un cierre simb\u00f3lico y un nuevo comienzo<\/strong><\/p>\n<p class=\"parrafo\">La despedida de <strong>Ever Banega<\/strong> simboliza el final de una etapa y el inicio de otra en el Parque Independencia. Newell\u2019s busca <strong>reconstruirse deportiva e institucionalmente<\/strong>, dejando atr\u00e1s una de las peores campa\u00f1as de los \u00faltimos a\u00f1os y apostando por un proyecto que renueve energ\u00edas.<\/p>\n<p class=\"parrafo\">Mientras tanto, el nombre de Banega queda ligado para siempre a la historia del club que lo vio regresar, aunque su \u00faltimo cap\u00edtulo no haya sido el so\u00f1ado.<\/p>\n","protected":false},"excerpt":{"rendered":"La salida de Ever Banega marca el cierre de una etapa en Newell\u2019s Old Boys, en plena reconfiguraci\u00f3n&hellip;\n","protected":false},"author":2,"featured_media":297287,"comment_status":"","ping_status":"","sticky":false,"template":"","format":"standard","meta":{"footnotes":""},"categories":[268],"tags":[70765,168,25,24,284,285,280,282,1698,281,23,167],"class_list":{"0":"post-297286","1":"post","2":"type-post","3":"status-publish","4":"format-standard","5":"has-post-thumbnail","7":"category-futbol","8":"tag-banega","9":"tag-deportes","10":"tag-es","11":"tag-espana","12":"tag-estadio-deportivo","13":"tag-fichajes","14":"tag-football","15":"tag-futbol","16":"tag-futbol-internacional","17":"tag-soccer","18":"tag-spain","19":"tag-sports"},"share_on_mastodon":{"url":"https:\/\/pubeurope.com\/@es\/115749984445735149","error":""},"_links":{"self":[{"href":"https:\/\/www.europesays.com\/es\/wp-json\/wp\/v2\/posts\/297286","targetHints":{"allow":["GET"]}}],"collection":[{"href":"https:\/\/www.europesays.com\/es\/wp-json\/wp\/v2\/posts"}],"about":[{"href":"https:\/\/www.europesays.com\/es\/wp-json\/wp\/v2\/types\/post"}],"author":[{"embeddable":true,"href":"https:\/\/www.europesays.com\/es\/wp-json\/wp\/v2\/users\/2"}],"replies":[{"embeddable":true,"href":"https:\/\/www.europesays.com\/es\/wp-json\/wp\/v2\/comments?post=297286"}],"version-history":[{"count":0,"href":"https:\/\/www.europesays.com\/es\/wp-json\/wp\/v2\/posts\/297286\/revisions"}],"wp:featuredmedia":[{"embeddable":true,"href":"https:\/\/www.europesays.com\/es\/wp-json\/wp\/v2\/media\/297287"}],"wp:attachment":[{"href":"https:\/\/www.europesays.com\/es\/wp-json\/wp\/v2\/media?parent=297286"}],"wp:term":[{"taxonomy":"category","embeddable":true,"href":"https:\/\/www.europesays.com\/es\/wp-json\/wp\/v2\/categories?post=297286"},{"taxonomy":"post_tag","embeddable":true,"href":"https:\/\/www.europesays.com\/es\/wp-json\/wp\/v2\/tags?post=297286"}],"curies":[{"name":"wp","href":"https:\/\/api.w.org\/{rel}","templated":true}]}}