{"id":297288,"date":"2025-12-20T04:22:34","date_gmt":"2025-12-20T04:22:34","guid":{"rendered":"https:\/\/www.europesays.com\/es\/297288\/"},"modified":"2025-12-20T04:22:34","modified_gmt":"2025-12-20T04:22:34","slug":"vuelta-a-casa-por-navidad-de-la-princesa-leonor-y-la-infanta-sofia","status":"publish","type":"post","link":"https:\/\/www.europesays.com\/es\/297288\/","title":{"rendered":"vuelta a casa por Navidad de la princesa Leonor y la infanta Sof\u00eda"},"content":{"rendered":"<p id=\"eY_vKg5-rD\" data-wc=\"100\">La familia real espa\u00f1ola se prepara para uno de los per\u00edodos m\u00e1s especiales del a\u00f1o: la Navidad. Este a\u00f1o,<strong>\u00a0los Reyes Felipe VI y Letizia<\/strong> volver\u00e1n a compartir tiempo con sus hijas, la princesa Leonor y la infanta Sof\u00eda, quienes, tras un 2025 marcado por intensas obligaciones acad\u00e9micas y formativas, d<a class=\"hm-link ho-link\" href=\"https:\/\/www.hola.com\/realeza\/casa_espanola\/20251215872950\/leonor-y-sofia-en-casa-por-navidad\/\" data-mrf-recirculation=\"article-body-link\" rel=\"nofollow noopener\" target=\"_blank\">isfrutar\u00e1n de unas m\u00e1s que merecidas vacaciones<\/a>. Por este motivo, este viernes 19 de diciembre hemos conocido que los monarcas se han liberado de la agenda oficial prevista para la pr\u00f3xima semana, una decisi\u00f3n que les permitir\u00e1 centrarse en el \u00e1mbito familiar y afrontar estas fechas se\u00f1aladas con mayor tranquilidad.<\/p>\n<p> <img src=\"https:\/\/www.europesays.com\/es\/wp-content\/uploads\/2025\/12\/d63988996315-gettyimages-1492368391.jpg\"   width=\"1024\" height=\"768\" loading=\"lazy\" decoding=\"async\" alt=\"Selfie de la Familia Real\" fetchpriority=\"auto\" class=\"image ho-image\"\/>\u00a9 Spanish Royal Household via GettSelfie de la Familia Real<\/p>\n<p id=\"eOlMm7ajwi\" data-wc=\"105\">Despu\u00e9s de unas semanas repletas de actos oficiales, en las que hemos visto, por ejemplo, al <a class=\"hm-link ho-link\" href=\"https:\/\/www.hola.com\/realeza\/casa_espanola\/20251211872349\/encuentro-rey-felipe-vi-con-los-hermanos-marquez-en-zarzuela\/\" data-mrf-recirculation=\"article-body-link\" rel=\"nofollow noopener\" target=\"_blank\">rey Felipe VI recibiendo en el Palacio de la Zarzuela a Marc M\u00e1rquez y \u00c1lex M\u00e1rquez<\/a>, campe\u00f3n y subcampe\u00f3n del mundo de MotoGP respectivamente, tras una temporada brillante en la m\u00e1xima categor\u00eda del motociclismo, o a la Reina en su cita anual con el lenguaje, la gram\u00e1tica y la ortograf\u00eda durante el acto conmemorativo del 20.\u00ba aniversario de la Fundaci\u00f3n del Espa\u00f1ol Urgente (Fund\u00e9uRAE), que presidi\u00f3, los monarcas han decidido no programar actividades oficiales en su agenda durante la semana comprendida entre el 22 y el 28 de diciembre.<\/p>\n<p> <img src=\"https:\/\/www.europesays.com\/es\/wp-content\/uploads\/2025\/12\/b79c1959f3e4-rey-2.jpg\"   width=\"1024\" height=\"709\" loading=\"lazy\" decoding=\"async\" alt=\"El rey Felipe VI con los deportistas \u00c1lex y Marc M\u00e1rquez en el palacio de la Zarzuela\" fetchpriority=\"auto\" class=\"image ho-image\"\/>\u00a9 Casa RealEl rey Felipe VI con los deportistas \u00c1lex y Marc M\u00e1rquez en el palacio de la Zarzuela<\/p>\n<p> <img src=\"https:\/\/www.europesays.com\/es\/wp-content\/uploads\/2025\/12\/a7b4aae83894-gettyimages-2252353918.jpg\"   width=\"1024\" height=\"682\" loading=\"lazy\" decoding=\"async\" alt=\"La reina Letizia, en el acto de Fundeu\" fetchpriority=\"auto\" class=\"image ho-image\"\/>\u00a9 WireImageLa reina Letizia, en el acto de Fundeu<\/p>\n<p id=\"e2hcCi4JJI\" data-wc=\"93\">Unas fechas muy se\u00f1aladas en las que<a class=\"hm-link ho-link\" href=\"https:\/\/www.hola.com\/realeza\/casa_espanola\/20251212872532\/los-reyes-y-sus-hijas-felicitan-la-navidad-con-esta-foto-inedita\/\" data-mrf-recirculation=\"article-body-link\" rel=\"nofollow noopener\" target=\"_blank\">\u00a0sus hijas regresan a casa por Navidad<\/a>, y es por ello que los Reyes quieren disfrutar del tiempo juntos. La princesa de Asturias se encuentra actualmente en la Academia General del Aire y del Espacio (AGA), en San Javier (Murcia), donde sigue un exigente calendario de formaci\u00f3n militar que forma parte de su preparaci\u00f3n como futura reina. De hecho, gracias a ese calendario, sabemos que sus vacaciones navide\u00f1as empezar\u00e1n el 20 de diciembre, justo antes de la Nochebuena, y se extender\u00e1n hasta el 7 de enero.<\/p>\n<p> <img src=\"https:\/\/www.europesays.com\/es\/wp-content\/uploads\/2025\/12\/1fc48e030b5d-leonor2.jpg\"   width=\"971\" height=\"1024\" loading=\"lazy\" decoding=\"async\" alt=\"La nueva trenza de la princesa Leonor\" fetchpriority=\"auto\" class=\"image ho-image\"\/>\u00a9 Casa de S.M. el ReyLa princesa Leonor en su primer vuelo en solitario en la Academia del Aire de San Javier<\/p>\n<p id=\"e89JutuYmP\" data-wc=\"66\">Por su parte, la infanta Sof\u00eda est\u00e1 estudiando en Lisboa, donde contin\u00faa con su formaci\u00f3n acad\u00e9mica en Forward College. La hija menor de los Reyes comenz\u00f3 sus vacaciones el pasado 18 de diciembre y no regresar\u00e1 a sus obligaciones acad\u00e9micas hasta el 11 de enero, lo que le permitir\u00e1 disfrutar de un per\u00edodo de descanso m\u00e1s prolongado junto a su familia durante estas fechas tan se\u00f1aladas.<\/p>\n<p> <img src=\"https:\/\/www.europesays.com\/es\/wp-content\/uploads\/2025\/12\/5e5030b3e9dc-gettyimages-2243211127.jpg\"   width=\"1024\" height=\"682\" loading=\"lazy\" decoding=\"async\" alt=\"La infanta Sof\u00eda en el Pueblo Ejemplar 2025 con la princesa Leonor y la reina Letizia\" fetchpriority=\"auto\" class=\"image ho-image\"\/>\u00a9 Getty ImagesLa infanta Sof\u00eda en el Pueblo Ejemplar 2025 con la princesa Leonor y la reina Letizia<\/p>\n<p id=\"e82zZeK6Zm\" data-wc=\"153\">A pesar de este par\u00f3n puntual, volveremos a ver a los Reyes en una de las citas m\u00e1s importantes del calendario oficial: la Pascua Militar, que tradicionalmente se celebra el 6 de enero y en la que la princesa Leonor suele acompa\u00f1ar a sus padres. Aunque los planes concretos de la Familia Real para estas fechas navide\u00f1as no han sido revelados \u2014la Casa Real suele mantener la mayor\u00eda de sus actividades privadas alejadas del foco medi\u00e1tico\u2014, se espera que don Felipe, do\u00f1a Letizia y sus hijas mantengan algunas de las tradiciones que a\u00f1o tras a\u00f1o refuerzan los lazos familiares. Entre ellas, el d\u00eda de Reyes sigue siendo especialmente significativo, ya que la familia suele reunirse con Jes\u00fas Ortiz, el padre de la reina Letizia, para compartir el tradicional rosc\u00f3n. Cabe recordar que otros a\u00f1os suelen realizar alguna escapada. Por ejemplo, el a\u00f1o pasado visitaron las zonas afectadas por la terrible DANA de Valencia.<\/p>\n<p>Su felicitaci\u00f3n navide\u00f1a<\/p>\n<p id=\"ezpGkbULON\" data-wc=\"113\">Como manda la tradici\u00f3n,<a class=\"hm-link ho-link\" href=\"https:\/\/www.hola.com\/realeza\/casa_espanola\/20251212872532\/los-reyes-y-sus-hijas-felicitan-la-navidad-con-esta-foto-inedita\/\" data-mrf-recirculation=\"article-body-link\" rel=\"nofollow noopener\" target=\"_blank\">\u00a0el pasado 12 de diciembre los Reyes enviaron su felicitaci\u00f3n navide\u00f1a.\u00a0<\/a>Este a\u00f1o, la fotograf\u00eda elegida para transmitir sus mejores deseos en estas fechas tan especiales fue tomada el 25 de octubre durante su visita al municipio asturiano de Valdesoto, elegido Pueblo Ejemplar 2025. Junto a la imagen se puede leer: \u00abFeliz Navidad y pr\u00f3spero a\u00f1o nuevo 2026\u00bb, escrito con una tipograf\u00eda muy simb\u00f3lica, la Ibarra Real Nova, originalmente dise\u00f1ada en el siglo XVIII y utilizada en la edici\u00f3n de 1780 de El Quijote realizada para la Real Academia Espa\u00f1ola. Esta tipograf\u00eda fue seleccionada coincidiendo con el cuarto centenario de la publicaci\u00f3n de la primera parte del libro cervantino.<\/p>\n<p> <img src=\"https:\/\/www.europesays.com\/es\/wp-content\/uploads\/2025\/12\/efdee1313338-2025felicitacionnavidadreyesportada.jpg\"   width=\"1024\" height=\"1024\" loading=\"lazy\" decoding=\"async\" alt=\"La postal de Navidad del rey Felipe VI, la reina Letizia y sus hijas, la princesa Leonor y la infanta Sof\u00eda.\" fetchpriority=\"auto\" class=\"image ho-image\"\/>\u00a9 Casa de S.M. el ReyLa postal de Navidad del rey Felipe VI, la reina Letizia y sus hijas, la princesa Leonor y la infanta Sof\u00eda.<\/p>\n<p id=\"e8KAcSL5ImH\" data-wc=\"52\">En el lado opuesto de la felicitaci\u00f3n aparecen las firmas de los cuatro miembros de la familia real, acompa\u00f1adas de las palabras: \u00abCon todo nuestro afecto y los mejores deseos\u00bb. Finalmente, en la parte exterior, la tarjeta se cierra con el escudo y el lema de la Corona: \u00abServicio, compromiso y deber\u00bb.<\/p>\n<p><\/p>\n","protected":false},"excerpt":{"rendered":"La familia real espa\u00f1ola se prepara para uno de los per\u00edodos m\u00e1s especiales del a\u00f1o: la Navidad. Este&hellip;\n","protected":false},"author":2,"featured_media":297289,"comment_status":"","ping_status":"","sticky":false,"template":"","format":"standard","meta":{"footnotes":""},"categories":[174],"tags":[255,146,147,25,24,256,1027,1029,11362,8140,23],"class_list":{"0":"post-297288","1":"post","2":"type-post","3":"status-publish","4":"format-standard","5":"has-post-thumbnail","7":"category-famosos","8":"tag-celebrities","9":"tag-entertainment","10":"tag-entretenimiento","11":"tag-es","12":"tag-espana","13":"tag-famosos","14":"tag-realeza","15":"tag-realeza-espanola","16":"tag-reina-letizia","17":"tag-rey-felipe-vi","18":"tag-spain"},"share_on_mastodon":{"url":"https:\/\/pubeurope.com\/@es\/115749990110769791","error":""},"_links":{"self":[{"href":"https:\/\/www.europesays.com\/es\/wp-json\/wp\/v2\/posts\/297288","targetHints":{"allow":["GET"]}}],"collection":[{"href":"https:\/\/www.europesays.com\/es\/wp-json\/wp\/v2\/posts"}],"about":[{"href":"https:\/\/www.europesays.com\/es\/wp-json\/wp\/v2\/types\/post"}],"author":[{"embeddable":true,"href":"https:\/\/www.europesays.com\/es\/wp-json\/wp\/v2\/users\/2"}],"replies":[{"embeddable":true,"href":"https:\/\/www.europesays.com\/es\/wp-json\/wp\/v2\/comments?post=297288"}],"version-history":[{"count":0,"href":"https:\/\/www.europesays.com\/es\/wp-json\/wp\/v2\/posts\/297288\/revisions"}],"wp:featuredmedia":[{"embeddable":true,"href":"https:\/\/www.europesays.com\/es\/wp-json\/wp\/v2\/media\/297289"}],"wp:attachment":[{"href":"https:\/\/www.europesays.com\/es\/wp-json\/wp\/v2\/media?parent=297288"}],"wp:term":[{"taxonomy":"category","embeddable":true,"href":"https:\/\/www.europesays.com\/es\/wp-json\/wp\/v2\/categories?post=297288"},{"taxonomy":"post_tag","embeddable":true,"href":"https:\/\/www.europesays.com\/es\/wp-json\/wp\/v2\/tags?post=297288"}],"curies":[{"name":"wp","href":"https:\/\/api.w.org\/{rel}","templated":true}]}}