{"id":297332,"date":"2025-12-20T04:59:21","date_gmt":"2025-12-20T04:59:21","guid":{"rendered":"https:\/\/www.europesays.com\/es\/297332\/"},"modified":"2025-12-20T04:59:21","modified_gmt":"2025-12-20T04:59:21","slug":"bbva-pone-en-marcha-la-mayor-recompra-de-acciones-de-su-historia-valorada-en-casi-4-000-millones-de-euros","status":"publish","type":"post","link":"https:\/\/www.europesays.com\/es\/297332\/","title":{"rendered":"BBVA pone en marcha la mayor recompra de acciones de su historia, valorada en casi 4.000 millones de euros"},"content":{"rendered":"<p class=\"article-text\">\n        BBVA ha anunciado este viernes el lanzamiento de un programa extraordinario de recompra de acciones por un importe m\u00e1ximo de 3.960 millones de euros, el mayor de su historia, que dar\u00e1 comienzo el pr\u00f3ximo lunes, 22 de diciembre, tras obtener la entidad todas las autorizaciones pertinentes. La entidad inform\u00f3 el pasado mes de octubre, tras el <a href=\"https:\/\/www.eldiario.es\/economia\/bbva-fracasa-opa-banco-sabadell-no-llegar-30-capital_1_12682412.html\" data-mrf-recirculation=\"links-noticia\" class=\"link\" rel=\"nofollow noopener\" target=\"_blank\">fracaso de su oferta p\u00fablica de adquisici\u00f3n (OPA) sobre Banco Sabadell<\/a>, de que retomar\u00eda su plan de retribuci\u00f3n a sus accionistas con una \u201csignificativa recompra de acciones\u201d.\n    <\/p>\n<p>    <a href=\"https:\/\/www.eldiario.es\/economia\/bbva-fracasa-opa-banco-sabadell-no-llegar-30-capital_1_12682412.html\" data-mrf-recirculation=\"saber-mas\" data-dl-event=\"saber-mas\" rel=\"nofollow noopener\" target=\"_blank\"><\/p>\n<p class=\"know-more__title\">BBVA fracasa en su OPA por Banco Sabadell y solo logra el respaldo del 25% de los accionistas<\/p>\n<p>            <img decoding=\"async\" class=\"lazy\" loading=\"lazy\" data-src=\"https:\/\/static.eldiario.es\/clip\/553ee98c-15dc-413d-8b1b-2e66d829a710_16-9-aspect-ratio_default_0.jpg\" src=\"data:image\/svg+xml,%3Csvg xmlns=\" http:=\"\" viewbox=\"0 0 880 495\" alt=\"BBVA fracasa en su OPA por Banco Sabadell y solo logra el respaldo del 25% de los accionistas\"\/><\/p>\n<p>                        <\/a><\/p>\n<p class=\"article-text\">\n        En concreto, confirm\u00f3 un <a href=\"https:\/\/www.eldiario.es\/economia\/planes-bbva-sabadell-opa-lluvia-dividendos-vida-solitario-sombra-fusiones-europeas_1_12693767.html\" data-mrf-recirculation=\"links-noticia\" class=\"link\" rel=\"nofollow noopener\" target=\"_blank\">plan de retribuci\u00f3n de hasta 36.000 millones hasta el a\u00f1o 2028<\/a>, tanto a trav\u00e9s de la remuneraci\u00f3n ordinaria (dividendo) como en distribuciones adicionales, como es el caso de este programa.\n    <\/p>\n<p class=\"article-text\">\n        La recompra supone una retribuci\u00f3n a los accionistas porque disminuye el n\u00famero de t\u00edtulos en circulaci\u00f3n en el mercado burs\u00e1til y, adem\u00e1s, impulsa la cotizaci\u00f3n de la acci\u00f3n. De momento, tras anunciar esta recompra, los t\u00edtulos de BBVA suben en Bolsa casi un 1,6%.\n    <\/p>\n<p class=\"article-text\">\n        Este nuevo programa se suma a las distribuciones ya realizadas en el \u00faltimo trimestre. En concreto, los accionistas de BBVA recibieron el 7 de noviembre 1.842 millones de euros en efectivo, el dividendo a cuenta m\u00e1s alto de la historia de la entidad. Y el pasado 10 de diciembre, BBVA complet\u00f3 con \u00e9xito su programa de recompra de acciones por 993 millones de euros, que formaba parte de la retribuci\u00f3n ordinaria correspondiente al ejercicio 2024.\n    <\/p>\n<p class=\"article-text\">\n        El nuevo programa anunciado este viernes se ejecutar\u00e1 durante varios meses y se completar\u00e1 por tramos. Las acciones que se adquieran en el marco de este programa se destinar\u00e1n a reducir el capital social mediante su amortizaci\u00f3n.\n    <\/p>\n<p class=\"article-text\">\n        El primer tramo de la recompra ascender\u00e1 a 1.500 millones de euros y su ejecuci\u00f3n comenzar\u00e1 el pr\u00f3ximo lunes, 22 de diciembre.\n    <\/p>\n<p class=\"article-text\">\n        Desde el lanzamiento de su primer programa en 2021, y teniendo en cuenta esta nueva recompra que se lanza ahora, BBVA ha destinado m\u00e1s de 10.000 millones de euros a recomprar acciones, reduciendo el n\u00famero de t\u00edtulos en circulaci\u00f3n de la entidad.\n    <\/p>\n<p class=\"article-text\">\n        El banco que preside Carlos Torres ha subrayado que las recompras de acciones han tenido un impacto positivo en el beneficio por acci\u00f3n de BBVA. As\u00ed, mientras que el beneficio atribuido creci\u00f3 un 31% en 2022, un 21% en 2023 y un 25% en 2024, el beneficio por acci\u00f3n aument\u00f3 por encima de esas tasas, con incrementos del 48%, 26% y 27%, respectivamente.\n    <\/p>\n<p>    <a href=\"https:\/\/www.eldiario.es\/economia\/planes-bbva-sabadell-opa-lluvia-dividendos-vida-solitario-sombra-fusiones-europeas_1_12693767.html\" data-mrf-recirculation=\"saber-mas-abajo\" data-dl-event=\"saber-mas-abajo\" rel=\"nofollow noopener\" target=\"_blank\"><\/p>\n<p class=\"know-more__title\">Los planes de BBVA y Sabadell sin la OPA: lluvia de dividendos y vida en solitario a la sombra de fusiones europeas<\/p>\n<p>            <img decoding=\"async\" class=\"lazy\" loading=\"lazy\" data-src=\"https:\/\/static.eldiario.es\/clip\/08bc9f44-8aef-4d93-a26d-96f95f4391dd_16-9-aspect-ratio_default_0.jpg\" src=\"data:image\/svg+xml,%3Csvg xmlns=\" http:=\"\" viewbox=\"0 0 880 495\" alt=\"Los planes de BBVA y Sabadell sin la OPA: lluvia de dividendos y vida en solitario a la sombra de fusiones europeas\"\/><\/p>\n<p>                        <\/a><\/p>\n<p class=\"article-text\">\n        En total, han sido cinco los planes de recompra de acciones ejecutados hasta el momento por BBVA, dos de ellos extraordinarios (3.160 millones de euros entre 2021 y 2022 y 1.000 millones en 2023) y tres como parte de la remuneraci\u00f3n ordinaria a sus accionistas (422 millones de euros con cargo a 2022, 781 millones con cargo a 2023 y 993 millones con cargo a 2024).\n    <\/p>\n","protected":false},"excerpt":{"rendered":"BBVA ha anunciado este viernes el lanzamiento de un programa extraordinario de recompra de acciones por un importe&hellip;\n","protected":false},"author":2,"featured_media":297333,"comment_status":"","ping_status":"","sticky":false,"template":"","format":"standard","meta":{"footnotes":""},"categories":[80],"tags":[1609,2627,112,3285,82,95,94,25,24,1557,448,3402,31,4724,1150,33408,23,45874],"class_list":{"0":"post-297332","1":"post","2":"type-post","3":"status-publish","4":"format-standard","5":"has-post-thumbnail","7":"category-economia","8":"tag-1609","9":"tag-2627","10":"tag-acciones","11":"tag-bbva","12":"tag-business","13":"tag-economia","14":"tag-economy","15":"tag-es","16":"tag-espana","17":"tag-euros","18":"tag-historia","19":"tag-marcha","20":"tag-mayor","21":"tag-millones","22":"tag-pone","23":"tag-recompra","24":"tag-spain","25":"tag-valorada"},"share_on_mastodon":{"url":"https:\/\/pubeurope.com\/@es\/115750132985979930","error":""},"_links":{"self":[{"href":"https:\/\/www.europesays.com\/es\/wp-json\/wp\/v2\/posts\/297332","targetHints":{"allow":["GET"]}}],"collection":[{"href":"https:\/\/www.europesays.com\/es\/wp-json\/wp\/v2\/posts"}],"about":[{"href":"https:\/\/www.europesays.com\/es\/wp-json\/wp\/v2\/types\/post"}],"author":[{"embeddable":true,"href":"https:\/\/www.europesays.com\/es\/wp-json\/wp\/v2\/users\/2"}],"replies":[{"embeddable":true,"href":"https:\/\/www.europesays.com\/es\/wp-json\/wp\/v2\/comments?post=297332"}],"version-history":[{"count":0,"href":"https:\/\/www.europesays.com\/es\/wp-json\/wp\/v2\/posts\/297332\/revisions"}],"wp:featuredmedia":[{"embeddable":true,"href":"https:\/\/www.europesays.com\/es\/wp-json\/wp\/v2\/media\/297333"}],"wp:attachment":[{"href":"https:\/\/www.europesays.com\/es\/wp-json\/wp\/v2\/media?parent=297332"}],"wp:term":[{"taxonomy":"category","embeddable":true,"href":"https:\/\/www.europesays.com\/es\/wp-json\/wp\/v2\/categories?post=297332"},{"taxonomy":"post_tag","embeddable":true,"href":"https:\/\/www.europesays.com\/es\/wp-json\/wp\/v2\/tags?post=297332"}],"curies":[{"name":"wp","href":"https:\/\/api.w.org\/{rel}","templated":true}]}}