{"id":297334,"date":"2025-12-20T05:00:19","date_gmt":"2025-12-20T05:00:19","guid":{"rendered":"https:\/\/www.europesays.com\/es\/297334\/"},"modified":"2025-12-20T05:00:19","modified_gmt":"2025-12-20T05:00:19","slug":"ee-uu-lanza-un-ataque-masivo-contra-el-isis-en-siria-tras-el-atentado-contra-sus-tropas-del-fin-de-semana-internacional","status":"publish","type":"post","link":"https:\/\/www.europesays.com\/es\/297334\/","title":{"rendered":"EE UU lanza un \u201cataque masivo\u201d contra el ISIS en Siria tras el atentado contra sus tropas del fin de semana | Internacional"},"content":{"rendered":"<p class=\"\">Estados Unidos ha lanzado varios ataques a\u00e9reos este viernes contra decenas de objetivos del Estado Isl\u00e1mico en Siria, seg\u00fan dos funcionarios estadounidenses. El presidente Donald Trump hab\u00eda prometido tomar represalias por <a href=\"https:\/\/elpais.com\/internacional\/2025-12-13\/dos-militares-y-un-interprete-de-estados-unidos-mueren-en-un-atentado-en-siria.html\" target=\"_self\" rel=\"nofollow noopener\" title=\"https:\/\/elpais.com\/internacional\/2025-12-13\/dos-militares-y-un-interprete-de-estados-unidos-mueren-en-un-atentado-en-siria.html\">la muerte de dos soldados estadounidenses y un int\u00e9rprete el s\u00e1bado en un atentado en Palmira<\/a>, cuando un miembro del ISIS atac\u00f3 un convoy de fuerzas estadounidenses y sirias antes de ser abatido, seg\u00fan el Pent\u00e1gono. Otros tres soldados estadounidenses resultaron heridos en el ataque.<\/p>\n<p class=\"\">\u201cTropas estadounidenses han iniciado un ataque a gran escala contra la infraestructura y los dep\u00f3sitos de armas del Estado Isl\u00e1mico en Siria. Este ataque masivo se produce tras el del 13 de diciembre contra fuerzas estadounidenses y aliadas\u201d, ha anunciado el Mando Central de Estados Unidos en un breve comunicado.<\/p>\n<p class=\"\">El ISIS atac\u00f3 a los militares estadounidenses en el centro de Siria cuando estos participaban como apoyo en una operaci\u00f3n antiterrorista contra el grupo yihadista. En el atentado resultaron heridos otros tres soldados. Trump lament\u00f3 \u201cla p\u00e9rdida de tres grandes patriotas estadounidenses en Siria\u201d y afirm\u00f3 que se hab\u00eda tratado de un \u201cataque de Estado Isl\u00e1mico contra Estados Unidos y Siria\u201d en \u201cuna zona que no est\u00e1 totalmente controlada\u201d por las autoridades sirias.<\/p>\n","protected":false},"excerpt":{"rendered":"Estados Unidos ha lanzado varios ataques a\u00e9reos este viernes contra decenas de objetivos del Estado Isl\u00e1mico en Siria,&hellip;\n","protected":false},"author":2,"featured_media":297335,"comment_status":"","ping_status":"","sticky":false,"template":"","format":"standard","meta":{"footnotes":""},"categories":[42],"tags":[8738,15686,17,18,68,15971,629,13,14,11,61,62,63,64,19,20,9,10,15,16,32787,12,21,22,65,66,67],"class_list":{"0":"post-297334","1":"post","2":"type-post","3":"status-publish","4":"format-standard","5":"has-post-thumbnail","7":"category-internacional","8":"tag-ataques-militares","9":"tag-bombardeos","10":"tag-breaking-news","11":"tag-breakingnews","12":"tag-conflicto-arabe-israeli","13":"tag-ejercito-aire","14":"tag-estados-unidos","15":"tag-featured-news","16":"tag-featurednews","17":"tag-headlines","18":"tag-internacional","19":"tag-international","20":"tag-international-news","21":"tag-internationalnews","22":"tag-latest-news","23":"tag-latestnews","24":"tag-news","25":"tag-noticias","26":"tag-noticias-destacadas","27":"tag-noticiasdestacadas","28":"tag-siria","29":"tag-titulares","30":"tag-ultimas-noticias","31":"tag-ultimasnoticias","32":"tag-world","33":"tag-world-news","34":"tag-worldnews"},"share_on_mastodon":{"url":"","error":"Validation failed: Text character limit of 500 exceeded"},"_links":{"self":[{"href":"https:\/\/www.europesays.com\/es\/wp-json\/wp\/v2\/posts\/297334","targetHints":{"allow":["GET"]}}],"collection":[{"href":"https:\/\/www.europesays.com\/es\/wp-json\/wp\/v2\/posts"}],"about":[{"href":"https:\/\/www.europesays.com\/es\/wp-json\/wp\/v2\/types\/post"}],"author":[{"embeddable":true,"href":"https:\/\/www.europesays.com\/es\/wp-json\/wp\/v2\/users\/2"}],"replies":[{"embeddable":true,"href":"https:\/\/www.europesays.com\/es\/wp-json\/wp\/v2\/comments?post=297334"}],"version-history":[{"count":0,"href":"https:\/\/www.europesays.com\/es\/wp-json\/wp\/v2\/posts\/297334\/revisions"}],"wp:featuredmedia":[{"embeddable":true,"href":"https:\/\/www.europesays.com\/es\/wp-json\/wp\/v2\/media\/297335"}],"wp:attachment":[{"href":"https:\/\/www.europesays.com\/es\/wp-json\/wp\/v2\/media?parent=297334"}],"wp:term":[{"taxonomy":"category","embeddable":true,"href":"https:\/\/www.europesays.com\/es\/wp-json\/wp\/v2\/categories?post=297334"},{"taxonomy":"post_tag","embeddable":true,"href":"https:\/\/www.europesays.com\/es\/wp-json\/wp\/v2\/tags?post=297334"}],"curies":[{"name":"wp","href":"https:\/\/api.w.org\/{rel}","templated":true}]}}