{"id":297336,"date":"2025-12-20T05:01:45","date_gmt":"2025-12-20T05:01:45","guid":{"rendered":"https:\/\/www.europesays.com\/es\/297336\/"},"modified":"2025-12-20T05:01:45","modified_gmt":"2025-12-20T05:01:45","slug":"si-nos-dejan-entrar-a-todos-en-espana-despues-no-nos-pueden-dejar-abandonados","status":"publish","type":"post","link":"https:\/\/www.europesays.com\/es\/297336\/","title":{"rendered":"\u00abSi nos dejan entrar a todos en Espa\u00f1a, despu\u00e9s no nos pueden dejar abandonados\u00bb"},"content":{"rendered":"<p style=\"\">El pasado mi\u00e9rcoles, los <strong>Mossos d&#8217;Esquadra<\/strong> ejecutaban el desalojo del mayor <a href=\"https:\/\/www.abc.es\/espana\/cataluna\/mossos-despliegan-operativo-desalojar-asentimiento-inmigrantes-antiguo-20251217083956-nt.html\" title=\"www.abc.es\" data-voc-vtm-id=\"in-text-traffic\" data-mrf-link=\"www.abc.es\" rel=\"nofollow noopener\" target=\"_blank\">asentamiento de inmigrantes<\/a> en Catalu\u00f1a, el de las 400 personas que &#8216;okupaban&#8217; en el antiguo <strong>instituto B9 de Badalona<\/strong>, en el barrio de Sant Roc, desde hace dos a\u00f1os y  &#8230; medio. Esta intervenci\u00f3n policial, autorizada por una orden judicial, acab\u00f3 sald\u00e1ndose con 19 detenidos \u2014la mayor\u00eda por la ley de extranjer\u00eda\u2014 y casi 200 identificados. <\/p>\n<p class=\"voc-p\" style=\"\">Desde el Ayuntamiento de la ciudad catalana, dirigido por <strong>el alcalde Xavier Garc\u00eda Albiol<\/strong> (PP), llevaban ya varios a\u00f1os tratando de expulsar a los <a href=\"https:\/\/www.abc.es\/espana\/cataluna\/decenas-personas-protestan-badalona-desalojo-mayor-asentamiento-20251217195809-nt.html\" title=\"www.abc.es\" data-voc-vtm-id=\"in-text-traffic\" data-mrf-link=\"www.abc.es\" rel=\"nofollow noopener\" target=\"_blank\">residentes de este complejo<\/a>, alegando que hab\u00eda sido desde sus primeros compases un foco de conflictos. As\u00ed sucedi\u00f3 el pasado mes de agosto cuando <strong>un joven de 20 a\u00f1os termin\u00f3 falleciendo tras ser apu\u00f1alado<\/strong> en este asentamiento, confirmando las palabras del regidor catal\u00e1n sobre la <a href=\"https:\/\/www.abc.es\/espana\/cataluna\/joven-muerto-punaladas-conflictivo-edificio-ocupado-badalona-20250828130633-nt.html\" title=\"www.abc.es\" data-voc-vtm-id=\"in-text-traffic\" data-mrf-link=\"www.abc.es\" rel=\"nofollow noopener\" target=\"_blank\">creciente criminalidad<\/a> en la zona.<\/p>\n<p class=\"voc-p\" style=\"\">Meses antes de que se llevara a cabo este sonado desalojo, Garc\u00eda Albiol ya hab\u00eda lamentado en varias ocasiones la situaci\u00f3n que se viv\u00eda en los aleda\u00f1os del instituto B9. Hasta all\u00ed se desplaz\u00f3 el pasado mes de octubre para <strong>hablar con algunos de los &#8216;okupas&#8217; del inmueble<\/strong> y pedirles a estos inmigrantes en situaci\u00f3n irregular que abandonaran sin resistencia el centro educativo.<\/p>\n<p class=\"voc-p\" style=\"\">Durante una de esta charla con uno de ellos, el hombre carg\u00f3 directamente contra el Gobierno de Espa\u00f1a por <strong>\u00abdejarles abandonados\u00bb tras permitirles la entrada en el pa\u00eds<\/strong>. As\u00ed lo public\u00f3 el propio alcalde de Badalona en sus redes sociales, haci\u00e9ndose eco de la queja de este migrante africano asentado en el recinto del B9. En este &#8216;post&#8217;, el pol\u00edtico &#8216;popular&#8217; critic\u00f3 duramente <strong>la \u00abirresponsabilidad en la pol\u00edtica de puertas abiertas a todo el mundo\u00bb del Ejecutivo de Pedro S\u00e1nchez<\/strong>.<\/p>\n<p>\nUno de los inmigrantes desalojados en Badalona carg\u00f3 contra el Gobierno por \u00abdejarles abandonados\u00bb\n<\/p>\n<p class=\"voc-p\" style=\"\">En la conversaci\u00f3n con Garc\u00eda Albiol, el joven inmigrante se mostr\u00f3 muy duro con la imprudencia del Gobierno al dejar entrar a todos aquellos que buscan llegar al pa\u00eds y luego \u00ababandonarlos\u00bb. \u00ab<strong>Espa\u00f1a no puede hacernos esto<\/strong>. Ya que <strong>te dejan entrar en su territorio, tienen que darnos una soluci\u00f3n<\/strong>, no dejarte as\u00ed sin nada\u00bb, lamentaba este hombre. <\/p>\n<p class=\"voc-p\" style=\"\">\u00ab<strong>\u00bfC\u00f3mo vas a vivir sin saber el idioma, sin tener papeles?<\/strong> \u00bfC\u00f3mo vas a vivir? Ese es el gran problema\u00bb, reconoci\u00f3 ante el alcalde de Badalona, que le explic\u00f3 que el pa\u00eds \u00abno puede acogeros a todos\u00bb. <\/p>\n<p class=\"voc-p\" style=\"\">Para este &#8216;okupa&#8217; del B9, a Espa\u00f1a cada vez llega m\u00e1s gente, pero hay pocas medidas para conseguir que muchos de estos j\u00f3venes puedan ganarse la vida honradamente. \u00abEspa\u00f1a te suelta como inmigrante para que entres. Si haces eso, habr\u00e1 que buscar una soluci\u00f3n, porque no es nuestra culpa. <strong>Ya que te permiten entrar, te tienen que dar una soluci\u00f3n para que convivamos aqu\u00ed, no dejarte abandonado<\/strong>\u00bb, sentenci\u00f3.<\/p>\n<p class=\"voc-p\" style=\"\">\u00ab<strong>\u00bfC\u00f3mo vas a apa\u00f1arte sin saber el idioma, sin saber nada?<\/strong>\u00bb, se pregunt\u00f3 este hombre, explicando que ese era el motivo por el que en el B9 cada vez hab\u00edan m\u00e1s inmigrantes \u00abreci\u00e9n llegados de \u00c1frica\u00bb tras el reparto del Gobierno a las comunidades. <\/p>\n<p>\nGarc\u00eda Albiol, dur\u00edsimo contra el Ejecutivo tras charlar con uno de los okupas del B9 en Badalona\n<\/p>\n<p class=\"voc-p\" style=\"\">Garc\u00eda Albiol no dud\u00f3 en darle la raz\u00f3n al hombre, record\u00e1ndole que falta de actuaci\u00f3n del Ejecutivo se hab\u00eda convertido en <strong>\u00abun problema para los ayuntamientos\u00bb<\/strong>, como el de la ciudad barcelonesa. \u00abLleg\u00e1is a Espa\u00f1a, os dejan ah\u00ed, os met\u00e9is donde pod\u00e9is y <strong>problema para vosotros y problema para nosotros<\/strong>\u00bb, reproch\u00f3 este.<\/p>\n<p class=\"voc-p\" style=\"\">En esta misma publicaci\u00f3n en redes sociales, el regidor del Partido Popular no quiso m\u00e1s que remitir a las palabras del inmigrante en situaci\u00f3n irregular ante la okupaci\u00f3n del recinto del B9. \u00ab<strong>El hombre tiene raz\u00f3n: &#8216;si nos dejan entrar a todos, despu\u00e9s no nos pueden dejar abandonados&#8217;<\/strong>\u00bb, rememor\u00f3 el pol\u00edtico catal\u00e1n ante las razones que hab\u00edan llevado a esas 400 personas a instalarse en el edificio badalon\u00e9s.<\/p>\n<p class=\"voc-p\" style=\"\">As\u00ed, las palabras de este hombre sirvieron para que el alcalde cargara con contudencia contra la Administraci\u00f3n. \u00ab<strong>La irresponsabilidad en la pol\u00edtica de puertas abiertas a todo el mundo del gobierno de Espa\u00f1a la pagan los vecinos, los Ayuntamientos y los propios afectados<\/strong>. En Badalona actuaremos en inter\u00e9s de los vecinos de la ciudad\u00bb, concluy\u00f3 entonces Albiol, que consigui\u00f3 este mi\u00e9rcoles finalmente el desalojo del inmueble okupado.<\/p>\n","protected":false},"excerpt":{"rendered":"El pasado mi\u00e9rcoles, los Mossos d&#8217;Esquadra ejecutaban el desalojo del mayor asentamiento de inmigrantes en Catalu\u00f1a, el de&hellip;\n","protected":false},"author":2,"featured_media":297337,"comment_status":"","ping_status":"","sticky":false,"template":"","format":"standard","meta":{"footnotes":""},"categories":[8],"tags":[70771,17517,15725,17,18,4795,17692,19877,987,5996,25,24,13,14,3142,11,891,19,20,9,10,15,16,7171,23,12,21,22],"class_list":{"0":"post-297336","1":"post","2":"type-post","3":"status-publish","4":"format-standard","5":"has-post-thumbnail","7":"category-espana","8":"tag-abandonados","9":"tag-albiol","10":"tag-badalona","11":"tag-breaking-news","12":"tag-breakingnews","13":"tag-dejan","14":"tag-dejar","15":"tag-desalojados","16":"tag-despues","17":"tag-entrar","18":"tag-es","19":"tag-espana","20":"tag-featured-news","21":"tag-featurednews","22":"tag-garcia","23":"tag-headlines","24":"tag-inmigrantes","25":"tag-latest-news","26":"tag-latestnews","27":"tag-news","28":"tag-noticias","29":"tag-noticias-destacadas","30":"tag-noticiasdestacadas","31":"tag-pueden","32":"tag-spain","33":"tag-titulares","34":"tag-ultimas-noticias","35":"tag-ultimasnoticias"},"share_on_mastodon":{"url":"https:\/\/pubeurope.com\/@es\/115750140795570546","error":""},"_links":{"self":[{"href":"https:\/\/www.europesays.com\/es\/wp-json\/wp\/v2\/posts\/297336","targetHints":{"allow":["GET"]}}],"collection":[{"href":"https:\/\/www.europesays.com\/es\/wp-json\/wp\/v2\/posts"}],"about":[{"href":"https:\/\/www.europesays.com\/es\/wp-json\/wp\/v2\/types\/post"}],"author":[{"embeddable":true,"href":"https:\/\/www.europesays.com\/es\/wp-json\/wp\/v2\/users\/2"}],"replies":[{"embeddable":true,"href":"https:\/\/www.europesays.com\/es\/wp-json\/wp\/v2\/comments?post=297336"}],"version-history":[{"count":0,"href":"https:\/\/www.europesays.com\/es\/wp-json\/wp\/v2\/posts\/297336\/revisions"}],"wp:featuredmedia":[{"embeddable":true,"href":"https:\/\/www.europesays.com\/es\/wp-json\/wp\/v2\/media\/297337"}],"wp:attachment":[{"href":"https:\/\/www.europesays.com\/es\/wp-json\/wp\/v2\/media?parent=297336"}],"wp:term":[{"taxonomy":"category","embeddable":true,"href":"https:\/\/www.europesays.com\/es\/wp-json\/wp\/v2\/categories?post=297336"},{"taxonomy":"post_tag","embeddable":true,"href":"https:\/\/www.europesays.com\/es\/wp-json\/wp\/v2\/tags?post=297336"}],"curies":[{"name":"wp","href":"https:\/\/api.w.org\/{rel}","templated":true}]}}