{"id":297342,"date":"2025-12-20T05:16:22","date_gmt":"2025-12-20T05:16:22","guid":{"rendered":"https:\/\/www.europesays.com\/es\/297342\/"},"modified":"2025-12-20T05:16:22","modified_gmt":"2025-12-20T05:16:22","slug":"terelu-campos-mas-sincera-que-nunca-sobre-las-memorias-de-mar-flores-yo-no-dejaria-escrito","status":"publish","type":"post","link":"https:\/\/www.europesays.com\/es\/297342\/","title":{"rendered":"Terelu Campos, m\u00e1s sincera que nunca sobre las memorias de Mar Flores: \u00abYo no dejar\u00eda escrito&#8230;\u00bb"},"content":{"rendered":"<p data-journey-content=\"true\" data-node-id=\"3\" class=\"css-6wxqfj emevuu60\">La relaci\u00f3n de <a href=\"https:\/\/diezminuto.es\/terelu-campos\" target=\"_blank\" data-node-id=\"3.1\" class=\"css-177bzfx emevuu60\" rel=\"nofollow noopener\">Terelu Campos<\/a> con Mar Flores ha sido una monta\u00f1a rusa desde que sus hijos, <a href=\"https:\/\/diezminutos.es\/alejandra-rubio\" target=\"_blank\" data-node-id=\"3.3\" class=\"css-177bzfx emevuu60\" rel=\"nofollow noopener\">Alejandra Rubio <\/a>y Carlo Costanzia, comenzaran una relaci\u00f3n formal. Las declaraciones de la modelo siempre han jugado con la ambig\u00fcedad sobre la relaci\u00f3n que ten\u00eda con la presentadora, incluso, despu\u00e9s de haber dejado claro que <a href=\"https:\/\/www.diezminutos.es\/famosos-corazon\/famosos-espanoles\/a68072696\/terelu-campos-tensa-enfado-mar-flores-posado-carlo-costanzia\/\" target=\"_blank\" data-vars-ga-outbound-link=\"https:\/\/www.diezminutos.es\/famosos-corazon\/famosos-espanoles\/a68072696\/terelu-campos-tensa-enfado-mar-flores-posado-carlo-costanzia\/\" data-vars-ga-ux-element=\"Hyperlink\" data-vars-ga-call-to-action=\"existe un &#039;pacto de agresi\u00f3n&#039; \" data-node-id=\"3.5\" class=\"body-link css-177bzfx emevuu60\" rel=\"nofollow noopener\">existe un &#8216;pacto de agresi\u00f3n&#8217; <\/a>entre las consuegras en el que Terelu dejaba claro que no iba a hablar de la madre de Carlo Costanzia, era ella quien reaccionaba a los actos de Terelu en su cumplea\u00f1os. <strong data-node-id=\"3.7\">\u00abYo no necesito hacerme una foto para que se vea que nos queremos\u00bb, <\/strong>llegaba a lanzar. \u00ab\u00bfMe piden silencio? Yo lo cumplo. <a href=\"https:\/\/www.diezminutos.es\/famosos-corazon\/famosos-espanoles\/a68082039\/terelu-campos-clara-contra-mar-flores-respeto-de-viernes\/\" target=\"_blank\" data-vars-ga-outbound-link=\"https:\/\/www.diezminutos.es\/famosos-corazon\/famosos-espanoles\/a68082039\/terelu-campos-clara-contra-mar-flores-respeto-de-viernes\/\" data-vars-ga-ux-element=\"Hyperlink\" data-vars-ga-call-to-action=\"Pero que no se juegue con mi silencio&quot;\" data-node-id=\"3.9\" class=\"body-link css-177bzfx emevuu60\" rel=\"nofollow noopener\">Pero que no se juegue con mi silencio\u00bb<\/a>, contestaba muy enfadada Terelu. <\/p>\n<p data-journey-content=\"true\" data-node-id=\"6\" class=\"css-6wxqfj emevuu60\">Ahora parece que este pacto se ha quebrado puesto que ambas han ido lanzando dardos la una sobre los actos de la otra, y <strong data-node-id=\"6.1\">ahora ha sido Terelu Campos quien ha opinado<\/strong>, m\u00e1s clara que nunca, sobre el libro de su consuegra, Mar en Calma. <\/p>\n<p><img draggable=\"true\" alt=\"terelu campos en las calles de madrid y mar flores en el aeropuerto adolfo suarez tras su viaje a bruselas\" title=\"Terelu Campos y Mar Flores, sin planes por separado\" loading=\"lazy\" width=\"3000\" height=\"2936\" decoding=\"async\" data-nimg=\"1\" style=\"color:transparent;width:100%;height:auto;\"   src=\"https:\/\/www.europesays.com\/es\/wp-content\/uploads\/2025\/12\/terelu-campos-mar-flores-trabajo-69380cdf49243.jpg\" class=\"css-0 e1g79fud0\"\/><\/p>\n<p>Agencias<\/p>\n<p data-journey-content=\"true\" data-node-id=\"9\" class=\"css-6wxqfj emevuu60\">Ha sido durante <a href=\"https:\/\/www.diezminutos.es\/famosos-corazon\/famosos-espanoles\/a69822844\/apoya-carlo-costanzia-acciones-legales-padre-contra-mar-flores-de-viernes\/\" target=\"_blank\" data-vars-ga-outbound-link=\"https:\/\/www.diezminutos.es\/famosos-corazon\/famosos-espanoles\/a69822844\/apoya-carlo-costanzia-acciones-legales-padre-contra-mar-flores-de-viernes\/\" data-vars-ga-ux-element=\"Hyperlink\" data-vars-ga-call-to-action=\"la entrevista de su consuegro, Carlo Costanzia, en el programa &#039;\u00a1De Viernes!&#039;\" data-node-id=\"9.1\" class=\"body-link css-177bzfx emevuu60\" rel=\"nofollow noopener\">la entrevista de su consuegro, Carlo Costanzia, en el programa &#8216;\u00a1De Viernes!&#8217;<\/a>. El italiano ha acudido para confirmar que ya ha emprendido las acciones legales <a href=\"https:\/\/www.diezminutos.es\/famosos-corazon\/famosos-espanoles\/a69002989\/carlo-costanzia-acusaciones-malos-tratos-mar-flores-de-viernes\/\" target=\"_blank\" data-vars-ga-outbound-link=\"https:\/\/www.diezminutos.es\/famosos-corazon\/famosos-espanoles\/a69002989\/carlo-costanzia-acusaciones-malos-tratos-mar-flores-de-viernes\/\" data-vars-ga-ux-element=\"Hyperlink\" data-vars-ga-call-to-action=\"contra Mar Flores por las acusaciones vertidas en sus memorias.\" data-node-id=\"9.3\" class=\"body-link css-177bzfx emevuu60\" rel=\"nofollow noopener\">contra Mar Flores por las acusaciones vertidas en sus memorias.<\/a> Una publicaci\u00f3n que<strong data-node-id=\"9.5\"> no ha gustado nada a Carlo y a la que acusa de \u00abvolver a abrir viejas heridas\u00bb<\/strong> que llevaban m\u00e1s de una d\u00e9cada silenciadas. <\/p>\n<p>Terelu Campos revela qu\u00e9 no le ha gustado del libro de Mar Flores<\/p>\n<p data-journey-content=\"true\" data-node-id=\"14\" class=\"css-6wxqfj emevuu60\">A la hora de opinar sobre el libro, <strong data-node-id=\"14.1\">Terelu Campos se ha mojado como nunca<\/strong>. Despu\u00e9s de evitar hablar de las memorias de su consuegra, la presentadora ha dejado claro que ha habido un cap\u00edtulo que no le ha gustado nada, sobre todo, porque le ata\u00f1e ahora a ella como familia.<\/p>\n<p data-journey-content=\"true\" data-node-id=\"16\" class=\"css-6wxqfj emevuu60\"><strong data-node-id=\"16.0\">\u00abEl cap\u00edtulo de su hijo se lo pod\u00eda haber ahorrado\u00bb,<\/strong> ha sentenciado duramente. Unas palabras que ha matizado r\u00e1pidamente explicando el motivo por el que leer estas palabras le ha dolido como madre y, sobre todo, como abuela. \u00abYo no dejar\u00eda escrito algo que no me gustar\u00eda que mi nieto leyera\u00bb, ha explicado.<\/p>\n<p>El dardo de Terelu Campos a Carlota Corredera<\/p>\n<p data-journey-content=\"true\" data-node-id=\"19\" class=\"css-6wxqfj emevuu60\">Pero este no ha sido el \u00fanico dardo que ha lanzado a lo largo de la entrevista. Terelu tambi\u00e9n <strong data-node-id=\"19.1\">ha contestado a las cr\u00edticas que Carlota Corredera<\/strong> le ha hecho en los \u00faltimos meses. Y es que, la que fuera su compa\u00f1era en &#8216;S\u00e1lvame&#8217; le ha recriminado que no se posicionara a favor de Mar Flores p\u00fablicamente ante las acusaciones de maltrato. <\/p>\n<p data-journey-content=\"true\" data-node-id=\"21\" class=\"css-6wxqfj emevuu60\"><strong data-node-id=\"21.0\">Sin dar nombres pero subrayando con su tono la palabra \u00abperiodistas\u00bb,<\/strong> Terelu ha dejado clara su postura. \u00abA mi, periodistas de este pa\u00eds, me han exigido que te llame maltratador. Yo, con el C\u00f3digo Penal en la mano, no puedo llamarte maltratador ni a ti ni a nadie que no tiene condena\u00bb, ha sentenciado.<\/p>\n<p><img src=\"https:\/\/www.europesays.com\/es\/wp-content\/uploads\/2025\/12\/1766207782_364_323095e3-d675-4360-ad79-c3a735f161a1_1681830139.file\" alt=\"Headshot of Aroa D\u00edaz\" title=\"Headshot of Aroa D\u00edaz\" width=\"100%\" height=\"100%\" decoding=\"async\" loading=\"lazy\" class=\"css-o0wq4v ev8dhu53\"\/><\/p>\n<p>Aroa D\u00edaz es experta en realities, televisi\u00f3n y actualidad en general. No hay momento del d\u00eda en el que no tenga encendida la televisi\u00f3n conociendo los \u00faltimos desvelos de los famosos, disfrutando de los realities como Supervivientes o de los concursos m\u00e1s rocambolescos. Las \u00faltimas novedades de los famosos del coraz\u00f3n son su perdici\u00f3n y la actualidad de las Casas Reales, su gran pasi\u00f3n. \u00a0\u00a0<\/p>\n<p>En sus ratos libres disfruta de las pel\u00edculas y series de moda, y bucea por los cat\u00e1logos de las plataformas de podcast buscando nuevas entrevistas y charlas de famosos.<\/p>\n<p>Adem\u00e1s, no ha parado de formarse en todos los aspectos convirti\u00e9ndose en una periodista 360: locuci\u00f3n, doblaje, grabaci\u00f3n de v\u00eddeo, periodismo m\u00f3vil, producci\u00f3n de podcast y SEO. Actualmente est\u00e1 form\u00e1ndose en el M\u00e1ster universitario de Periodismo y Comunicaci\u00f3n Digital: Datos y Nuevas Narrativas de la UOC.<\/p>\n<p>Graduada en periodismo por la Universidad Rey Juan Carlos, no ha parado de trabajar desde que obtuvo su t\u00edtulo all\u00e1 por el 2013. Despu\u00e9s de un breve impass en Palma de Mallorca, volvi\u00f3 a Legan\u00e9s donde arranc\u00f3 su experiencia con Legan\u00e9s Activo. En este tiempo he pasado por las redacciones de varios medios recayendo finalmente en Hearst Espa\u00f1a (Telenovela, Qu\u00e9 me dices y Diez Minutos). Tambi\u00e9n tiene experiencia en diferentes radios. \u00a0<\/p>\n","protected":false},"excerpt":{"rendered":"La relaci\u00f3n de Terelu Campos con Mar Flores ha sido una monta\u00f1a rusa desde que sus hijos, Alejandra&hellip;\n","protected":false},"author":2,"featured_media":297343,"comment_status":"","ping_status":"","sticky":false,"template":"","format":"standard","meta":{"footnotes":""},"categories":[174],"tags":[255,253,146,147,25,24,256,23],"class_list":{"0":"post-297342","1":"post","2":"type-post","3":"status-publish","4":"format-standard","5":"has-post-thumbnail","7":"category-famosos","8":"tag-celebrities","9":"tag-discover","10":"tag-entertainment","11":"tag-entretenimiento","12":"tag-es","13":"tag-espana","14":"tag-famosos","15":"tag-spain"},"share_on_mastodon":{"url":"https:\/\/pubeurope.com\/@es\/115750200407679714","error":""},"_links":{"self":[{"href":"https:\/\/www.europesays.com\/es\/wp-json\/wp\/v2\/posts\/297342","targetHints":{"allow":["GET"]}}],"collection":[{"href":"https:\/\/www.europesays.com\/es\/wp-json\/wp\/v2\/posts"}],"about":[{"href":"https:\/\/www.europesays.com\/es\/wp-json\/wp\/v2\/types\/post"}],"author":[{"embeddable":true,"href":"https:\/\/www.europesays.com\/es\/wp-json\/wp\/v2\/users\/2"}],"replies":[{"embeddable":true,"href":"https:\/\/www.europesays.com\/es\/wp-json\/wp\/v2\/comments?post=297342"}],"version-history":[{"count":0,"href":"https:\/\/www.europesays.com\/es\/wp-json\/wp\/v2\/posts\/297342\/revisions"}],"wp:featuredmedia":[{"embeddable":true,"href":"https:\/\/www.europesays.com\/es\/wp-json\/wp\/v2\/media\/297343"}],"wp:attachment":[{"href":"https:\/\/www.europesays.com\/es\/wp-json\/wp\/v2\/media?parent=297342"}],"wp:term":[{"taxonomy":"category","embeddable":true,"href":"https:\/\/www.europesays.com\/es\/wp-json\/wp\/v2\/categories?post=297342"},{"taxonomy":"post_tag","embeddable":true,"href":"https:\/\/www.europesays.com\/es\/wp-json\/wp\/v2\/tags?post=297342"}],"curies":[{"name":"wp","href":"https:\/\/api.w.org\/{rel}","templated":true}]}}