{"id":297358,"date":"2025-12-20T05:27:13","date_gmt":"2025-12-20T05:27:13","guid":{"rendered":"https:\/\/www.europesays.com\/es\/297358\/"},"modified":"2025-12-20T05:27:13","modified_gmt":"2025-12-20T05:27:13","slug":"las-mejores-peliculas-y-series-para-ver-en-familia-esta-navidad-en-movistar-plus-estilo-de-vida-escaparate","status":"publish","type":"post","link":"https:\/\/www.europesays.com\/es\/297358\/","title":{"rendered":"Las mejores pel\u00edculas y series para ver en familia esta Navidad en Movistar Plus+ | Estilo de vida | Escaparate"},"content":{"rendered":"<p class=\"\">Entre la gran cantidad de reuniones familiares, con amigos y quedadas del amigo invisible siempre hay huecos en todo el periodo navide\u00f1o para disfrutar con los seres queridos (o en soledad) de la mejor programaci\u00f3n posible en el universo streaming. Entre las plataformas m\u00e1s populares de este tipo de contenido televisivo, se encuentra <b>Movistar Plus+. <\/b>Y es que en esta Navidad han tirado la casa por la ventana y han puesto a disposici\u00f3n de sus usuarios (y de todos aquellos que deseen suscribirse) una <b>generosa parrilla de contenidos de Navidad: <\/b>tanto pel\u00edculas como series y mucho m\u00e1s. Todo ello al mismo precio de siempre,<b> 9,99 euros al mes,<\/b> para disfrutar en el sof\u00e1 y con una manta de todos los g\u00e9neros y del entretenimiento m\u00e1s divertido que uno se pueda llegar a imaginar. <\/p>\n<p><img alt=\"navidad en movistar plus+\" decoding=\"auto\" class=\"_re lazyload a_m-h\" height=\"233\"  width=\"414\"  src=\"https:\/\/www.europesays.com\/es\/wp-content\/uploads\/2025\/12\/YHCHX6MBOBBFTJ53TI7IMR6AG4.png\" loading=\"lazy\"\/>La parrilla televisiva m\u00e1s completa por Navidad est\u00e1 en Movistar Plus+.CORTES\u00cdA DE MOVISTAR PLUS+Dial 15, el canal por antonomasia de la Navidad en Movistar Plus+<\/p>\n<p class=\"\">Si te est\u00e1s preguntando donde poder ver de un simple vistazo toda la programaci\u00f3n completa acerca de la Navidad en Movistar Plus+, no te preocupes porque est\u00e1 al alcance de la mano. <b>Solo hay que sintonizar el Dial 15<\/b> de la plataforma en el que tienen cabida hasta un centenar de pel\u00edculas, programas especiales y conciertos con los que acertar seguro en cualquier momento del d\u00eda. \u00bfQui\u00e9n quiere volver a ver Ben-Hur en la televisi\u00f3n tradicional cuando tiene esta gran cantidad de oferta televisiva?<\/p>\n<p>El mejor cine de Navidad est\u00e1 en Movistar Plus+<\/p>\n<p class=\"\">Tanto los <b>grandes t\u00edtulos cinematogr\u00e1ficos que nunca pasan de moda<\/b> (como Polar Express, Gremlins, El Grinch, Un padre en apuros o la m\u00edtica saga de Solo en casa, por citar solo algunos ejemplos) como aquellas referencias que amenizan cualquier tarde en torno a unas buenas palomitas en familia (Buffalo Kids, la saga de los Juegos del Hambre, Jumanji, Regreso al futuro o Cazafantasmas: Imperio Helado o Paddington: aventura en la selva,<b> <\/b>entre otros films).<\/p>\n<p><img alt=\"navidad en movistar plus+\" decoding=\"auto\" class=\"_re lazyload a_m-h\" height=\"233\"  width=\"414\"  src=\"https:\/\/www.europesays.com\/es\/wp-content\/uploads\/2025\/12\/52LGWI3ZEBDLNK4FQW6FOMZK3M.png\" loading=\"lazy\"\/>&#8216;Los Mu\u00e9rtimer&#8217;, una pel\u00edcula que se puede ver en Movistar Plus+.CORTES\u00cdA DE MOVISTAR PLUS+Los especiales navide\u00f1os nunca fallan en Movistar Plus+<\/p>\n<p class=\"\">El humorista Leo Harlem tiene mucho que decir en su formato de entretenimiento con una gala para amenizar la Nochebuena mediante una selecci\u00f3n de los mejores chistes posibles con el formato Hasta luego, Leo. En \u00e9l, se podr\u00e1 disfrutar, pues, de una revisi\u00f3n de los mejores mon\u00f3logos de su extensa y nutrida carrera. Adem\u00e1s, y tambi\u00e9n el d\u00eda 24 de diciembre, el p\u00fablico de Movistar Plus+ podr\u00e1 visionar Ni tan mal: Leo Harlem, en donde Leo compartir\u00e1 an\u00e9cdotas, recuerdos y reflexiones sobre su carrera sus amigos aportar\u00e1n testimonios de primera mano. <\/p>\n<p>\u00bfQu\u00e9 otros contenidos estar\u00e1n disponibles durante la Navidad?<\/p>\n<p class=\"\">Los fan\u00e1ticos de series como Chosen estar\u00e1n de enhorabuena: <b>se va a estrenar la temporada 5.<\/b> Adem\u00e1s, el 20 de diciembre ver\u00e1 la luz al completo Doce citas antes de Navidad, una coproducci\u00f3n de g\u00e9nero c\u00f3mico y rom\u00e1ntico sobre segundas oportunidades. <b>\u00a1Un aut\u00e9ntico cl\u00e1sico de estas fechas tan especiales! <\/b>Por si fuera poco, habr\u00e1 un buen nutrido n\u00famero de documentales interesantes y programas de m\u00fasica con protagonistas de la talla de Dua Lipa, Elton John o Andrea Bocelli, con la que poner la mejor banda sonora a las celebraciones de Navidad.<\/p>\n<p><img alt=\"navidad en movistar plus+\" decoding=\"auto\" class=\"_re lazyload a_m-h\" height=\"233\"  width=\"414\"  src=\"https:\/\/www.europesays.com\/es\/wp-content\/uploads\/2025\/12\/IW3LMQS52VA3VLA53PLYTNCPGU.png\" loading=\"lazy\"\/>\u2018Una noche con Dua Lipa\u2018, de estreno en Movistar Plus+.CORTES\u00cdA DE MOVISTAR PLUS+Preguntas frecuentes sobre Movistar Plus+ en Navidad \u00bfSigue habiendo eventos deportivos de f\u00fatbol del m\u00e1ximo nivel en Navidad?<\/p>\n<p class=\"\">As\u00ed es. Cualquier usuario de Movistar Plus+ podr\u00e1 ver, este s\u00e1bado 20 de diciembre, el enfrentamiento en la liga dom\u00e9stica entre el Real Madrid y el Sevilla. Adem\u00e1s del duelo, por ejemplo, en el que se medir\u00e1n el Espanyol y el Barcelona el pr\u00f3ximo 3 de enero.<\/p>\n<p>\u00bfSe puede suscribirse de manera anual a Movistar Plus+?<\/p>\n<p class=\"\">En efecto. Si se hace as\u00ed, cualquier persona se ahorra dos meses de suscripci\u00f3n mensual.<\/p>\n<p class=\"\">*Todos los precios de compra incluidos en este art\u00edculo est\u00e1n actualizados a 20 de diciembre de 2025.<\/p>\n<p class=\"\">Puedes seguir a EL PA\u00cdS ESCAPARATE en <a href=\"https:\/\/www.instagram.com\/escaparate.elpais\/\" target=\"_blank\" rel=\"nofollow noopener\" title=\"https:\/\/www.instagram.com\/escaparate.elpais\/\">Instagram<\/a>, o suscribirte aqu\u00ed a nuestra<a href=\"https:\/\/plus.elpais.com\/newsletters\/lnp\/1\/365\/?prm=not_landingnwl_esc\" target=\"_blank\" rel=\"nofollow noopener\" title=\"https:\/\/plus.elpais.com\/newsletters\/lnp\/1\/365\/?prm=not_landingnwl_esc\"> Newsletter<\/a>.<\/p>\n<p>* Nuestros periodistas recomiendan de forma rigurosa e independiente productos y servicios que puedes adquirir en Internet. Cada vez que compras a trav\u00e9s de algunos enlaces a\u00f1adidos al texto, EL PA\u00cdS recibe una comisi\u00f3n. <a href=\"https:\/\/elpais.com\/elpais\/2017\/05\/05\/escaparate\/1493975850_576536.html\" target=\"_blank\" rel=\"noopener nofollow\">Lee aqu\u00ed<\/a> nuestra pol\u00edtica comercial.<\/p>\n<p><script async src=\"\/\/www.instagram.com\/embed.js\"><\/script><\/p>\n","protected":false},"excerpt":{"rendered":"Entre la gran cantidad de reuniones familiares, con amigos y quedadas del amigo invisible siempre hay huecos en&hellip;\n","protected":false},"author":2,"featured_media":297359,"comment_status":"","ping_status":"","sticky":false,"template":"","format":"standard","meta":{"footnotes":""},"categories":[80],"tags":[82,95,94,25,24,303,2951,16428,36044,23,807],"class_list":{"0":"post-297358","1":"post","2":"type-post","3":"status-publish","4":"format-standard","5":"has-post-thumbnail","7":"category-economia","8":"tag-business","9":"tag-economia","10":"tag-economy","11":"tag-es","12":"tag-espana","13":"tag-movistar","14":"tag-navidad","15":"tag-plataformas-digitales","16":"tag-regalos","17":"tag-spain","18":"tag-television"},"share_on_mastodon":{"url":"https:\/\/pubeurope.com\/@es\/115750243554012345","error":""},"_links":{"self":[{"href":"https:\/\/www.europesays.com\/es\/wp-json\/wp\/v2\/posts\/297358","targetHints":{"allow":["GET"]}}],"collection":[{"href":"https:\/\/www.europesays.com\/es\/wp-json\/wp\/v2\/posts"}],"about":[{"href":"https:\/\/www.europesays.com\/es\/wp-json\/wp\/v2\/types\/post"}],"author":[{"embeddable":true,"href":"https:\/\/www.europesays.com\/es\/wp-json\/wp\/v2\/users\/2"}],"replies":[{"embeddable":true,"href":"https:\/\/www.europesays.com\/es\/wp-json\/wp\/v2\/comments?post=297358"}],"version-history":[{"count":0,"href":"https:\/\/www.europesays.com\/es\/wp-json\/wp\/v2\/posts\/297358\/revisions"}],"wp:featuredmedia":[{"embeddable":true,"href":"https:\/\/www.europesays.com\/es\/wp-json\/wp\/v2\/media\/297359"}],"wp:attachment":[{"href":"https:\/\/www.europesays.com\/es\/wp-json\/wp\/v2\/media?parent=297358"}],"wp:term":[{"taxonomy":"category","embeddable":true,"href":"https:\/\/www.europesays.com\/es\/wp-json\/wp\/v2\/categories?post=297358"},{"taxonomy":"post_tag","embeddable":true,"href":"https:\/\/www.europesays.com\/es\/wp-json\/wp\/v2\/tags?post=297358"}],"curies":[{"name":"wp","href":"https:\/\/api.w.org\/{rel}","templated":true}]}}