{"id":297363,"date":"2025-12-20T05:30:24","date_gmt":"2025-12-20T05:30:24","guid":{"rendered":"https:\/\/www.europesays.com\/es\/297363\/"},"modified":"2025-12-20T05:30:24","modified_gmt":"2025-12-20T05:30:24","slug":"mercadona-anuncia-una-semana-mas-de-vacaciones-para-sus-trabajadores-y-una-nueva-paga-extra-en-2026","status":"publish","type":"post","link":"https:\/\/www.europesays.com\/es\/297363\/","title":{"rendered":"Mercadona anuncia una semana m\u00e1s de vacaciones para sus trabajadores y una nueva paga extra en 2026"},"content":{"rendered":"<p>\n        Los trabajadores de <a href=\"https:\/\/www.noticiasdenavarra.com\/tags\/mercadona\/\" title=\"Mercadona\" target=\"_blank\" class=\"link copy\" rel=\"nofollow noopener\">Mercadona <\/a>contar\u00e1n a partir del pr\u00f3ximo a\u00f1o con <strong>una semana m\u00e1s de vacaciones<\/strong> y una nueva mensualidad extraordinaria, seg\u00fan ha acordado el Comit\u00e9 de Direcci\u00f3n de la empresa. Con ello busca reforzar su competitividad y liderazgo <strong>\u00abporque cuanto m\u00e1s se invierte en los trabajadores, mayor es el retorno que recibe\u00bb.<\/strong>\n<\/p>\n<p class=\"article-body__text \">\n        De este modo, las vacaciones de los 110.000 empleados de la cadena de supermercados en Espa\u00f1a y Portugal pasar\u00e1n de 30 a 37 d\u00edas al a\u00f1o, lo que supone <strong>\u00abuna gran mejora en la jornada anual de los trabajadores y persigue que todos los que forman Mercadona est\u00e9n comprometidos y satisfechos al 100%\u00bb<\/strong>, indic\u00f3 la compa\u00f1\u00eda.\n<\/p>\n<p class=\"article-body__text \">\n        La medida, que <strong>supondr\u00e1 un coste de 100 millones de euros al a\u00f1o<\/strong>, apuntala el modelo propio de recursos humanos de la empresa, <strong>basado en escuchar y dar respuesta a las necesidades de sus equipos.<\/strong> \u00abUna relaci\u00f3n que permite analizar propuestas y, en caso de aportar valor, como lo es esta ampliaci\u00f3n de las vacaciones, <strong>implementarlas para seguir reforzando la calidad de los puestos de trabajo y la eficiencia conjunta<\/strong>\u00ab, dice Mercadona.\n<\/p>\n<p>  Gratificaci\u00f3n extraordinaria<\/p>\n<p class=\"article-body__text \">\n        Adem\u00e1s, por segundo a\u00f1o consecutivo, el Comit\u00e9 de Direcci\u00f3n de Mercadona ha aprobado repartir el pr\u00f3ximo mes de marzo una <strong>gratificaci\u00f3n extraordinaria de 280 millones de euros<\/strong>, correspondiente a una mensualidad, que se sumar\u00e1 a la retribuci\u00f3n variable, de una o dos mensualidades <strong>dependiendo de la antig\u00fcedad de cada trabajador<\/strong>.\n<\/p>\n<p class=\"article-body__text \">\n        Mercadona reconoce as\u00ed \u00abel esfuerzo individual y colectivo de su extraordinario equipo, pilar fundamental para lograr a\u00f1o tras a\u00f1o unos magn\u00edficos resultados en productividad, eficiencia y gesti\u00f3n, clave para alcanzar las metas y objetivos marcados, <strong>tras haber incrementado los salarios del 100% de la plantilla un 8,5% en 2025<\/strong>\u00ab.<\/p>\n","protected":false},"excerpt":{"rendered":"Los trabajadores de Mercadona contar\u00e1n a partir del pr\u00f3ximo a\u00f1o con una semana m\u00e1s de vacaciones y una&hellip;\n","protected":false},"author":2,"featured_media":297364,"comment_status":"","ping_status":"","sticky":false,"template":"","format":"standard","meta":{"footnotes":""},"categories":[5],"tags":[4187,17,18,25,24,13,14,11,19,20,4973,9,10,15,16,773,23,12,4479,21,22,2110],"class_list":{"0":"post-297363","1":"post","2":"type-post","3":"status-publish","4":"format-standard","5":"has-post-thumbnail","7":"category-titulares","8":"tag-anuncia","9":"tag-breaking-news","10":"tag-breakingnews","11":"tag-es","12":"tag-espana","13":"tag-featured-news","14":"tag-featurednews","15":"tag-headlines","16":"tag-latest-news","17":"tag-latestnews","18":"tag-mercadona","19":"tag-news","20":"tag-noticias","21":"tag-noticias-destacadas","22":"tag-noticiasdestacadas","23":"tag-semana","24":"tag-spain","25":"tag-titulares","26":"tag-trabajadores","27":"tag-ultimas-noticias","28":"tag-ultimasnoticias","29":"tag-vacaciones"},"share_on_mastodon":{"url":"https:\/\/pubeurope.com\/@es\/115750254884551023","error":""},"_links":{"self":[{"href":"https:\/\/www.europesays.com\/es\/wp-json\/wp\/v2\/posts\/297363","targetHints":{"allow":["GET"]}}],"collection":[{"href":"https:\/\/www.europesays.com\/es\/wp-json\/wp\/v2\/posts"}],"about":[{"href":"https:\/\/www.europesays.com\/es\/wp-json\/wp\/v2\/types\/post"}],"author":[{"embeddable":true,"href":"https:\/\/www.europesays.com\/es\/wp-json\/wp\/v2\/users\/2"}],"replies":[{"embeddable":true,"href":"https:\/\/www.europesays.com\/es\/wp-json\/wp\/v2\/comments?post=297363"}],"version-history":[{"count":0,"href":"https:\/\/www.europesays.com\/es\/wp-json\/wp\/v2\/posts\/297363\/revisions"}],"wp:featuredmedia":[{"embeddable":true,"href":"https:\/\/www.europesays.com\/es\/wp-json\/wp\/v2\/media\/297364"}],"wp:attachment":[{"href":"https:\/\/www.europesays.com\/es\/wp-json\/wp\/v2\/media?parent=297363"}],"wp:term":[{"taxonomy":"category","embeddable":true,"href":"https:\/\/www.europesays.com\/es\/wp-json\/wp\/v2\/categories?post=297363"},{"taxonomy":"post_tag","embeddable":true,"href":"https:\/\/www.europesays.com\/es\/wp-json\/wp\/v2\/tags?post=297363"}],"curies":[{"name":"wp","href":"https:\/\/api.w.org\/{rel}","templated":true}]}}