{"id":297371,"date":"2025-12-20T05:45:27","date_gmt":"2025-12-20T05:45:27","guid":{"rendered":"https:\/\/www.europesays.com\/es\/297371\/"},"modified":"2025-12-20T05:45:27","modified_gmt":"2025-12-20T05:45:27","slug":"de-una-infancia-marcada-por-la-violencia-al-exito-mundial","status":"publish","type":"post","link":"https:\/\/www.europesays.com\/es\/297371\/","title":{"rendered":"de una infancia marcada por la violencia al \u00e9xito mundial"},"content":{"rendered":"<p class=\"c-paragraph\"><a href=\"https:\/\/www.20minutos.es\/tags\/personas\/christina-aguilera.html\" title=\"Christina Aguilera\" rel=\"nofollow noopener\" target=\"_blank\">Christina Aguilera <\/a>sigue siendo una de las cantantes m\u00e1s famosas de la m\u00fasica pop. Se cumplen 25 a\u00f1os desde que saltase a la fama y durante toda su carrera ha recopilado tanto \u00e9xitos como pol\u00e9micas. Con una personalidad rebelde y un estilo trasgresor, no es de extra\u00f1ar que se le considerase como<b> \u00abla voz de la generaci\u00f3n de los 2000\u00bb<\/b> junto a artistas como <a href=\"https:\/\/www.20minutos.es\/tags\/personas\/madonna.html\" title=\"Madonna\" rel=\"nofollow noopener\" target=\"_blank\">Madonna<\/a>. Ahora acaba de estrenar 45 a\u00f1os.<\/p>\n<p class=\"c-paragraph\">Christina Mar\u00eda Aguilera naci\u00f3 en 1980 en Staten Island, <a href=\"https:\/\/www.20minutos.es\/tags\/lugares\/nueva-york.html\" title=\"Nueva York\" rel=\"nofollow noopener\" target=\"_blank\">Nueva York<\/a>, aunque <b>pas\u00f3 toda su infancia en Filadelfia junto a su madre<\/b>, Shelly Kears, su hermana Rachel y su padrastro. Y es que, debido a la agresividad de su padre biol\u00f3gico, Fausto Aguilera, su familia tuvo que apartarse r\u00e1pidamente de \u00e9l. El hombre fue sargento del ej\u00e9rcito estadounidense y marc\u00f3 por completo a la cantante desde joven por su violencia.\u00a0<\/p>\n<p class=\"c-paragraph\">\u00abFui testigo de muchas cosas desagradables, muchos empujones, forcejeos, peleas y ri\u00f1as. Fue duro, fue muy, muy duro\u00bb, record\u00f3 en 2009 en el canal E! Unas palabras que su madre reafirmo al narrar una de escenas m\u00e1s duras de su infancia: \u00abEstaba abajo y de repente o\u00ed un gran golpe. <b>Sub\u00ed las escaleras y all\u00ed estaba mi ni\u00f1a de 4 a\u00f1os. Ten\u00eda sangre bajando por el ment\u00f3n. <\/b>La levant\u00e9 y le dije: &#8216;\u00bfQu\u00e9 pasa?&#8217;, y ella dijo algo as\u00ed como que &#8216;pap\u00e1 quer\u00eda dormir la siesta y yo hac\u00eda demasiado ruido\u00bb. Por ello, para \u00abescapar\u00bb de todos sus problemas, la int\u00e9rprete se encerraba en su habitaci\u00f3n para cantar.\u00a0<\/p>\n<p class=\"c-paragraph\">As\u00ed, la m\u00fasica siempre le acompa\u00f1\u00f3,\u00a0tanto en ingl\u00e9s como en espa\u00f1ol. Su padre era de Ecuador y su madre, de origen irland\u00e9s-alem\u00e1n, era maestra de espa\u00f1ol, por lo que, sumado a que viv\u00edan con sus\u00a0abuelos paternos,<b> el espa\u00f1ol fue siempre parte de ella<\/b>.\u00a0Aguilera siempre abraz\u00f3 su origen hispano y, de hecho, cuenta con discos completamente en espa\u00f1ol como Aguilera, donde colabor\u00f3 con varios artistas latinos como <a href=\"https:\/\/www.20minutos.es\/tags\/personas\/enrique-iglesias.html\" title=\"Enrique Iglesias\" rel=\"nofollow noopener\" target=\"_blank\">Enrique Iglesias<\/a>.\u00a0<\/p>\n<p class=\"c-paragraph\">Aunque, antes de convertirse en una estrella del pop, <b>primero fue una de las caras m\u00e1s conocidas de <a href=\"https:\/\/www.20minutos.es\/tags\/instituciones-empresas\/disney-channel.html\" title=\"Disney Channel\" rel=\"nofollow noopener\" target=\"_blank\">Disney Channel<\/a>. <\/b>Con apenas 12 a\u00f1os present\u00f3 junto a <a href=\"https:\/\/www.20minutos.es\/tags\/personas\/britney-spears.html\" title=\"Britney Spears\" rel=\"nofollow noopener\" target=\"_blank\">Britney Spears<\/a> The New Mickey Mouse Club. En el programa salt\u00f3 a la fama e incluso lleg\u00f3 a darse a conocer en Jap\u00f3n, donde grab\u00f3 dos temas con la estrella del momento Keizo Nakanishi. Y, al volver a <a href=\"https:\/\/www.20minutos.es\/tags\/temas\/estados-unidos.html\" title=\"Estados Unidos\" rel=\"nofollow noopener\" target=\"_blank\">Estados Unidos<\/a>, fue nominada a los <a href=\"https:\/\/www.20minutos.es\/tags\/temas\/globos-de-oro.html\" title=\"Globos de Oro\" rel=\"nofollow noopener\" target=\"_blank\">Globos de Oro<\/a> por ponerle voz a la banda sonora de Mul\u00e1n.\u00a0<\/p>\n<p class=\"c-paragraph\">As\u00ed, en 1999 lanz\u00f3 su \u00e1lbum debut, Christina Aguilera, con el que<b> lleg\u00f3 a ser el n\u00famero uno en la Billboard Hot 100. Desde entonces no dej\u00f3 de cosechar \u00e9xitos<\/b>. En el 2000 public\u00f3 Mi reflejo, un \u00e1lbum en espa\u00f1ol con el que se convirti\u00f3 en la primera artista estadounidense en ganar un <a href=\"https:\/\/www.20minutos.es\/tags\/instituciones-empresas\/grammy-latino.html\" title=\"Grammy Latino\" rel=\"nofollow noopener\" target=\"_blank\">Grammy Latino<\/a>. Desde bandas sonoras de todo tipo al archifamoso que se dio con Madonna en la gala de MTV Video Music Awards de 2003, se convert\u00eda en el centro de todas las miradas.\u00a0<\/p>\n<p class=\"c-paragraph\">Sin embargo, en el amor no ha tenido tanta suerte.<b> En 2005 se cas\u00f3 por primera vez con Jordan Bratman<\/b>, con quien tuvo a su primer hijo, Max Liron tres a\u00f1os despu\u00e9s. Sin embargo, su romance termin\u00f3 y Aguilera volvi\u00f3 a comprometerse en 2014 con Matthew Rutler. Con \u00e9l tuvo su segunda hija, Summer Rain. A sus peque\u00f1os son a quienes lleva dedic\u00e1ndole la mayor parte de su tiempo.\u00a0<\/p>\n<p class=\"c-paragraph\">Aunque lo cierto es que sigue muy activa en la industria musical. De hecho, recientemente <b>colabor\u00f3 con algunos de los cantantes m\u00e1s importantes como Sabrina Carpenter<\/b> o Machine Gun Kelly. Todo ello sumado a sus logros, entre los que destacan cuatro giras mundiales, cinco premios Grammy y 10 sencillos n\u00famero uno en las listas. Y, alejado de la m\u00fasica, tambi\u00e9n tiene su propia marca de bienestar, Playground.<\/p>\n","protected":false},"excerpt":{"rendered":"Christina Aguilera sigue siendo una de las cantantes m\u00e1s famosas de la m\u00fasica pop. Se cumplen 25 a\u00f1os&hellip;\n","protected":false},"author":2,"featured_media":297372,"comment_status":"","ping_status":"","sticky":false,"template":"","format":"standard","meta":{"footnotes":""},"categories":[170],"tags":[18596,42086,6951,70773,146,147,25,24,184,185,23,20899],"class_list":{"0":"post-297371","1":"post","2":"type-post","3":"status-publish","4":"format-standard","5":"has-post-thumbnail","7":"category-musica","8":"tag-18596","9":"tag-aguilera","10":"tag-celebra","11":"tag-christina","12":"tag-entertainment","13":"tag-entretenimiento","14":"tag-es","15":"tag-espana","16":"tag-music","17":"tag-musica","18":"tag-spain","19":"tag-sus"},"share_on_mastodon":{"url":"https:\/\/pubeurope.com\/@es\/115750314201337867","error":""},"_links":{"self":[{"href":"https:\/\/www.europesays.com\/es\/wp-json\/wp\/v2\/posts\/297371","targetHints":{"allow":["GET"]}}],"collection":[{"href":"https:\/\/www.europesays.com\/es\/wp-json\/wp\/v2\/posts"}],"about":[{"href":"https:\/\/www.europesays.com\/es\/wp-json\/wp\/v2\/types\/post"}],"author":[{"embeddable":true,"href":"https:\/\/www.europesays.com\/es\/wp-json\/wp\/v2\/users\/2"}],"replies":[{"embeddable":true,"href":"https:\/\/www.europesays.com\/es\/wp-json\/wp\/v2\/comments?post=297371"}],"version-history":[{"count":0,"href":"https:\/\/www.europesays.com\/es\/wp-json\/wp\/v2\/posts\/297371\/revisions"}],"wp:featuredmedia":[{"embeddable":true,"href":"https:\/\/www.europesays.com\/es\/wp-json\/wp\/v2\/media\/297372"}],"wp:attachment":[{"href":"https:\/\/www.europesays.com\/es\/wp-json\/wp\/v2\/media?parent=297371"}],"wp:term":[{"taxonomy":"category","embeddable":true,"href":"https:\/\/www.europesays.com\/es\/wp-json\/wp\/v2\/categories?post=297371"},{"taxonomy":"post_tag","embeddable":true,"href":"https:\/\/www.europesays.com\/es\/wp-json\/wp\/v2\/tags?post=297371"}],"curies":[{"name":"wp","href":"https:\/\/api.w.org\/{rel}","templated":true}]}}