{"id":297373,"date":"2025-12-20T05:46:10","date_gmt":"2025-12-20T05:46:10","guid":{"rendered":"https:\/\/www.europesays.com\/es\/297373\/"},"modified":"2025-12-20T05:46:10","modified_gmt":"2025-12-20T05:46:10","slug":"solo-quedan-10-dias-para-ver-una-de-las-mejores-peliculas-de-suspense-de-los-anos-90-con-robert-de-niro-y-jessica-lange","status":"publish","type":"post","link":"https:\/\/www.europesays.com\/es\/297373\/","title":{"rendered":"s\u00f3lo quedan 10 d\u00edas para ver una de las mejores pel\u00edculas de suspense de los a\u00f1os 90 con Robert De Niro y Jessica Lange"},"content":{"rendered":"<p data-journey-content=\"true\" data-node-id=\"3\" class=\"body-dropcap css-x7ayhf emevuu60\">Sabemos que una pel\u00edcula es buena cuando su retirada de una plataforma de \u2018streaming\u2019 se siente casi como una peque\u00f1a p\u00e9rdida personal. No la volver\u00e1s a ver en la gran pantalla (mucho menos si no naciste en esa \u00e9poca) y ya ni siquiera podr\u00e1s hacerlo frente al televisor de tu casa, por lo que parece que s\u00f3lo queda rememorarla y disfrutar de ella por \u00faltima vez. Es m\u00e1s, esta sensaci\u00f3n no ocurre con cualquier t\u00edtulo, sino con aquellos que, pese al paso de los a\u00f1os, a\u00fan siguen presentes en las conversaciones m\u00e1s cin\u00e9filas. <\/p>\n<p data-journey-content=\"true\" data-node-id=\"6\" class=\"css-6wxqfj emevuu60\">Netflix nutre constantemente su cat\u00e1logo de nuevos contenidos originales, pero una gran parte tambi\u00e9n tira hacia la nostalgia con pel\u00edculas y series que un d\u00eda fueron grandes \u00e9xitos mundiales. Ahora que se acercan las vacaciones de Navidad y que hay m\u00e1s tiempo libre para descansar y desconectar de la rutina, estate atenta porque s\u00f3lo quedan 11 d\u00edas para ver una de las mejores pel\u00edculas de suspense de los a\u00f1os 90 con Robert De Niro y Jessica Lange como protagonistas. El pr\u00f3ximo 29 de diciembre dejar\u00e1 para siempre <a href=\"https:\/\/www.cosmopolitan.com\/es\/netflix-series-peliculas-documentales\/\" data-vars-ga-outbound-link=\"https:\/\/www.cosmopolitan.com\/es\/netflix-series-peliculas-documentales\/\" data-vars-ga-ux-element=\"Hyperlink\" data-vars-ga-call-to-action=\"Netflix.\" data-node-id=\"6.1\" class=\"body-link css-103hk4r emevuu60\" rel=\"nofollow noopener\" target=\"_blank\">Netflix.<\/a><\/p>\n<p><img draggable=\"true\" alt=\"robert de niro in 'cape fear'\" title=\"Robert De Niro In 'Cape Fear'\" loading=\"lazy\" width=\"2826\" height=\"4204\" decoding=\"async\" data-nimg=\"1\" style=\"color:transparent;width:100%;height:auto;\"   src=\"https:\/\/www.europesays.com\/es\/wp-content\/uploads\/2025\/12\/robert-de-niro-shows-off-his-tattoos-in-a-scene-from-the-news-photo-1765795170.pjpeg\" class=\"css-0 e1g79fud0\"\/><\/p>\n<p>Archive Photos\/\/Getty Images<\/p>\n<p data-journey-content=\"true\" data-node-id=\"9\" class=\"css-6wxqfj emevuu60\">Echamos la vista atr\u00e1s a 1991. Por aquel entonces, el nombre de Martin Scorsese ya estaba m\u00e1s que consolidado y situado en un lugar privilegiado e inamovible en la industria estadounidense pr\u00e1cticamente desde su primera pel\u00edcula, \u2018\u00bfQui\u00e9n llama a mi puerta?\u2019. Su participaci\u00f3n como director en \u2018El cabo del miedo\u2019 supon\u00eda un gran reto para \u00e9l: alejarse de su habitual forma de trabajar el suspense para adentrarse en una trama mucho m\u00e1s compleja y oscura psicol\u00f3gicamente hablando. De hecho, tard\u00f3 un a\u00f1o en aceptar hacer finalmente este proyecto.<\/p>\n<p data-journey-content=\"true\" data-node-id=\"13\" class=\"css-6wxqfj emevuu60\">En este \u2018remake\u2019 del cl\u00e1sico de los a\u00f1os 60 de J. Lee Thompson, <a href=\"https:\/\/www.cosmopolitan.com\/es\/entretenimiento-cultura\/a65327612\/robert-de-niro-amor-a-primera-vista-meryl-streep\/\" data-vars-ga-outbound-link=\"https:\/\/www.cosmopolitan.com\/es\/entretenimiento-cultura\/a65327612\/robert-de-niro-amor-a-primera-vista-meryl-streep\/\" data-vars-ga-ux-element=\"Hyperlink\" data-vars-ga-call-to-action=\"Robert De Niro\" data-node-id=\"13.1\" class=\"body-link css-103hk4r emevuu60\" rel=\"nofollow noopener\" target=\"_blank\">Robert De Niro<\/a> interpreta a Max Cady, un exconvicto que regresa a la vida de Sam Bodwen (Nick Nolte), el abogado al que culpa de su condena. La pel\u00edcula convierte esa amenaza psicol\u00f3gica constante que Cady ejerce sobre Bodwen en su principal motor narrativo, sumando capas de tensi\u00f3n a cada secuencia que va sucediendo.<\/p>\n<p data-journey-content=\"true\" data-node-id=\"15\" class=\"css-6wxqfj emevuu60\">Ya por entonces, en la fecha de su estreno hace 34 a\u00f1os, <a href=\"https:\/\/www.nytimes.com\/1991\/11\/10\/movies\/film-martin-scorsese-ventures-back-to-cape-fear.html\" target=\"_blank\" rel=\"nofollow noopener\" data-vars-ga-outbound-link=\"https:\/\/www.nytimes.com\/1991\/11\/10\/movies\/film-martin-scorsese-ventures-back-to-cape-fear.html\" data-vars-ga-ux-element=\"Hyperlink\" data-vars-ga-call-to-action=\"\u2018The New York Times\u2019\" data-vars-ga-product-id=\"33ce979b-4ed2-4dd1-8999-269d99d74c7d\" data-node-id=\"15.1\" class=\"body-link product-links css-103hk4r emevuu60\">\u2018The New York Times\u2019<\/a> hablaba as\u00ed de ella: \u201cNo la veas si no es de tu agrado, pero te perder\u00e1s un trabajo esencial de uno de los maestros del gremio, as\u00ed como una de las mejores interpretaciones del a\u00f1o: la de De Niro\u201d. A esto, <a href=\"https:\/\/variety.com\/1990\/film\/reviews\/cape-fear-3-1200428979\/\" target=\"_blank\" rel=\"nofollow noopener\" data-vars-ga-outbound-link=\"https:\/\/variety.com\/1990\/film\/reviews\/cape-fear-3-1200428979\/\" data-vars-ga-ux-element=\"Hyperlink\" data-vars-ga-call-to-action=\"\u2018Variety\u2019\" data-node-id=\"15.3\" class=\"body-link css-103hk4r emevuu60\">\u2018Variety\u2019<\/a> a\u00f1adi\u00f3 que \u2018El cabo del miedo\u2019 es \u201cuna adaptaci\u00f3n elegante e inteligente del \u2018thriller\u2019 de 1962\u201d.<\/p>\n<p><img draggable=\"true\" alt=\"el cabo del miedo\" title=\"El cabo del miedo\" loading=\"lazy\" width=\"2500\" height=\"3747\" decoding=\"async\" data-nimg=\"1\" style=\"color:transparent;width:100%;height:auto;\"   src=\"https:\/\/www.europesays.com\/es\/wp-content\/uploads\/2025\/12\/escena-cabo-miedo-69416e11bdc7b.jpg\" class=\"css-0 e1g79fud0\"\/><\/p>\n<p>Distribuidora<\/p>\n<p data-journey-content=\"true\" data-node-id=\"18\" class=\"css-6wxqfj emevuu60\">Jessica Lange, por su parte, aporta esa mayor profundidad emocional que equilibra la parte m\u00e1s cruda e intensa de la trama, explorando sentimientos como la culpa, el miedo o la fragilidad familiar. Scorsese, adem\u00e1s, refuerza todo ello con los c\u00f3digos cinematogr\u00e1ficos propios de un \u2018thriller\u2019 psicol\u00f3gico: una inquietante banda sonora que acent\u00faa esa incertidumbre y una fotograf\u00eda cargada de claroscuros para destacar la opresi\u00f3n y la amenaza de Robert De Niro sobre el personaje de Nick Nolte.<\/p>\n<p data-journey-content=\"true\" data-node-id=\"20\" class=\"css-6wxqfj emevuu60\">Sin embargo, la huella de \u2018El cabo del miedo\u2019, una de las <a href=\"https:\/\/www.cosmopolitan.com\/es\/consejos-planes\/planes-ocio\/g37385959\/mejores-peliculas\/\" data-vars-ga-outbound-link=\"https:\/\/www.cosmopolitan.com\/es\/consejos-planes\/planes-ocio\/g37385959\/mejores-peliculas\/\" data-vars-ga-ux-element=\"Hyperlink\" data-vars-ga-call-to-action=\"mejores pel\u00edculas, \" data-node-id=\"20.1\" class=\"body-link css-103hk4r emevuu60\" rel=\"nofollow noopener\" target=\"_blank\">mejores pel\u00edculas, <\/a>no desaparecer\u00e1 del todo, ya que Apple TV+ est\u00e1 trabajando en una nueva adaptaci\u00f3n en formato de serie inspirada en la pel\u00edcula y que contar\u00e1 en el reparto con Javier Bardem y Amy Adams como los protagonistas. Mientras llega este estreno, la retirada de Netflix funciona como una especie de recordatorio: hay relatos tan atemporales que merecen seguir perdurando antes de volver a transformarse para una nueva generaci\u00f3n espectadores.<\/p>\n","protected":false},"excerpt":{"rendered":"Sabemos que una pel\u00edcula es buena cuando su retirada de una plataforma de \u2018streaming\u2019 se siente casi como&hellip;\n","protected":false},"author":2,"featured_media":297374,"comment_status":"","ping_status":"","sticky":false,"template":"","format":"standard","meta":{"footnotes":""},"categories":[169],"tags":[177,253,146,147,25,24,176,175,23],"class_list":{"0":"post-297373","1":"post","2":"type-post","3":"status-publish","4":"format-standard","5":"has-post-thumbnail","7":"category-cine","8":"tag-cine","9":"tag-discover","10":"tag-entertainment","11":"tag-entretenimiento","12":"tag-es","13":"tag-espana","14":"tag-film","15":"tag-movies","16":"tag-spain"},"share_on_mastodon":{"url":"https:\/\/pubeurope.com\/@es\/115750318702383474","error":""},"_links":{"self":[{"href":"https:\/\/www.europesays.com\/es\/wp-json\/wp\/v2\/posts\/297373","targetHints":{"allow":["GET"]}}],"collection":[{"href":"https:\/\/www.europesays.com\/es\/wp-json\/wp\/v2\/posts"}],"about":[{"href":"https:\/\/www.europesays.com\/es\/wp-json\/wp\/v2\/types\/post"}],"author":[{"embeddable":true,"href":"https:\/\/www.europesays.com\/es\/wp-json\/wp\/v2\/users\/2"}],"replies":[{"embeddable":true,"href":"https:\/\/www.europesays.com\/es\/wp-json\/wp\/v2\/comments?post=297373"}],"version-history":[{"count":0,"href":"https:\/\/www.europesays.com\/es\/wp-json\/wp\/v2\/posts\/297373\/revisions"}],"wp:featuredmedia":[{"embeddable":true,"href":"https:\/\/www.europesays.com\/es\/wp-json\/wp\/v2\/media\/297374"}],"wp:attachment":[{"href":"https:\/\/www.europesays.com\/es\/wp-json\/wp\/v2\/media?parent=297373"}],"wp:term":[{"taxonomy":"category","embeddable":true,"href":"https:\/\/www.europesays.com\/es\/wp-json\/wp\/v2\/categories?post=297373"},{"taxonomy":"post_tag","embeddable":true,"href":"https:\/\/www.europesays.com\/es\/wp-json\/wp\/v2\/tags?post=297373"}],"curies":[{"name":"wp","href":"https:\/\/api.w.org\/{rel}","templated":true}]}}