{"id":297377,"date":"2025-12-20T05:49:31","date_gmt":"2025-12-20T05:49:31","guid":{"rendered":"https:\/\/www.europesays.com\/es\/297377\/"},"modified":"2025-12-20T05:49:31","modified_gmt":"2025-12-20T05:49:31","slug":"tengo-gripe-o-resfriado-comun-un-medico-revela-las-claves-para-diferenciar-entre-una-y-otra-salud-y-bienestar","status":"publish","type":"post","link":"https:\/\/www.europesays.com\/es\/297377\/","title":{"rendered":"\u00bfTengo gripe o resfriado com\u00fan? Un m\u00e9dico revela las claves para diferenciar entre una y otra | Salud y bienestar"},"content":{"rendered":"<p class=\"loc\">Madrid<\/p>\n<p>El doctor Fernando Fern\u00e1ndez Bueno ha abierto <a href=\"https:\/\/cadenaser.com\/audio\/1766020523513\/\" target=\"_blank\" rel=\"noreferrer nofollow noopener\" title=\"https:\/\/cadenaser.com\/audio\/1766020523513\/\">una semana m\u00e1s su consulta en El Faro de la Cadena SER<\/a> para escuchar las inquietudes de los oyentes del programa. Y aprovechando que estamos en el mes de diciembre, y que las temperaturas han bajado considerablemente durante estos \u00faltimos d\u00edas, Mara Torres ha querido empezar la secci\u00f3n haci\u00e9ndole una pregunta que se hace mucha gente en su d\u00eda a d\u00eda. M\u00e1s a\u00fan ahora que las Navidades est\u00e1n a la vuelta de la esquina, una \u00e9poca en la que volveremos a reunirnos con nuestros seres queridos, con todo lo que ello supone: \u00ab\u00bfC\u00f3mo <a href=\"https:\/\/cadenaser.com\/nacional\/2025\/12\/18\/hay-un-monton-de-enfermos-esperando-desde-hace-dias-una-cama-en-planta-un-medico-cuenta-la-situacion-limite-que-se-vive-en-urgencias-por-la-supergripe-cadena-ser\/\" target=\"_blank\" rel=\"noreferrer nofollow noopener\" title=\"https:\/\/cadenaser.com\/nacional\/2025\/12\/18\/hay-un-monton-de-enfermos-esperando-desde-hace-dias-una-cama-en-planta-un-medico-cuenta-la-situacion-limite-que-se-vive-en-urgencias-por-la-supergripe-cadena-ser\/\">diferenciamos si tenemos un resfriado com\u00fan o si he cogido la gripe de verdad?\u00bb. <\/a><\/p>\n<p>M\u00e1s informaci\u00f3n<\/p>\n<p>Sin pens\u00e1rselo dos veces, el doctor Bueno ha identificado dos claves para diferenciar entre ambas afecciones: \u00abA grandes rasgos, la gripe se manifiesta con fiebre elevada (de 38, 38 y medio en adelante), muy mal estado general, postraci\u00f3n y mialgias (dolores musculares). Mientras tanto, el resfriado, por regla general, no eleva tanto la temperatura y el s\u00edntoma primordial y principal es la rinorrea, que es ese moco que tenemos en la nariz, que estamos siempre haciendo as\u00ed con el pa\u00f1uelo. Esas son las dos grandes diferencias\u00bb. <\/p>\n<p>Los s\u00edntomas cambian en ni\u00f1os y mayores<\/p>\n<p>No obstante, el doctor ha aprovechado la ocasi\u00f3n para explicar que la sintomatolog\u00eda cambia ligeramente tanto en ni\u00f1os como en los m\u00e1s mayores: \u00abLos ni\u00f1os suelen tener esa fiebre elevada con la gripe y adem\u00e1s presentan n\u00e1useas y v\u00f3mitos. Y nuestros mayores, que tenemos que cuidar tanto, pueden tener fiebre elevada, pero a veces no se manifiesta. Sobre todo lo que manifiestan son otras enfermedades, sobre todo decaimiento, mal estado general o exacerbaci\u00f3n de algunas enfermedades previas que ten\u00edan ellos\u00bb. <\/p>\n<p><img decoding=\"async\" src=\"https:\/\/www.europesays.com\/es\/wp-content\/uploads\/2025\/12\/https:\/\/sdmedia.playser.cadenaser.com\/playser\/image\/202510\/10\/1760091993_asset_still.png\" alt=\"Ilustrar\" width=\"655\"   loading=\"lazy\"\/><\/p>\n<p>El c\u00f3digo iframe se ha copiado en el portapapeles<\/p>\n<p>FacebookTwitterLinkedinWhatsAppCerrar<\/p>\n<p>En declaraciones a la Cadena SER, el doctor Bueno explica que la gripe y el resfriado est\u00e1n producidos por dos virus distintos. De ah\u00ed que la sintomatolog\u00eda var\u00ede de una enfermedad a otra: \u00abMientras que el de la gripe es el virus de la influenza (influenzavirus), el del resfriado com\u00fan es un rinovirus. Y de hecho, hoy en d\u00eda, cuando nos hacen los tests y vamos al centro de salud o a urgencias porque nos encontramos mal, hoy sabemos ya, seg\u00fan los estudios que tenemos en este a\u00f1o concretamente, que tenemos m\u00e1s casos de rinovirus (que es resfriado) que de influenza (que es gripe)\u00bb. <\/p>\n<p>Recurre a los antigripales para combatir ambas enfermedades<\/p>\n<p>Despu\u00e9s de conocer las diferencias entre una gripe y un resfriado com\u00fan, Mara Torres le ha preguntado si medicamentos como el Frenadol sirven para ambas afecciones o si tambi\u00e9n hay medicamentos dirigidos a una enfermedad u otra. <\/p>\n<p>Y el doctor Bueno le ha explicado que este tipo de medicamentos valen para ambas porque son enfermedades virales y que, por tanto, no hay que tratarlas con antibi\u00f3ticos: \u00abEstos f\u00e1rmacos que estamos comentando llevan, sobre todo, paracetamol y alg\u00fan otro compuesto que nos hacen que podamos eliminar mejor los mocos, etc\u00e9tera. Pero es el tratamiento de elecci\u00f3n, con lo cual sirve tanto para la gripe como para el resfriado\u00bb. <\/p>\n","protected":false},"excerpt":{"rendered":"Madrid El doctor Fernando Fern\u00e1ndez Bueno ha abierto una semana m\u00e1s su consulta en El Faro de la&hellip;\n","protected":false},"author":2,"featured_media":297378,"comment_status":"","ping_status":"","sticky":false,"template":"","format":"standard","meta":{"footnotes":""},"categories":[92],"tags":[25,24,165,166,23],"class_list":{"0":"post-297377","1":"post","2":"type-post","3":"status-publish","4":"format-standard","5":"has-post-thumbnail","7":"category-salud","8":"tag-es","9":"tag-espana","10":"tag-health","11":"tag-salud","12":"tag-spain"},"share_on_mastodon":{"url":"https:\/\/pubeurope.com\/@es\/115750330040794241","error":""},"_links":{"self":[{"href":"https:\/\/www.europesays.com\/es\/wp-json\/wp\/v2\/posts\/297377","targetHints":{"allow":["GET"]}}],"collection":[{"href":"https:\/\/www.europesays.com\/es\/wp-json\/wp\/v2\/posts"}],"about":[{"href":"https:\/\/www.europesays.com\/es\/wp-json\/wp\/v2\/types\/post"}],"author":[{"embeddable":true,"href":"https:\/\/www.europesays.com\/es\/wp-json\/wp\/v2\/users\/2"}],"replies":[{"embeddable":true,"href":"https:\/\/www.europesays.com\/es\/wp-json\/wp\/v2\/comments?post=297377"}],"version-history":[{"count":0,"href":"https:\/\/www.europesays.com\/es\/wp-json\/wp\/v2\/posts\/297377\/revisions"}],"wp:featuredmedia":[{"embeddable":true,"href":"https:\/\/www.europesays.com\/es\/wp-json\/wp\/v2\/media\/297378"}],"wp:attachment":[{"href":"https:\/\/www.europesays.com\/es\/wp-json\/wp\/v2\/media?parent=297377"}],"wp:term":[{"taxonomy":"category","embeddable":true,"href":"https:\/\/www.europesays.com\/es\/wp-json\/wp\/v2\/categories?post=297377"},{"taxonomy":"post_tag","embeddable":true,"href":"https:\/\/www.europesays.com\/es\/wp-json\/wp\/v2\/tags?post=297377"}],"curies":[{"name":"wp","href":"https:\/\/api.w.org\/{rel}","templated":true}]}}