{"id":297379,"date":"2025-12-20T05:50:27","date_gmt":"2025-12-20T05:50:27","guid":{"rendered":"https:\/\/www.europesays.com\/es\/297379\/"},"modified":"2025-12-20T05:50:27","modified_gmt":"2025-12-20T05:50:27","slug":"love-actually-la-peli-navidenna-por-excelencia","status":"publish","type":"post","link":"https:\/\/www.europesays.com\/es\/297379\/","title":{"rendered":"Love Actually, la peli navide\u00f1\u00f1a por excelencia"},"content":{"rendered":"<p>              <strong>+07<\/strong><\/p>\n<p>\u00bfSab\u00edas que para el comienzo de esta pel\u00edcula se usaron im\u00e1genes reales de reencuentros en el aeropuerto de Heathrow? \u00bfO que el ni\u00f1o, Thomas Brodie Sansgter, s\u00f3lo se llevaba 5 a\u00f1os con Keira Knightley? Ella ten\u00eda 17 y \u00e9l 12. Tambi\u00e9n te cuento en el programa de hoy c\u00f3mo Emma Thompson recurri\u00f3 a una dolorosa experiencia real para darnos una interpretaci\u00f3n sublime como Karen. Esta pel\u00edcula hace despertar el esp\u00edritu navide\u00f1o de cualquiera y por eso hoy exploramos las mejores curiosidades detr\u00e1s de este cl\u00e1sico navide\u00f1o por excelencia: Love Actually, de Richard Curtis.<\/p>\n","protected":false},"excerpt":{"rendered":"+07 \u00bfSab\u00edas que para el comienzo de esta pel\u00edcula se usaron im\u00e1genes reales de reencuentros en el aeropuerto&hellip;\n","protected":false},"author":2,"featured_media":297380,"comment_status":"","ping_status":"","sticky":false,"template":"","format":"standard","meta":{"footnotes":""},"categories":[91],"tags":[146,147,25,24,70774,70775,133,1448,1986,1987,23],"class_list":{"0":"post-297379","1":"post","2":"type-post","3":"status-publish","4":"format-standard","5":"has-post-thumbnail","7":"category-entretenimiento","8":"tag-entertainment","9":"tag-entretenimiento","10":"tag-es","11":"tag-espana","12":"tag-giro-de-guion","13":"tag-love-actually","14":"tag-online","15":"tag-radio","16":"tag-rne","17":"tag-rtve-play","18":"tag-spain"},"share_on_mastodon":{"url":"https:\/\/pubeurope.com\/@es\/115750333841965783","error":""},"_links":{"self":[{"href":"https:\/\/www.europesays.com\/es\/wp-json\/wp\/v2\/posts\/297379","targetHints":{"allow":["GET"]}}],"collection":[{"href":"https:\/\/www.europesays.com\/es\/wp-json\/wp\/v2\/posts"}],"about":[{"href":"https:\/\/www.europesays.com\/es\/wp-json\/wp\/v2\/types\/post"}],"author":[{"embeddable":true,"href":"https:\/\/www.europesays.com\/es\/wp-json\/wp\/v2\/users\/2"}],"replies":[{"embeddable":true,"href":"https:\/\/www.europesays.com\/es\/wp-json\/wp\/v2\/comments?post=297379"}],"version-history":[{"count":0,"href":"https:\/\/www.europesays.com\/es\/wp-json\/wp\/v2\/posts\/297379\/revisions"}],"wp:featuredmedia":[{"embeddable":true,"href":"https:\/\/www.europesays.com\/es\/wp-json\/wp\/v2\/media\/297380"}],"wp:attachment":[{"href":"https:\/\/www.europesays.com\/es\/wp-json\/wp\/v2\/media?parent=297379"}],"wp:term":[{"taxonomy":"category","embeddable":true,"href":"https:\/\/www.europesays.com\/es\/wp-json\/wp\/v2\/categories?post=297379"},{"taxonomy":"post_tag","embeddable":true,"href":"https:\/\/www.europesays.com\/es\/wp-json\/wp\/v2\/tags?post=297379"}],"curies":[{"name":"wp","href":"https:\/\/api.w.org\/{rel}","templated":true}]}}