{"id":297395,"date":"2025-12-20T06:04:08","date_gmt":"2025-12-20T06:04:08","guid":{"rendered":"https:\/\/www.europesays.com\/es\/297395\/"},"modified":"2025-12-20T06:04:08","modified_gmt":"2025-12-20T06:04:08","slug":"bolonia-inter-en-directo","status":"publish","type":"post","link":"https:\/\/www.europesays.com\/es\/297395\/","title":{"rendered":"Bolonia &#8211; Inter en directo"},"content":{"rendered":"<p> <strong>\u00daltima hora del Bolonia &#8211; Inter<\/strong><\/p>\n<p class=\"ue-c-article__paragraph \"><strong>\u00a1Bueeeeeeeeeeeenaaaaaaaaaaaaas taaaaaaaaardeeeeeeees! <\/strong>Bienvenidos a la semifinal de la Supercopa de Italia. En el d\u00eda de hoy viviremos un autentico partidazo, entre dos de los mejores equipos del f\u00fatbol italiano. <strong>Bolonia e Inter se enfrentan por un puesto en la final del lunes ante el N\u00e1poles.<\/strong><\/p>\n<p class=\"ue-c-article__paragraph \">El <strong>Bolonia<\/strong> llega a la &#8216;Supercoppa&#8217; como <strong>campe\u00f3n de la Copa de Italia,<\/strong><strong>51 a\u00f1os despu\u00e9s de su \u00faltimo triunfo,<\/strong> por lo que est\u00e1n viviendo una \u00e9poca dorada en su historia reciente. Asimismo, hoy ante el Inter, disputar\u00e1n su primer partido oficial en la competici\u00f3n. Por otro lado, <strong>en la Serie A est\u00e1n manteniendo el nivel visto en las \u00faltimas dos temporadas, ocupando el sexto puesto con 25 unidades, a cinco de la Champions.<\/strong><\/p>\n<p class=\"ue-c-article__paragraph \">El Inter, en cambio, vive una realidad muy distinta.<strong> Los &#8216;neroazzurri&#8217; acabaron la temporada pasada sin t\u00edtulos,<\/strong> tras caer en las semifinales de Copa ante el Milan, en la final de la Champions ante el PSG y perdiendo el t\u00edtulo de liga en el &#8216;foto finish&#8217; ante el N\u00e1poles. <strong>Tambi\u00e9n perdieron la final de la &#8216;Supercoppa&#8217; ante el Milan<\/strong>, por lo que en la presente campa\u00f1a buscan redimirse, y conseguir esta Supercopa puede ser un buen inicio para los de Chivu. <strong>En la Serie A, actualmente son l\u00edderes con 33 puntos.<\/strong><\/p>\n<p class=\"ue-c-article__paragraph \">Todo est\u00e1 listo en el<strong> King Saud University Stadium<\/strong>, en Riyadh, Arabia Saudita, para la segunda de las dos semifinales de la Supercopa Italiana. Empezamos ya con la toda la previa, y cuando el bal\u00f3n eche a rodar a las <strong>20:00<\/strong>, podr\u00e9is seguir el partido en<strong> Dazn<\/strong> y el minuto a minuto del partido, aqu\u00ed en <strong>Marca.com<\/strong>. <strong>\u00a1ARRRRRRAAAAANCAAAAMOOOOOS!<\/strong><\/p>\n","protected":false},"excerpt":{"rendered":"\u00daltima hora del Bolonia &#8211; Inter \u00a1Bueeeeeeeeeeeenaaaaaaaaaaaaas taaaaaaaaardeeeeeeees! Bienvenidos a la semifinal de la Supercopa de Italia. En&hellip;\n","protected":false},"author":2,"featured_media":297396,"comment_status":"","ping_status":"","sticky":false,"template":"","format":"standard","meta":{"footnotes":""},"categories":[268],"tags":[70777,168,25,24,280,282,1698,52728,281,23,167],"class_list":{"0":"post-297395","1":"post","2":"type-post","3":"status-publish","4":"format-standard","5":"has-post-thumbnail","7":"category-futbol","8":"tag-bolonia-fc","9":"tag-deportes","10":"tag-es","11":"tag-espana","12":"tag-football","13":"tag-futbol","14":"tag-futbol-internacional","15":"tag-inter-de-milan","16":"tag-soccer","17":"tag-spain","18":"tag-sports"},"share_on_mastodon":{"url":"https:\/\/pubeurope.com\/@es\/115750388699241248","error":""},"_links":{"self":[{"href":"https:\/\/www.europesays.com\/es\/wp-json\/wp\/v2\/posts\/297395","targetHints":{"allow":["GET"]}}],"collection":[{"href":"https:\/\/www.europesays.com\/es\/wp-json\/wp\/v2\/posts"}],"about":[{"href":"https:\/\/www.europesays.com\/es\/wp-json\/wp\/v2\/types\/post"}],"author":[{"embeddable":true,"href":"https:\/\/www.europesays.com\/es\/wp-json\/wp\/v2\/users\/2"}],"replies":[{"embeddable":true,"href":"https:\/\/www.europesays.com\/es\/wp-json\/wp\/v2\/comments?post=297395"}],"version-history":[{"count":0,"href":"https:\/\/www.europesays.com\/es\/wp-json\/wp\/v2\/posts\/297395\/revisions"}],"wp:featuredmedia":[{"embeddable":true,"href":"https:\/\/www.europesays.com\/es\/wp-json\/wp\/v2\/media\/297396"}],"wp:attachment":[{"href":"https:\/\/www.europesays.com\/es\/wp-json\/wp\/v2\/media?parent=297395"}],"wp:term":[{"taxonomy":"category","embeddable":true,"href":"https:\/\/www.europesays.com\/es\/wp-json\/wp\/v2\/categories?post=297395"},{"taxonomy":"post_tag","embeddable":true,"href":"https:\/\/www.europesays.com\/es\/wp-json\/wp\/v2\/tags?post=297395"}],"curies":[{"name":"wp","href":"https:\/\/api.w.org\/{rel}","templated":true}]}}