{"id":297408,"date":"2025-12-20T06:12:14","date_gmt":"2025-12-20T06:12:14","guid":{"rendered":"https:\/\/www.europesays.com\/es\/297408\/"},"modified":"2025-12-20T06:12:14","modified_gmt":"2025-12-20T06:12:14","slug":"desarrollan-un-metodo-optico-para-medir-el-flujo-sanguineo-cerebral-de-forma-no-invasiva","status":"publish","type":"post","link":"https:\/\/www.europesays.com\/es\/297408\/","title":{"rendered":"Desarrollan un m\u00e9todo \u00f3ptico para medir el flujo sangu\u00edneo cerebral de forma no invasiva"},"content":{"rendered":"<p>Medir el <a href=\"https:\/\/www.consalud.es\/pacientes\/flujo-sanguineo-cerebro-podria-disminuir-en-etapas-asintomaticas-alzheimer.html\" rel=\"nofollow noopener\" target=\"_blank\"><strong>flujo sangu\u00edneo cerebral<\/strong><\/a> es un proceso crucial para comprender una amplia gama de problemas neurol\u00f3gicos, desde <strong><a href=\"https:\/\/www.consalud.es\/profesionales\/enfermeria\/enfermeria-reclama-mas-unidades-de-ictus-para-prevenir-accidentes-cerebrovasculares.html\" rel=\"nofollow noopener\" target=\"_blank\">accidentes cerebrovasculares<\/a> y <a href=\"https:\/\/www.consalud.es\/pacientes\/la-migrana-primera-causa-de-discapacidad-en-adultos-menores-de-50-anos.html\" rel=\"nofollow noopener\" target=\"_blank\">migra\u00f1as<\/a><\/strong> hasta traumatismos craneoencef\u00e1licos. Sin embargo, obtener estas mediciones de forma no invasiva sigue siendo un desaf\u00edo, ya que el cuero cabelludo y el cr\u00e1neo no solo dificultan la visi\u00f3n directa del cerebro, sino que tambi\u00e9n poseen su <strong>propio riego sangu\u00edneo<\/strong>, complicando el aislamiento de las se\u00f1ales cerebrales.<\/p>\n<p><a href=\"https:\/\/www.consalud.es\/web\/assets\/contenedores\/banners\/banner_control_de_clicks.php?id=37\" target=\"_blank\" title=\"Pulse aqu\u00ed\" rel=\"nofollow noopener\"><img loading=\"lazy\" decoding=\"async\" src=\"https:\/\/www.europesays.com\/es\/wp-content\/uploads\/2025\/11\/media-37.jpg\" width=\"300\" height=\"250\" alt=\"Pulse aqu\u00ed\"\/><\/a><\/p>\n<p>En un art\u00edculo publicado en la revista <strong>APL Bioengineering<\/strong> (de AIP Publishing), investigadores de varias instituciones, incluyendo el Instituto de Tecnolog\u00eda de California, la Universidad del Sur de California, el Instituto de Investigaci\u00f3n Rancho, la Universidad de Toledo y el Instituto Nacional de Neurociencia de Singapur, han desarrollado un sistema que utiliza <strong>espectroscopia \u00f3ptica para medir el flujo sangu\u00edneo de forma no invasiva<\/strong>.<\/p>\n<p>Mediante un m\u00e9todo de <strong>im\u00e1genes \u00f3pticas avanzado<\/strong>, el dispositivo es capaz de enfocarse a distintas profundidades para diferenciar entre el flujo sangu\u00edneo del cuero cabelludo y el flujo sangu\u00edneo cerebral. El equipo demostr\u00f3 la utilidad del sistema bloqueando temporalmente el flujo al cuero cabelludo a trav\u00e9s de la arteria temporal superficial, lo que permiti\u00f3 aislar la din\u00e1mica sangu\u00ednea del cerebro.<\/p>\n<p><a href=\"https:\/\/www.consalud.es\/web\/assets\/contenedores\/banners\/banner_control_de_clicks.php?id=78\" target=\"_blank\" title=\"Pulse aqu\u00ed\" rel=\"nofollow noopener\"><img loading=\"lazy\" decoding=\"async\" src=\"https:\/\/www.europesays.com\/es\/wp-content\/uploads\/2025\/12\/media-78.gif\" width=\"300\" height=\"250\" alt=\"Pulse aqu\u00ed\"\/><\/a><\/p>\n<blockquote><p>&#13;<\/p>\n<p>\u201cHemos establecido un marco experimental seguro, sencillo y repetible que otros investigadores pueden usar para validar sus propios sistemas \u00f3pticos no invasivos\u00bb<\/p>\n<p>&#13;\n<\/p><\/blockquote>\n<p>Este trabajo marca la primera vez que se ha configurado este tipo de im\u00e1genes, conocidas como <strong>espectroscopia \u00f3ptica de contraste de moteado<\/strong> (que analiza la difuminaci\u00f3n de la luz al incidir sobre los elementos sangu\u00edneos)\u00a0para eliminar el \u00abruido\u00bb generado por el flujo sangu\u00edneo superficial del cuero cabelludo. \u201cHemos establecido un marco experimental seguro, sencillo y repetible que otros investigadores pueden usar para <strong>validar sus propios sistemas \u00f3pticos no invasivos<\/strong>,\u201d afirm\u00f3 el autor <strong>Max Huang<\/strong>. \u201cEn lugar de depender \u00fanicamente de simulaciones, los grupos ahora pueden usar la oclusi\u00f3n de la arteria temporal superficial para obtener datos reales sobre la sensibilidad del cuero cabelludo y del cerebro en sus dispositivos.\u201d<\/p>\n<p>El dispositivo se aloja en una <strong>diadema <\/strong>que se coloca sobre la frente y contiene una fuente de luz junto con siete detectores. Estos detectores est\u00e1n dispuestos a una distancia creciente de la arteria: los m\u00e1s cercanos recogen datos \u00f3pticos superficiales (como las se\u00f1ales del cuero cabelludo), mientras que los m\u00e1s alejados reciben un conjunto de se\u00f1ales m\u00e1s profundo y amplio. Al <strong>identificar y descartar las se\u00f1ales<\/strong> cercanas a la superficie de la piel, el dispositivo puede delinear qu\u00e9 partes de las se\u00f1ales m\u00e1s profundas corresponden al flujo sangu\u00edneo en el cerebro.<\/p>\n<blockquote><p>&#13;<\/p>\n<p>\u201cEsta variabilidad dificulta el dise\u00f1o de un \u00fanico dispositivo que pueda usarse f\u00e1cilmente en una amplia cohorte de participantes y significa que los resultados pueden variar entre individuos\u201d<\/p>\n<p>&#13;\n<\/p><\/blockquote>\n<p>Los investigadores descubrieron que <strong>bloquear temporalmente la arteria temporal superficial<\/strong> (un vaso sangu\u00edneo que irriga la parte frontal del cuero cabelludo) disminu\u00eda significativamente las se\u00f1ales de los canales superficiales, pero no alteraba las se\u00f1ales de los canales m\u00e1s profundos. Esto lo lograron presionando suavemente la arteria de los pacientes durante unos segundos y midiendo las se\u00f1ales.<\/p>\n<p>\u201cAlgunas personas tienen el cuero cabelludo o las capas del cr\u00e1neo m\u00e1s gruesas, mientras que otras las tienen m\u00e1s delgadas\u201d, coment\u00f3 el autor <strong>Simon Mahler<\/strong>. \u201cEsta variabilidad dificulta el dise\u00f1o de un \u00fanico dispositivo que pueda usarse f\u00e1cilmente en una amplia cohorte de participantes y significa que los resultados pueden variar entre individuos\u201d.<\/p>\n<p>El pr\u00f3ximo paso del equipo es <strong>expandir el dispositivo<\/strong>, lo que incluye una mayor validaci\u00f3n y a\u00f1adir un sensor que permita colocarlo directamente sobre la piel para mejorar su precisi\u00f3n y aplicabilidad.<\/p>\n<p class=\"pie-articulo\">*Los contenidos de ConSalud est\u00e1n elaborados por periodistas especializados en salud y avalados por un comit\u00e9 de expertos de primer nivel. No obstante, recomendamos al lector que cualquier duda relacionada con la salud sea consultada con un profesional del \u00e1mbito sanitario.<\/p>\n","protected":false},"excerpt":{"rendered":"Medir el flujo sangu\u00edneo cerebral es un proceso crucial para comprender una amplia gama de problemas neurol\u00f3gicos, desde&hellip;\n","protected":false},"author":2,"featured_media":297409,"comment_status":"","ping_status":"","sticky":false,"template":"","format":"standard","meta":{"footnotes":""},"categories":[92],"tags":[25,24,165,166,23],"class_list":{"0":"post-297408","1":"post","2":"type-post","3":"status-publish","4":"format-standard","5":"has-post-thumbnail","7":"category-salud","8":"tag-es","9":"tag-espana","10":"tag-health","11":"tag-salud","12":"tag-spain"},"share_on_mastodon":{"url":"https:\/\/pubeurope.com\/@es\/115750420808752602","error":""},"_links":{"self":[{"href":"https:\/\/www.europesays.com\/es\/wp-json\/wp\/v2\/posts\/297408","targetHints":{"allow":["GET"]}}],"collection":[{"href":"https:\/\/www.europesays.com\/es\/wp-json\/wp\/v2\/posts"}],"about":[{"href":"https:\/\/www.europesays.com\/es\/wp-json\/wp\/v2\/types\/post"}],"author":[{"embeddable":true,"href":"https:\/\/www.europesays.com\/es\/wp-json\/wp\/v2\/users\/2"}],"replies":[{"embeddable":true,"href":"https:\/\/www.europesays.com\/es\/wp-json\/wp\/v2\/comments?post=297408"}],"version-history":[{"count":0,"href":"https:\/\/www.europesays.com\/es\/wp-json\/wp\/v2\/posts\/297408\/revisions"}],"wp:featuredmedia":[{"embeddable":true,"href":"https:\/\/www.europesays.com\/es\/wp-json\/wp\/v2\/media\/297409"}],"wp:attachment":[{"href":"https:\/\/www.europesays.com\/es\/wp-json\/wp\/v2\/media?parent=297408"}],"wp:term":[{"taxonomy":"category","embeddable":true,"href":"https:\/\/www.europesays.com\/es\/wp-json\/wp\/v2\/categories?post=297408"},{"taxonomy":"post_tag","embeddable":true,"href":"https:\/\/www.europesays.com\/es\/wp-json\/wp\/v2\/tags?post=297408"}],"curies":[{"name":"wp","href":"https:\/\/api.w.org\/{rel}","templated":true}]}}