{"id":297416,"date":"2025-12-20T06:17:18","date_gmt":"2025-12-20T06:17:18","guid":{"rendered":"https:\/\/www.europesays.com\/es\/297416\/"},"modified":"2025-12-20T06:17:18","modified_gmt":"2025-12-20T06:17:18","slug":"programa-ni-silencio-ni-tabu-conto-con-mas-de-15-000-participantes-en-actividades-durante-2025","status":"publish","type":"post","link":"https:\/\/www.europesays.com\/es\/297416\/","title":{"rendered":"Programa Ni Silencio Ni Tab\u00fa cont\u00f3 con m\u00e1s de 15.000 participantes en actividades durante 2025"},"content":{"rendered":"<p>  En 2026 abrir\u00e1 m\u00e1s centros Programa Ni Silencio Ni Tab\u00fa cont\u00f3 con m\u00e1s de 15.000 participantes en actividades durante 2025<\/p>\n<p class=\"Page-description\">Con m\u00e1s de 1.000 personas que accedieron a atenci\u00f3n terap\u00e9utica individual y grupal, y m\u00e1s de 15.000 participantes en actividades de promoci\u00f3n, prevenci\u00f3n y sensibilizaci\u00f3n, los principales desaf\u00edos del plan para 2026 del programa Ni Silencio Ni Tab\u00fa ser\u00e1n la apertura de m\u00e1s centros, mayor coordinaci\u00f3n institucional y la instalaci\u00f3n de una plataforma digital de alcance nacional.<\/p>\n<p> <img decoding=\"async\" loading=\"lazy\" src=\"https:\/\/www.europesays.com\/es\/wp-content\/uploads\/2025\/12\/UYPREFC006353.jpg\" alt=\"Autoridades en presentaci\u00f3n de balances y desaf\u00edos del programa Ni Silencio Ni Tab\u00fa\" typeof=\"foaf:Image\"\/><\/p>\n<p>El viernes 19, en la Torre Ejecutiva, las instituciones integrantes del programa de salud mental y bienestar psicosocial de adolescentes y j\u00f3venes Ni Silencio Ni Tab\u00fa presentaron un resumen de lo gestionado durante el a\u00f1o y el dise\u00f1o de las l\u00edneas de acci\u00f3n para el 2026.<\/p>\n<p>En la actividad, el ministro de<a href=\"https:\/\/www.gub.uy\/ministerio-desarrollo-social\/\" rel=\"nofollow noopener\" target=\"_blank\"> Desarrollo Social<\/a>, <strong>Gonzalo Civila<\/strong>, expres\u00f3 que la iniciativa se distingue por una particular consideraci\u00f3n respecto a las determinantes sociales de la salud mental, asunto que requiere un abordaje amplio, porque \u201clas comunidades atraviesan una crisis de salud mental profunda\u201d.<\/p>\n<p>Destac\u00f3 que este enfoque comunitario, que propicia experiencias concretas en las que adolescentes y j\u00f3venes dise\u00f1an las propuestas y las ejecutan, produce efectos concretos sobre su bienestar psicoemocional. Para ello, las alianzas con otros organismos del Estado y con organizaciones de la sociedad civil resulta clave, se\u00f1al\u00f3.<\/p>\n<p>Civila expres\u00f3 la necesidad de expandir la iniciativa a otros territorios y repensar algunos aspectos, porque consider\u00f3 que las pol\u00edticas p\u00fablicas requieren evaluaci\u00f3n y actualizaci\u00f3n, en base a evidencia y acumulaci\u00f3n de experiencia.\u00a0<\/p>\n<p>Por su parte, la ministra de <a href=\"https:\/\/www.gub.uy\/ministerio-salud-publica\/\" rel=\"nofollow noopener\" target=\"_blank\">Salud P\u00fablica (MSP)<\/a>, <strong>Cristina Lustemberg<\/strong>, se\u00f1al\u00f3 que la cartera estatal apoya la perspectiva comunitaria, para hacer frente a situaciones de salud mental.<\/p>\n<p>Explic\u00f3 que hay una asignaci\u00f3n presupuestal para salud mental que permitir\u00e1 avanzar y anunci\u00f3 que habr\u00e1 un coordinador departamental que trabajar\u00e1 en conjunto con representantes de otras entidades que contribuir\u00e1n en la materia. Tambi\u00e9n afirm\u00f3 que se debe terminar con los compartimentos segmentados en las instituciones, para trabajar en coordinaci\u00f3n.<\/p>\n<p>A partir de una valoraci\u00f3n desde la ense\u00f1anza, el presidente de la <a href=\"https:\/\/www.anep.edu.uy\/\" rel=\"nofollow noopener\" target=\"_blank\">Administraci\u00f3n Nacional de Educaci\u00f3n P\u00fablica,<strong> <\/strong>(ANEP)<\/a><strong>, Pablo Caggiani,<\/strong> expres\u00f3 que la salud mental de los adolescentes es un asunto de inter\u00e9s cotidiano para el sistema educativo, con datos que, adem\u00e1s, evidencian un conjunto de dificultades por las que atraviesan los j\u00f3venes.\u00a0<\/p>\n<p>Agreg\u00f3 que, en especial luego de la pandemia, las habilidades socioemocionales son especialmente importantes, e hizo referencia a lo que acontece en materia de relacionamiento a nivel educativo.<\/p>\n<p>Caggiani sostuvo que \u201cUruguay tiene un problema de asistencia al sistema educativo\u201d, y afirm\u00f3 que eso afecta los aprendizajes, el sentido de pertenencia y la matriz de protecci\u00f3n social.<\/p>\n<p>Durante la presentaci\u00f3n de los <a href=\"https:\/\/medios.presidencia.gub.uy\/tav_portal\/2025\/noticias\/AO_679\/presentacion.pdf\" target=\"_blank\" rel=\"nofollow noopener\">datos del programa Ni Silencio Ni Tab\u00fa<\/a>, la directora del <a href=\"https:\/\/www.gub.uy\/ministerio-desarrollo-social\/inju\" rel=\"nofollow noopener\" target=\"_blank\">Instituto Nacional de la Juventud (INJU)<\/a>, <strong>Eugenia Godoy<\/strong>, valor\u00f3 la instancia de encuentro y articulaci\u00f3n. Adem\u00e1s, reafirm\u00f3 que el abordaje de la tem\u00e1tica es una prioridad del Gobierno, por lo que resulta clave la planificaci\u00f3n del trabajo conjunto.\u00a0<\/p>\n<p>Datos sobre el programa<\/p>\n<ul>\n<li><strong>512 talleres <\/strong>funcionan en todo el pa\u00eds.<\/li>\n<li>M\u00e1s del <strong>60% de los participantes son adolescentes y casi 20% j\u00f3venes<\/strong>,<strong>\u00a0<\/strong>de 18 a 20 a\u00f1os.<\/li>\n<li><strong>1.011 adolescentes y j\u00f3venes accedieron a atenci\u00f3n terap\u00e9utica individual o grupal<\/strong>.<\/li>\n<li><strong>Casi<\/strong> <strong>15.000 participantes en actividades\u00a0<\/strong>de promoci\u00f3n, prevenci\u00f3n y sensibilizaci\u00f3n.<\/li>\n<li>Los principales motivos de consulta son <strong>ansiedad, angustia, soledad, conflictos vinculares e intentos de autoeliminaci\u00f3n<\/strong>, entre otros.<\/li>\n<\/ul>\n<p><strong>Proyecci\u00f3n para 2026<\/strong><\/p>\n<ul>\n<li><strong>Apertura de nuevos centros<\/strong>.<\/li>\n<li><strong>Fortalecimiento de la estrategia<\/strong> interinstitucional (INJU, MSP, INAU, ANEP).<\/li>\n<li>Desarrollo de <strong>estrategias para todo el pa\u00eds<\/strong>.<\/li>\n<li>Plataforma digital de alcance nacional.<\/li>\n<\/ul>\n<p>Participaron, tambi\u00e9n, el representante de <a href=\"https:\/\/unicef.uy\/\" rel=\"nofollow noopener\" target=\"_blank\">Unicef<\/a>, <strong>Francisco Benavides<\/strong> y el vicepresidente del Instituto del Ni\u00f1o y el Adolescente de Uruguay, <strong>Mauricio Fuentes<\/strong>.<\/p>\n","protected":false},"excerpt":{"rendered":"En 2026 abrir\u00e1 m\u00e1s centros Programa Ni Silencio Ni Tab\u00fa cont\u00f3 con m\u00e1s de 15.000 participantes en actividades&hellip;\n","protected":false},"author":2,"featured_media":297417,"comment_status":"","ping_status":"","sticky":false,"template":"","format":"standard","meta":{"footnotes":""},"categories":[42],"tags":[17,18,13,14,11,61,62,63,64,19,20,9,10,15,16,12,21,22,65,66,67],"class_list":{"0":"post-297416","1":"post","2":"type-post","3":"status-publish","4":"format-standard","5":"has-post-thumbnail","7":"category-internacional","8":"tag-breaking-news","9":"tag-breakingnews","10":"tag-featured-news","11":"tag-featurednews","12":"tag-headlines","13":"tag-internacional","14":"tag-international","15":"tag-international-news","16":"tag-internationalnews","17":"tag-latest-news","18":"tag-latestnews","19":"tag-news","20":"tag-noticias","21":"tag-noticias-destacadas","22":"tag-noticiasdestacadas","23":"tag-titulares","24":"tag-ultimas-noticias","25":"tag-ultimasnoticias","26":"tag-world","27":"tag-world-news","28":"tag-worldnews"},"share_on_mastodon":{"url":"https:\/\/pubeurope.com\/@es\/115750440113837632","error":""},"_links":{"self":[{"href":"https:\/\/www.europesays.com\/es\/wp-json\/wp\/v2\/posts\/297416","targetHints":{"allow":["GET"]}}],"collection":[{"href":"https:\/\/www.europesays.com\/es\/wp-json\/wp\/v2\/posts"}],"about":[{"href":"https:\/\/www.europesays.com\/es\/wp-json\/wp\/v2\/types\/post"}],"author":[{"embeddable":true,"href":"https:\/\/www.europesays.com\/es\/wp-json\/wp\/v2\/users\/2"}],"replies":[{"embeddable":true,"href":"https:\/\/www.europesays.com\/es\/wp-json\/wp\/v2\/comments?post=297416"}],"version-history":[{"count":0,"href":"https:\/\/www.europesays.com\/es\/wp-json\/wp\/v2\/posts\/297416\/revisions"}],"wp:featuredmedia":[{"embeddable":true,"href":"https:\/\/www.europesays.com\/es\/wp-json\/wp\/v2\/media\/297417"}],"wp:attachment":[{"href":"https:\/\/www.europesays.com\/es\/wp-json\/wp\/v2\/media?parent=297416"}],"wp:term":[{"taxonomy":"category","embeddable":true,"href":"https:\/\/www.europesays.com\/es\/wp-json\/wp\/v2\/categories?post=297416"},{"taxonomy":"post_tag","embeddable":true,"href":"https:\/\/www.europesays.com\/es\/wp-json\/wp\/v2\/tags?post=297416"}],"curies":[{"name":"wp","href":"https:\/\/api.w.org\/{rel}","templated":true}]}}