{"id":297444,"date":"2025-12-20T06:46:19","date_gmt":"2025-12-20T06:46:19","guid":{"rendered":"https:\/\/www.europesays.com\/es\/297444\/"},"modified":"2025-12-20T06:46:19","modified_gmt":"2025-12-20T06:46:19","slug":"aprobadas-las-ultimas-egm-de-alcoi","status":"publish","type":"post","link":"https:\/\/www.europesays.com\/es\/297444\/","title":{"rendered":"Aprobadas las \u00faltimas EGM de Alcoi"},"content":{"rendered":"\n<p>\t\t\t\t\t\t\t\t\t\t<img loading=\"lazy\" decoding=\"async\" src=\"https:\/\/www.europesays.com\/es\/wp-content\/uploads\/2025\/12\/Vista-aerea-poligonos.jpg_1612302774.jpg\" width=\"625\" height=\"352\" alt=\"Vista a\u00e9rea pol\u00edgono industrial la Beniata\" class=\"col-xs-12 col-sm-12 col-md-6 col-lg-6 float-xs-end float-sm-end float-md-end float-lg-end mb-3 ms-md-3\"\/>\t\t\t\t\t\t\t\t\t\t<\/p>\n<p>El Pleno del Ayuntamiento ha aprobado la constituci\u00f3n de las Entidades de Gesti\u00f3n y Modernizaci\u00f3n (EGM) en La Beniata y El Castellar. As\u00ed lo anunciado la edil de Industria, Elisa Guillem, despu\u00e9s de que la pasada semana las asambleas de propietarios lo ratificaran. Guillem explica que \u201cde este modo, todas las \u00e1reas industriales de Alcoi ser\u00e1n EGM, despu\u00e9s de Cotes Baixes, Cotes Altes y Santiago Pay\u00e0-Sant Benet, que ya hab\u00edan dado este paso. Lo que hacemos es mejorar la gesti\u00f3n de nuestras \u00e1reas industriales y la llegada de nuevas inversiones\u201d.<\/p>\n<p>Guillem comenta que el paso definitivo ha tenido lugar este viernes, cuando el Pleno del Ayuntamiento ha aprobado formalmente las EGM. Y explica que \u00ablo que se pretende es promover las actuaciones necesarias de renovaci\u00f3n, mejora y modernizaci\u00f3n de las equipaciones e infraestructuras\u00bb. De hecho, respecto a este asunto, ha destacado las \u00faltimas inversiones que se han realizado en los pol\u00edgonos alcoyanos con ayudas del IVACE.<\/p>\n<p>Tambi\u00e9n afirma que \u00abfacilitaremos la comunicaci\u00f3n entre la administraci\u00f3n y el \u00e1rea industrial, permitiendo as\u00ed que desde las industrias nos trasladen \u00e1gilmente las necesidades de la zona\u00bb. Y en definitiva, Elisa Guillem muestra su \u00absatisfacci\u00f3n por este paso hacia la mejora y la modernizaci\u00f3n de nuestra industria\u00bb y afirma que \u00abes una apuesta clara por nuestras \u00e1reas industriales y un hito importante para Alcoi, puesto que acabamos el 2025 con todas nuestras \u00e1reas industriales siendo EGM\u201d. As\u00ed mismo, ha agradecido \u201ca todo el equipo t\u00e9cnico por su gran esfuerzo, al empresariado por su confianza y al resto de grupos pol\u00edticos por su apoyo\u00bb.<\/p>\n","protected":false},"excerpt":{"rendered":"El Pleno del Ayuntamiento ha aprobado la constituci\u00f3n de las Entidades de Gesti\u00f3n y Modernizaci\u00f3n (EGM) en La&hellip;\n","protected":false},"author":2,"featured_media":297445,"comment_status":"","ping_status":"","sticky":false,"template":"","format":"standard","meta":{"footnotes":""},"categories":[8],"tags":[50903,17,18,25,24,13,14,11,19,20,9,10,15,16,23,12,21,22],"class_list":{"0":"post-297444","1":"post","2":"type-post","3":"status-publish","4":"format-standard","5":"has-post-thumbnail","7":"category-espana","8":"tag-ajuntament-alcoi-ayuntamiento-alcoy","9":"tag-breaking-news","10":"tag-breakingnews","11":"tag-es","12":"tag-espana","13":"tag-featured-news","14":"tag-featurednews","15":"tag-headlines","16":"tag-latest-news","17":"tag-latestnews","18":"tag-news","19":"tag-noticias","20":"tag-noticias-destacadas","21":"tag-noticiasdestacadas","22":"tag-spain","23":"tag-titulares","24":"tag-ultimas-noticias","25":"tag-ultimasnoticias"},"share_on_mastodon":{"url":"https:\/\/pubeurope.com\/@es\/115750554193205252","error":""},"_links":{"self":[{"href":"https:\/\/www.europesays.com\/es\/wp-json\/wp\/v2\/posts\/297444","targetHints":{"allow":["GET"]}}],"collection":[{"href":"https:\/\/www.europesays.com\/es\/wp-json\/wp\/v2\/posts"}],"about":[{"href":"https:\/\/www.europesays.com\/es\/wp-json\/wp\/v2\/types\/post"}],"author":[{"embeddable":true,"href":"https:\/\/www.europesays.com\/es\/wp-json\/wp\/v2\/users\/2"}],"replies":[{"embeddable":true,"href":"https:\/\/www.europesays.com\/es\/wp-json\/wp\/v2\/comments?post=297444"}],"version-history":[{"count":0,"href":"https:\/\/www.europesays.com\/es\/wp-json\/wp\/v2\/posts\/297444\/revisions"}],"wp:featuredmedia":[{"embeddable":true,"href":"https:\/\/www.europesays.com\/es\/wp-json\/wp\/v2\/media\/297445"}],"wp:attachment":[{"href":"https:\/\/www.europesays.com\/es\/wp-json\/wp\/v2\/media?parent=297444"}],"wp:term":[{"taxonomy":"category","embeddable":true,"href":"https:\/\/www.europesays.com\/es\/wp-json\/wp\/v2\/categories?post=297444"},{"taxonomy":"post_tag","embeddable":true,"href":"https:\/\/www.europesays.com\/es\/wp-json\/wp\/v2\/tags?post=297444"}],"curies":[{"name":"wp","href":"https:\/\/api.w.org\/{rel}","templated":true}]}}