{"id":297456,"date":"2025-12-20T06:59:14","date_gmt":"2025-12-20T06:59:14","guid":{"rendered":"https:\/\/www.europesays.com\/es\/297456\/"},"modified":"2025-12-20T06:59:14","modified_gmt":"2025-12-20T06:59:14","slug":"10-tendencias-en-el-diseno-de-interiores-del-2025","status":"publish","type":"post","link":"https:\/\/www.europesays.com\/es\/297456\/","title":{"rendered":"10 tendencias en el dise\u00f1o de interiores del 2025"},"content":{"rendered":"<p><a class=\"js-image-size__link \" href=\"https:\/\/www.archdaily.cl\/cl\/1036785\/10-tendencias-en-el-diseno-de-interiores-del-2025\/693621d4d7d6cc59e9edc9f8-interior-design-trends-of-2025-photo\" rel=\"attachment nofollow noopener\" style=\"width: 100%; height: 100%;\" target=\"_blank\"><img decoding=\"async\" alt=\"10 tendencias en el dise\u00f1o de interiores del 2025 - Imagen 1 de 40\" data-nr-picture-id=\"693621d4d7d6cc59e9edc9f8\" fetchpriority=\"high\" height=\"426\" itemprop=\"image\" loading=\"eager\" longdesc=\"https:\/\/www.archdaily.cl\/cl\/1036785\/10-tendencias-en-el-diseno-de-interiores-del-2025\/693621d4d7d6cc59e9edc9f8-interior-design-trends-of-2025-photo\" src=\"https:\/\/www.europesays.com\/es\/wp-content\/uploads\/2025\/12\/interior-design-trends-of-2025_37.jpg\" style=\"min-height: var(--featured-height, auto); aspect-ratio: auto 640 \/ 426\" width=\"640\"\/><\/a>Tobi House \/ Espacio 18 Arquitectura. Imagen \u00a9 Cesar Bejar<\/p>\n<p>    Compartir<\/p>\n<p>Compartir<\/p>\n<ul class=\"afd-share__networks clearfix\">\n<li class=\"afd-share__social\"><a aria-label=\"Facebook\" class=\"afd-share__button\" data-insights-category=\"share\" data-insights-label=\"facebook_sharing_options\" data-insights-value=\"1036785\" data-social=\"facebook\" href=\"https:\/\/www.facebook.com\/sharer\/sharer.php?u=https:\/\/www.archdaily.cl\/cl\/1036785\/10-tendencias-en-el-diseno-de-interiores-del-2025\" rel=\"nofollow noopener\" target=\"_blank\"><\/a>\n<p>Facebook<\/p>\n<\/li>\n<li class=\"afd-share__social\"><a aria-label=\"Twitter\" class=\"afd-share__button\" data-insights-category=\"share\" data-insights-label=\"twitter_sharing_options\" data-insights-value=\"1036785\" data-social=\"twitter\" href=\"https:\/\/twitter.com\/intent\/tweet?text=10%20tendencias%20en%20el%20dise%C3%B1o%20de%20interiores%20del%202025&amp;url=https:\/\/www.archdaily.cl\/cl\/1036785\/10-tendencias-en-el-diseno-de-interiores-del-2025&amp;via=parq\" rel=\"nofollow noopener\" target=\"_blank\"><\/a>\n<p>Twitter<\/p>\n<\/li>\n<li class=\"afd-share__social\"><a class=\"afd-share__button\" data-insights-category=\"share\" data-insights-label=\"email_sharing_options\" data-insights-value=\"1036785\" data-social=\"email\" href=\"mailto:?subject=10 tendencias en el dise\u00f1o de interiores del 2025&amp;body=https:\/\/www.archdaily.cl\/cl\/1036785\/10-tendencias-en-el-diseno-de-interiores-del-2025\"><\/a>\n<p>Mail<\/p>\n<\/li>\n<li class=\"afd-share__social\"><a aria-label=\"Pinterest\" class=\"afd-share__button\" data-insights-category=\"share\" data-insights-label=\"pinterest_sharing_options\" data-insights-value=\"1036785\" data-social=\"pinterest\" href=\"https:\/\/pinterest.com\/pin\/create\/button\/?url=https%3A%2F%2Fwww.archdaily.cl%2Fcl%2F1036785%2F10-tendencias-en-el-diseno-de-interiores-del-2025&amp;media=https%3A%2F%2Fimages.adsttc.com%2Fmedia%2Fimages%2F6936%2F21d4%2Fd7d6%2Fcc59%2Fe9ed%2Fc9f8%2Flarge_jpg%2Finterior-design-trends-of-2025_37.jpg%3F1765155291&amp;description=10%20tendencias%20en%20el%20dise%C3%B1o%20de%20interiores%20del%202025\" rel=\"nofollow noopener\" target=\"_blank\"><\/a>\n<p>Pinterest<\/p>\n<\/li>\n<li class=\"afd-share__social\"><a aria-label=\"Whatsapp\" class=\"afd-share__button\" data-action=\"share\/whatsapp\/share\" data-insights-category=\"share\" data-insights-label=\"whatsapp_sharing_options\" data-insights-value=\"1036785\" data-social=\"whatsapp\" href=\"whatsapp:\/\/send?text=10+tendencias+en+el+dise%C3%B1o+de+interiores+del+2025+%7C+https%3A%2F%2Fwww.archdaily.cl%2Fcl%2F1036785%2F10-tendencias-en-el-diseno-de-interiores-del-2025%3Futm_source%3DWhatsapp%26utm_medium%3DIM%26utm_campaign%3Dshare-button\" rel=\"nofollow\"><\/a>\n<p>Whatsapp<\/p>\n<\/li>\n<\/ul>\n<p>O<\/p>\n<p>https:\/\/www.archdaily.cl\/cl\/1036785\/10-tendencias-en-el-diseno-de-interiores-del-2025<\/p>\n<p>  Portapapeles<\/p>\n<p>              \u00abCOPY\u00bb<\/p>\n<p>Copiar<\/p>\n<p>A medida que el 2025 se acerca a su fin, miramos hacia atr\u00e1s en un a\u00f1o lleno de eventos en el mundo del dise\u00f1o de interiores. <a href=\"https:\/\/www.archdaily.com\/1024255\/10-interior-design-trends-of-2024\" target=\"_blank\" rel=\"noopener nofollow\">El a\u00f1o pasado<\/a>, los dise\u00f1adores optaron por enfoques reservados y modestos, una tendencia que continu\u00f3 de a\u00f1os anteriores. La aparici\u00f3n de la inteligencia artificial gener\u00f3 intensas discusiones sobre la equidad digital y la desinformaci\u00f3n, que continuaron en 2025, especialmente con el tema de la Bienal de <a href=\"https:\/\/www.archdaily.cl\/cl\/tag\/arquitectura\" rel=\"nofollow noopener\" target=\"_blank\">Arquitectura<\/a> de Venecia, <a href=\"https:\/\/www.archdaily.cl\/cl\/1031717\/una-crisis-en-desarrollo-con-un-panorama-esperanzador-lo-mas-destacado-de-los-proyectos-expuestos-en-la-bienal-de-arquitectura-de-venecia-2025\" target=\"_blank\" rel=\"noopener nofollow\">Intelligens<\/a>. Esto abri\u00f3 la conversaci\u00f3n sobre las oportunidades de las tecnolog\u00edas digitales, intentando un enfoque m\u00e1s esperanzador. Por otro lado, los proyectos de dise\u00f1o de interiores realizados a lo largo del a\u00f1o se centraron m\u00e1s en lo tangible y lo pragm\u00e1tico, con materiales expresados en bruto y una apreciaci\u00f3n de la historia.<\/p>\n<p class=\"thumbs afd-desktop-e clearfix\"><a class=\"thumbs__link\" data-nr-picture-id=\"69361746d7d6cc59e9edc9ea\" href=\"https:\/\/www.archdaily.cl\/cl\/1036785\/10-tendencias-en-el-diseno-de-interiores-del-2025\/69361746d7d6cc59e9edc9ea-interior-design-trends-of-2025-photo\" rel=\"attachment nofollow noopener\" target=\"_blank\"><img loading=\"lazy\" decoding=\"async\" alt=\"10 tendencias en el dise\u00f1o de interiores del 2025 - Imagen 2 de 40\" class=\"thumbs__img b-lazy\" data-nr-picture-id=\"69361746d7d6cc59e9edc9ea\" data-pin-nopin=\"true\" src=\"https:\/\/www.europesays.com\/es\/wp-content\/uploads\/2025\/12\/interior-design-trends-of-2025_16.jpg\" height=\"125\" longdesc=\"https:\/\/www.archdaily.cl\/cl\/1036785\/10-tendencias-en-el-diseno-de-interiores-del-2025\/69361746d7d6cc59e9edc9ea-interior-design-trends-of-2025-photo\" title=\"Zen House \/ Studio Nirvana. Imagen \u00a9 Ishita Sitwala\" width=\"125\"\/><\/a><a class=\"thumbs__link\" data-nr-picture-id=\"69361b38d7d6cc59e9edc9ef\" href=\"https:\/\/www.archdaily.cl\/cl\/1036785\/10-tendencias-en-el-diseno-de-interiores-del-2025\/69361b38d7d6cc59e9edc9ef-interior-design-trends-of-2025-photo\" rel=\"attachment nofollow noopener\" target=\"_blank\"><img loading=\"lazy\" decoding=\"async\" alt=\"10 tendencias en el dise\u00f1o de interiores del 2025 - Imagen 3 de 40\" class=\"thumbs__img b-lazy\" data-nr-picture-id=\"69361b38d7d6cc59e9edc9ef\" data-pin-nopin=\"true\" src=\"https:\/\/www.europesays.com\/es\/wp-content\/uploads\/2025\/12\/interior-design-trends-of-2025_20.jpg\" height=\"125\" longdesc=\"https:\/\/www.archdaily.cl\/cl\/1036785\/10-tendencias-en-el-diseno-de-interiores-del-2025\/69361b38d7d6cc59e9edc9ef-interior-design-trends-of-2025-photo\" title=\"Sanders Mello Building \/ Buro-S Architects. Imagen \u00a9 Aiste Rakauskaite\" width=\"125\"\/><\/a><a class=\"thumbs__link\" data-nr-picture-id=\"69361e64243c4d5a49876f85\" href=\"https:\/\/www.archdaily.cl\/cl\/1036785\/10-tendencias-en-el-diseno-de-interiores-del-2025\/69361e64243c4d5a49876f85-interior-design-trends-of-2025-photo\" rel=\"attachment nofollow noopener\" target=\"_blank\"><img loading=\"lazy\" decoding=\"async\" alt=\"10 tendencias en el dise\u00f1o de interiores del 2025 - Imagen 4 de 40\" class=\"thumbs__img b-lazy\" data-nr-picture-id=\"69361e64243c4d5a49876f85\" data-pin-nopin=\"true\" src=\"https:\/\/www.europesays.com\/es\/wp-content\/uploads\/2025\/12\/interior-design-trends-of-2025_29.jpg\" height=\"125\" longdesc=\"https:\/\/www.archdaily.cl\/cl\/1036785\/10-tendencias-en-el-diseno-de-interiores-del-2025\/69361e64243c4d5a49876f85-interior-design-trends-of-2025-photo\" title=\"Rahmah Library \/ The MAAK. Imagen \u00a9 Kent Andreasen\" width=\"125\"\/><\/a><a class=\"thumbs__link\" data-nr-picture-id=\"69361d7be41fd7017e499939\" href=\"https:\/\/www.archdaily.cl\/cl\/1036785\/10-tendencias-en-el-diseno-de-interiores-del-2025\/69361d7be41fd7017e499939-interior-design-trends-of-2025-photo\" rel=\"attachment nofollow noopener\" target=\"_blank\"><img loading=\"lazy\" decoding=\"async\" alt=\"10 tendencias en el dise\u00f1o de interiores del 2025 - Imagen 5 de 40\" class=\"thumbs__img b-lazy\" data-nr-picture-id=\"69361d7be41fd7017e499939\" data-pin-nopin=\"true\" src=\"https:\/\/www.europesays.com\/es\/wp-content\/uploads\/2025\/12\/interior-design-trends-of-2025_25.jpg\" height=\"125\" longdesc=\"https:\/\/www.archdaily.cl\/cl\/1036785\/10-tendencias-en-el-diseno-de-interiores-del-2025\/69361d7be41fd7017e499939-interior-design-trends-of-2025-photo\" title=\"House M - Atelier About Architecture. Imagen \u00a9 Yumeng Zhu\" width=\"125\"\/><\/a><a class=\"gallery-link afd-desktop-e\" href=\"https:\/\/www.archdaily.cl\/cl\/1036785\/10-tendencias-en-el-diseno-de-interiores-del-2025\/693621d4d7d6cc59e9edc9f8-interior-design-trends-of-2025-photo\" rel=\"nofollow noopener\" target=\"_blank\"><img decoding=\"async\" alt=\"10 tendencias en el dise\u00f1o de interiores del 2025 - M\u00e1s Im\u00e1genes\" class=\"thumbs__img b-lazy\" src=\"https:\/\/www.europesays.com\/es\/wp-content\/uploads\/2025\/12\/interior-design-trends-of-2025_37.jpg\" itemprop=\"image\" bad-src=\"data:image\/gif;base64,R0lGODlhAQABAIAAAAUEBAAAACwAAAAAAQABAAACAkQBADs=\"\/>+ 35<\/a><\/p>\n<p>A la par de los proyectos terminados, los dise\u00f1adores continuaron planteando temas de discusi\u00f3n relacionados con el <a href=\"https:\/\/www.archdaily.cl\/cl\/tag\/interiores\" target=\"_blank\" rel=\"noopener nofollow\">entorno interior<\/a>. A medida que las ciudades contin\u00faan creciendo, el papel del dise\u00f1o en <a href=\"https:\/\/www.archdaily.com\/1027620\/from-micro-to-spacious-maximazing-space-in-taiwans-urban-apartments\" target=\"_blank\" rel=\"noopener nofollow\">maximizar el espacio<\/a> en sitios restringidos o crear <a href=\"https:\/\/www.archdaily.cl\/cl\/1028586\/santuarios-urbanos-como-crear-hogares-tranquilos-en-medio-del-caos-de-la-ciudad\" target=\"_blank\" rel=\"noopener nofollow\">santuarios pac\u00edficos<\/a> en entornos bulliciosos ha cobrado protagonismo. Este enfoque reconoce la importancia de la <a href=\"https:\/\/www.archdaily.cl\/cl\/tag\/archdaily-topic-2025-construyendo-bienestar-diseno-de-espacios-para-sanar\" target=\"_blank\" rel=\"noopener nofollow\">salud y el bienestar<\/a>, incluyendo el <a href=\"https:\/\/www.archdaily.cl\/cl\/1029667\/acustica-interna-tecnicas-efectivas-de-mitigacion-del-ruido-en-la-arquitectura\" target=\"_blank\" rel=\"noopener nofollow\">entorno ac\u00fastico<\/a>. La <a href=\"https:\/\/www.archdaily.cl\/cl\/1025789\/apartamentos-en-brasil-interiores-que-reutilizan-y-recuperan-sus-materiales\" target=\"_blank\" rel=\"noopener nofollow\">reutilizaci\u00f3n creativa de objetos<\/a> y materiales se sit\u00faa firmemente en el contexto de la sostenibilidad, as\u00ed como en la nostalgia y el renacimiento hist\u00f3rico.<\/p>\n<p>Las tendencias en los proyectos finalizados mostraron una apreciaci\u00f3n por los materiales. Los tonos tierra estaban de moda, logrados no solo a trav\u00e9s de pintura y pigmentaci\u00f3n, sino tambi\u00e9n mediante el uso de materiales c\u00e1lidos como la madera y la terracota. Los materiales de construcci\u00f3n duros se dejaron hablar por s\u00ed mismos \u2014 <a href=\"https:\/\/www.archdaily.cl\/cl\/tag\/acero-inoxidable\" rel=\"nofollow noopener\" target=\"_blank\">acero inoxidable<\/a> brillante utilizado en paneles, mamparas o muebles, y concreto en bruto expuesto. Los bloques de vidrio se mantuvieron como una opci\u00f3n popular por tercer a\u00f1o consecutivo. Tambi\u00e9n hubo tendencias nost\u00e1lgicas hacia la modernidad de mediados de siglo, con piezas de muebles retro mezcladas con estilos m\u00e1s contempor\u00e1neos, y un juego formal de niveles de piso para crear divisiones dentro de espacios m\u00e1s grandes, similar al Raumplan.<\/p>\n<p>  Art\u00edculo relacionado <a class=\"rel-article__link\" data-insights-category=\"related-article\" data-insights-label=\"3\" data-insights-value=\"1036785\" href=\"https:\/\/www.archdaily.com\/1036343\/archdaily-curators-picks-2025-a-look-back-at-12-key-project-reviews?ad_medium=widget&amp;ad_name=related-article&amp;ad_content=1036785\" rel=\"nofollow noopener\" target=\"_blank\">Repasando 12 proyectos clave del 2025<\/a>  <\/p>\n<p>Unas pocas tendencias vieron una relaci\u00f3n simbi\u00f3tica con la estructura. Las paredes y techos de concreto en bruto son tanto parte de la infraestructura del edificio como el acabado interior est\u00e9tico. Tambi\u00e9n lo son las vigas de madera expuestas y los techos planos de una estructura de madera laminada cruzada. Donde los edificios son hist\u00f3ricos, esta exposici\u00f3n de la estructura original es parte de otra tendencia de nostalgia e historia. Una vez m\u00e1s, en una atm\u00f3sfera global de precariedad, el 2025 parece ser un a\u00f1o que reconoci\u00f3 lo b\u00e1sico, volviendo a una apreciaci\u00f3n de los materiales y la historia.\u00a0<\/p>\n<p>Basado en m\u00e1s de 3,000 proyectos construidos este a\u00f1o y a\u00f1adidos a <a href=\"https:\/\/www.archdaily.cl\/search\/cl\/projects\/year\/2025\" target=\"_blank\" rel=\"noopener nofollow\">nuestra biblioteca de datos<\/a>, descubre 10 tendencias de dise\u00f1o que moldearon los espacios interiores del 2025.<\/p>\n<p>Tonos tierra y terracota<a class=\"js-image-size__link lazy-anchor\" href=\"https:\/\/www.archdaily.cl\/cl\/1036785\/10-tendencias-en-el-diseno-de-interiores-del-2025\/6936219cd7d6cc59e9edc9f7-interior-design-trends-of-2025-photo\" rel=\"nofollow noopener\" target=\"_blank\"><img decoding=\"async\" alt=\"10 tendencias en el dise\u00f1o de interiores del 2025 - Imagen 39 de 40\" data-nr-picture-id=\"6936219cd7d6cc59e9edc9f7\" height=\"427\" itemprop=\"image\" loading=\"lazy\" longdesc=\"https:\/\/www.archdaily.cl\/cl\/1036785\/10-tendencias-en-el-diseno-de-interiores-del-2025\/6936219cd7d6cc59e9edc9f7-interior-design-trends-of-2025-photo\" src=\"https:\/\/www.europesays.com\/es\/wp-content\/uploads\/2025\/12\/1766213930_428_interior-design-trends-of-2025_37.jpg\" width=\"640\"\/>OURIO Coffee \/ NDB DESIGN. Imagen \u00a9 Yuuuun Studio<\/a><a class=\"js-image-size__link lazy-anchor\" href=\"https:\/\/www.archdaily.cl\/cl\/1036785\/10-tendencias-en-el-diseno-de-interiores-del-2025\/69362171243c4d5a49876f8c-interior-design-trends-of-2025-photo\" rel=\"nofollow noopener\" target=\"_blank\"><img decoding=\"async\" alt=\"10 tendencias en el dise\u00f1o de interiores del 2025 - Imagen 38 de 40\" data-nr-picture-id=\"69362171243c4d5a49876f8c\" height=\"427\" itemprop=\"image\" loading=\"lazy\" longdesc=\"https:\/\/www.archdaily.cl\/cl\/1036785\/10-tendencias-en-el-diseno-de-interiores-del-2025\/69362171243c4d5a49876f8c-interior-design-trends-of-2025-photo\" src=\"https:\/\/www.europesays.com\/es\/wp-content\/uploads\/2025\/12\/1766213931_582_interior-design-trends-of-2025_37.jpg\" width=\"640\"\/>Earthenware House \/ NAQI &amp; Partners. Imagen \u00a9 Nguy\u1ec5n Nh\u1eadt Anh Ch\u01b0\u01a1ng<\/a><a class=\"js-image-size__link lazy-anchor\" href=\"https:\/\/www.archdaily.cl\/cl\/1036785\/10-tendencias-en-el-diseno-de-interiores-del-2025\/6936213fd7d6cc59e9edc9f6-interior-design-trends-of-2025-photo\" rel=\"nofollow noopener\" target=\"_blank\"><img decoding=\"async\" alt=\"10 tendencias en el dise\u00f1o de interiores del 2025 - Imagen 40 de 40\" data-nr-picture-id=\"6936213fd7d6cc59e9edc9f6\" height=\"427\" itemprop=\"image\" loading=\"lazy\" longdesc=\"https:\/\/www.archdaily.cl\/cl\/1036785\/10-tendencias-en-el-diseno-de-interiores-del-2025\/6936213fd7d6cc59e9edc9f6-interior-design-trends-of-2025-photo\" src=\"https:\/\/www.europesays.com\/es\/wp-content\/uploads\/2025\/12\/1766213932_306_interior-design-trends-of-2025_37.jpg\" width=\"640\"\/>Ibraaz Artspace \/ Counterspace. Imagen \u00a9 Hugo Glendinning<\/a>Acentos azules<a class=\"js-image-size__link lazy-anchor\" href=\"https:\/\/www.archdaily.cl\/cl\/1036785\/10-tendencias-en-el-diseno-de-interiores-del-2025\/69361faae41fd7017e49993e-interior-design-trends-of-2025-photo\" rel=\"nofollow noopener\" target=\"_blank\"><img decoding=\"async\" alt=\"10 tendencias en el dise\u00f1o de interiores del 2025 - Imagen 37 de 40\" data-nr-picture-id=\"69361faae41fd7017e49993e\" height=\"427\" itemprop=\"image\" loading=\"lazy\" longdesc=\"https:\/\/www.archdaily.cl\/cl\/1036785\/10-tendencias-en-el-diseno-de-interiores-del-2025\/69361faae41fd7017e49993e-interior-design-trends-of-2025-photo\" src=\"https:\/\/www.europesays.com\/es\/wp-content\/uploads\/2025\/12\/interior-design-trends-of-2025_33.jpg\" width=\"640\"\/>SABH\u0100 Specialty Coffee \/ naav studio. Imagen \u00a9 Vivek Eadara<\/a><a class=\"js-image-size__link lazy-anchor\" href=\"https:\/\/www.archdaily.cl\/cl\/1036785\/10-tendencias-en-el-diseno-de-interiores-del-2025\/69362058e41fd7017e499940-interior-design-trends-of-2025-photo\" rel=\"nofollow noopener\" target=\"_blank\"><img decoding=\"async\" alt=\"10 tendencias en el dise\u00f1o de interiores del 2025 - Imagen 34 de 40\" data-nr-picture-id=\"69362058e41fd7017e499940\" height=\"427\" itemprop=\"image\" loading=\"lazy\" longdesc=\"https:\/\/www.archdaily.cl\/cl\/1036785\/10-tendencias-en-el-diseno-de-interiores-del-2025\/69362058e41fd7017e499940-interior-design-trends-of-2025-photo\" src=\"https:\/\/www.europesays.com\/es\/wp-content\/uploads\/2025\/12\/interior-design-trends-of-2025_35.jpg\" width=\"640\"\/>Astroscale US Headquarters \/ Neoera. Imagen \u00a9 Justin Martin<\/a><a class=\"js-image-size__link lazy-anchor\" href=\"https:\/\/www.archdaily.cl\/cl\/1036785\/10-tendencias-en-el-diseno-de-interiores-del-2025\/6936201b243c4d5a49876f89-interior-design-trends-of-2025-photo\" rel=\"nofollow noopener\" target=\"_blank\"><img decoding=\"async\" alt=\"10 tendencias en el dise\u00f1o de interiores del 2025 - Imagen 36 de 40\" data-nr-picture-id=\"6936201b243c4d5a49876f89\" height=\"427\" itemprop=\"image\" loading=\"lazy\" longdesc=\"https:\/\/www.archdaily.cl\/cl\/1036785\/10-tendencias-en-el-diseno-de-interiores-del-2025\/6936201b243c4d5a49876f89-interior-design-trends-of-2025-photo\" src=\"https:\/\/www.europesays.com\/es\/wp-content\/uploads\/2025\/12\/1766213934_171_interior-design-trends-of-2025_35.jpg\" width=\"640\"\/>Cafe Zest \/ VAHID JOUDI STUDIO [Architecture + Design + Construction]. Imagen \u00a9 Vahid Joudi<\/a><a class=\"js-image-size__link lazy-anchor\" href=\"https:\/\/www.archdaily.cl\/cl\/1036785\/10-tendencias-en-el-diseno-de-interiores-del-2025\/69361fe2e41fd7017e49993f-interior-design-trends-of-2025-photo\" rel=\"nofollow noopener\" target=\"_blank\"><img decoding=\"async\" alt=\"10 tendencias en el dise\u00f1o de interiores del 2025 - Imagen 35 de 40\" data-nr-picture-id=\"69361fe2e41fd7017e49993f\" height=\"427\" itemprop=\"image\" loading=\"lazy\" longdesc=\"https:\/\/www.archdaily.cl\/cl\/1036785\/10-tendencias-en-el-diseno-de-interiores-del-2025\/69361fe2e41fd7017e49993f-interior-design-trends-of-2025-photo\" src=\"https:\/\/www.europesays.com\/es\/wp-content\/uploads\/2025\/12\/1766213935_446_interior-design-trends-of-2025_33.jpg\" width=\"640\"\/>VDS House \/ 02A studio. Imagen \u00a9 Paolo Fusco<\/a>Niveles para definir los espacios<a class=\"js-image-size__link lazy-anchor\" href=\"https:\/\/www.archdaily.cl\/cl\/1036785\/10-tendencias-en-el-diseno-de-interiores-del-2025\/69361e64243c4d5a49876f85-interior-design-trends-of-2025-photo\" rel=\"nofollow noopener\" target=\"_blank\"><img decoding=\"async\" alt=\"10 tendencias en el dise\u00f1o de interiores del 2025 - Imagen 4 de 40\" data-nr-picture-id=\"69361e64243c4d5a49876f85\" height=\"427\" itemprop=\"image\" loading=\"lazy\" longdesc=\"https:\/\/www.archdaily.cl\/cl\/1036785\/10-tendencias-en-el-diseno-de-interiores-del-2025\/69361e64243c4d5a49876f85-interior-design-trends-of-2025-photo\" src=\"https:\/\/www.europesays.com\/es\/wp-content\/uploads\/2025\/12\/1766213936_227_interior-design-trends-of-2025_29.jpg\" width=\"640\"\/>Rahmah Library \/ The MAAK. Imagen \u00a9 Kent Andreasen<\/a><a class=\"js-image-size__link lazy-anchor\" href=\"https:\/\/www.archdaily.cl\/cl\/1036785\/10-tendencias-en-el-diseno-de-interiores-del-2025\/69361e3ed7d6cc59e9edc9f1-interior-design-trends-of-2025-photo\" rel=\"nofollow noopener\" target=\"_blank\"><img decoding=\"async\" alt=\"10 tendencias en el dise\u00f1o de interiores del 2025 - Imagen 32 de 40\" data-nr-picture-id=\"69361e3ed7d6cc59e9edc9f1\" height=\"427\" itemprop=\"image\" loading=\"lazy\" longdesc=\"https:\/\/www.archdaily.cl\/cl\/1036785\/10-tendencias-en-el-diseno-de-interiores-del-2025\/69361e3ed7d6cc59e9edc9f1-interior-design-trends-of-2025-photo\" src=\"https:\/\/www.europesays.com\/es\/wp-content\/uploads\/2025\/12\/1766213936_421_interior-design-trends-of-2025_29.jpg\" width=\"640\"\/>Pavilion Essoa \/ Moy\u00e9soa. Imagen \u00a9 Marc Sawaya + William Tailly + Noura Diaby<\/a><a class=\"js-image-size__link lazy-anchor\" href=\"https:\/\/www.archdaily.cl\/cl\/1036785\/10-tendencias-en-el-diseno-de-interiores-del-2025\/69361e90d7d6cc59e9edc9f2-interior-design-trends-of-2025-photo\" rel=\"nofollow noopener\" target=\"_blank\"><img decoding=\"async\" alt=\"10 tendencias en el dise\u00f1o de interiores del 2025 - Imagen 33 de 40\" data-nr-picture-id=\"69361e90d7d6cc59e9edc9f2\" height=\"427\" itemprop=\"image\" loading=\"lazy\" longdesc=\"https:\/\/www.archdaily.cl\/cl\/1036785\/10-tendencias-en-el-diseno-de-interiores-del-2025\/69361e90d7d6cc59e9edc9f2-interior-design-trends-of-2025-photo\" src=\"https:\/\/www.europesays.com\/es\/wp-content\/uploads\/2025\/12\/1766213937_542_interior-design-trends-of-2025_29.jpg\" width=\"640\"\/>Teaching and Learning Space for Waltham Forest College \/ Studio DERA. Imagen \u00a9 Lorenzo Zandri<\/a><a class=\"js-image-size__link lazy-anchor\" href=\"https:\/\/www.archdaily.cl\/cl\/1036785\/10-tendencias-en-el-diseno-de-interiores-del-2025\/69361eb5e41fd7017e49993c-interior-design-trends-of-2025-photo\" rel=\"nofollow noopener\" target=\"_blank\"><img decoding=\"async\" alt=\"10 tendencias en el dise\u00f1o de interiores del 2025 - Imagen 31 de 40\" data-nr-picture-id=\"69361eb5e41fd7017e49993c\" height=\"427\" itemprop=\"image\" loading=\"lazy\" longdesc=\"https:\/\/www.archdaily.cl\/cl\/1036785\/10-tendencias-en-el-diseno-de-interiores-del-2025\/69361eb5e41fd7017e49993c-interior-design-trends-of-2025-photo\" src=\"https:\/\/www.europesays.com\/es\/wp-content\/uploads\/2025\/12\/1766213938_133_interior-design-trends-of-2025_29.jpg\" width=\"640\"\/>Mas Cadalt House \/ Fran Silvestre Arquitectos. Imagen \u00a9 Fernando Guerra<\/a>Divisiones flexibles mediante cortinas y mamparas<a class=\"js-image-size__link lazy-anchor\" href=\"https:\/\/www.archdaily.cl\/cl\/1036785\/10-tendencias-en-el-diseno-de-interiores-del-2025\/69361d7be41fd7017e499939-interior-design-trends-of-2025-photo\" rel=\"nofollow noopener\" target=\"_blank\"><img decoding=\"async\" alt=\"10 tendencias en el dise\u00f1o de interiores del 2025 - Imagen 5 de 40\" data-nr-picture-id=\"69361d7be41fd7017e499939\" height=\"427\" itemprop=\"image\" loading=\"lazy\" longdesc=\"https:\/\/www.archdaily.cl\/cl\/1036785\/10-tendencias-en-el-diseno-de-interiores-del-2025\/69361d7be41fd7017e499939-interior-design-trends-of-2025-photo\" src=\"https:\/\/www.europesays.com\/es\/wp-content\/uploads\/2025\/12\/1766213939_499_interior-design-trends-of-2025_25.jpg\" width=\"640\"\/>House M &#8211; Atelier About Architecture. Imagen \u00a9 Yumeng Zhu<\/a><a class=\"js-image-size__link lazy-anchor\" href=\"https:\/\/www.archdaily.cl\/cl\/1036785\/10-tendencias-en-el-diseno-de-interiores-del-2025\/69361d41e41fd7017e499938-interior-design-trends-of-2025-photo\" rel=\"nofollow noopener\" target=\"_blank\"><img decoding=\"async\" alt=\"10 tendencias en el dise\u00f1o de interiores del 2025 - Imagen 29 de 40\" data-nr-picture-id=\"69361d41e41fd7017e499938\" height=\"427\" itemprop=\"image\" loading=\"lazy\" longdesc=\"https:\/\/www.archdaily.cl\/cl\/1036785\/10-tendencias-en-el-diseno-de-interiores-del-2025\/69361d41e41fd7017e499938-interior-design-trends-of-2025-photo\" src=\"https:\/\/www.europesays.com\/es\/wp-content\/uploads\/2025\/12\/1766213939_508_interior-design-trends-of-2025_25.jpg\" width=\"640\"\/>The Blue Box \/ Bruzkus Greenberg. Imagen \u00a9 Pion Studio<\/a><a class=\"js-image-size__link lazy-anchor\" href=\"https:\/\/www.archdaily.cl\/cl\/1036785\/10-tendencias-en-el-diseno-de-interiores-del-2025\/69361d06e41fd7017e499937-interior-design-trends-of-2025-photo\" rel=\"nofollow noopener\" target=\"_blank\"><img decoding=\"async\" alt=\"10 tendencias en el dise\u00f1o de interiores del 2025 - Imagen 28 de 40\" data-nr-picture-id=\"69361d06e41fd7017e499937\" height=\"427\" itemprop=\"image\" loading=\"lazy\" longdesc=\"https:\/\/www.archdaily.cl\/cl\/1036785\/10-tendencias-en-el-diseno-de-interiores-del-2025\/69361d06e41fd7017e499937-interior-design-trends-of-2025-photo\" src=\"https:\/\/www.europesays.com\/es\/wp-content\/uploads\/2025\/12\/1766213940_808_interior-design-trends-of-2025_25.jpg\" width=\"640\"\/>889GLO Art Space \/ SpActrum. Imagen \u00a9 SFAP<\/a><a class=\"js-image-size__link lazy-anchor\" href=\"https:\/\/www.archdaily.cl\/cl\/1036785\/10-tendencias-en-el-diseno-de-interiores-del-2025\/69361d25243c4d5a49876f83-interior-design-trends-of-2025-photo\" rel=\"nofollow noopener\" target=\"_blank\"><img decoding=\"async\" alt=\"10 tendencias en el dise\u00f1o de interiores del 2025 - Imagen 30 de 40\" data-nr-picture-id=\"69361d25243c4d5a49876f83\" height=\"427\" itemprop=\"image\" loading=\"lazy\" longdesc=\"https:\/\/www.archdaily.cl\/cl\/1036785\/10-tendencias-en-el-diseno-de-interiores-del-2025\/69361d25243c4d5a49876f83-interior-design-trends-of-2025-photo\" src=\"https:\/\/www.europesays.com\/es\/wp-content\/uploads\/2025\/12\/1766213940_647_interior-design-trends-of-2025_25.jpg\" width=\"640\"\/>Noas Studio \/ SahuquillodeArriba. Imagen \u00a9 Oleh Kardash<\/a>Vigas y techos de madera<a class=\"js-image-size__link lazy-anchor\" href=\"https:\/\/www.archdaily.cl\/cl\/1036785\/10-tendencias-en-el-diseno-de-interiores-del-2025\/69361b65243c4d5a49876f80-interior-design-trends-of-2025-photo\" rel=\"nofollow noopener\" target=\"_blank\"><img decoding=\"async\" alt=\"10 tendencias en el dise\u00f1o de interiores del 2025 - Imagen 26 de 40\" data-nr-picture-id=\"69361b65243c4d5a49876f80\" height=\"427\" itemprop=\"image\" loading=\"lazy\" longdesc=\"https:\/\/www.archdaily.cl\/cl\/1036785\/10-tendencias-en-el-diseno-de-interiores-del-2025\/69361b65243c4d5a49876f80-interior-design-trends-of-2025-photo\" src=\"https:\/\/www.europesays.com\/es\/wp-content\/uploads\/2025\/12\/1766213941_792_interior-design-trends-of-2025_20.jpg\" width=\"640\"\/>Kraffer Community Garden \/ mat\u011bj \u0161ebek architekti + Ateli\u00e9r Za M\u00e1k. Imagen \u00a9 Radek \u00dalehla<\/a><a class=\"js-image-size__link lazy-anchor\" href=\"https:\/\/www.archdaily.cl\/cl\/1036785\/10-tendencias-en-el-diseno-de-interiores-del-2025\/69361b1be41fd7017e499935-interior-design-trends-of-2025-photo\" rel=\"nofollow noopener\" target=\"_blank\"><img decoding=\"async\" alt=\"10 tendencias en el dise\u00f1o de interiores del 2025 - Imagen 27 de 40\" data-nr-picture-id=\"69361b1be41fd7017e499935\" height=\"427\" itemprop=\"image\" loading=\"lazy\" longdesc=\"https:\/\/www.archdaily.cl\/cl\/1036785\/10-tendencias-en-el-diseno-de-interiores-del-2025\/69361b1be41fd7017e499935-interior-design-trends-of-2025-photo\" src=\"https:\/\/www.europesays.com\/es\/wp-content\/uploads\/2025\/12\/1766213942_617_interior-design-trends-of-2025_20.jpg\" width=\"640\"\/>House EF \/ MDBA architects. Imagen \u00a9 Simone Marcolin<\/a><a class=\"js-image-size__link lazy-anchor\" href=\"https:\/\/www.archdaily.cl\/cl\/1036785\/10-tendencias-en-el-diseno-de-interiores-del-2025\/69361b38d7d6cc59e9edc9ef-interior-design-trends-of-2025-photo\" rel=\"nofollow noopener\" target=\"_blank\"><img decoding=\"async\" alt=\"10 tendencias en el dise\u00f1o de interiores del 2025 - Imagen 3 de 40\" data-nr-picture-id=\"69361b38d7d6cc59e9edc9ef\" height=\"427\" itemprop=\"image\" loading=\"lazy\" longdesc=\"https:\/\/www.archdaily.cl\/cl\/1036785\/10-tendencias-en-el-diseno-de-interiores-del-2025\/69361b38d7d6cc59e9edc9ef-interior-design-trends-of-2025-photo\" src=\"https:\/\/www.europesays.com\/es\/wp-content\/uploads\/2025\/12\/1766213942_603_interior-design-trends-of-2025_20.jpg\" width=\"640\"\/>Sanders Mello Building \/ Buro-S Architects. Imagen \u00a9 Aiste Rakauskaite<\/a><a class=\"js-image-size__link lazy-anchor\" href=\"https:\/\/www.archdaily.cl\/cl\/1036785\/10-tendencias-en-el-diseno-de-interiores-del-2025\/69361ab9e41fd7017e499934-interior-design-trends-of-2025-photo\" rel=\"nofollow noopener\" target=\"_blank\"><img decoding=\"async\" alt=\"10 tendencias en el dise\u00f1o de interiores del 2025 - Imagen 25 de 40\" data-nr-picture-id=\"69361ab9e41fd7017e499934\" height=\"427\" itemprop=\"image\" loading=\"lazy\" longdesc=\"https:\/\/www.archdaily.cl\/cl\/1036785\/10-tendencias-en-el-diseno-de-interiores-del-2025\/69361ab9e41fd7017e499934-interior-design-trends-of-2025-photo\" src=\"https:\/\/www.europesays.com\/es\/wp-content\/uploads\/2025\/12\/1766213943_370_interior-design-trends-of-2025_20.jpg\" width=\"640\"\/>Cruda House \/ MEII ESTUDIO. Imagen \u00a9 Hiperfocal<\/a><a class=\"js-image-size__link lazy-anchor\" href=\"https:\/\/www.archdaily.cl\/cl\/1036785\/10-tendencias-en-el-diseno-de-interiores-del-2025\/69361a8fd7d6cc59e9edc9ee-interior-design-trends-of-2025-photo\" rel=\"nofollow noopener\" target=\"_blank\"><img decoding=\"async\" alt=\"10 tendencias en el dise\u00f1o de interiores del 2025 - Imagen 24 de 40\" data-nr-picture-id=\"69361a8fd7d6cc59e9edc9ee\" height=\"427\" itemprop=\"image\" loading=\"lazy\" longdesc=\"https:\/\/www.archdaily.cl\/cl\/1036785\/10-tendencias-en-el-diseno-de-interiores-del-2025\/69361a8fd7d6cc59e9edc9ee-interior-design-trends-of-2025-photo\" src=\"https:\/\/www.europesays.com\/es\/wp-content\/uploads\/2025\/12\/1766213944_158_interior-design-trends-of-2025_20.jpg\" width=\"640\"\/>House in the Forest \/ Vasconcelos Arquitectura + Espacio Tangible. Imagen \u00a9 Fabian Martinez<\/a>Hormig\u00f3n crudo<a class=\"js-image-size__link lazy-anchor\" href=\"https:\/\/www.archdaily.cl\/cl\/1036785\/10-tendencias-en-el-diseno-de-interiores-del-2025\/69361746d7d6cc59e9edc9ea-interior-design-trends-of-2025-photo\" rel=\"nofollow noopener\" target=\"_blank\"><img decoding=\"async\" alt=\"10 tendencias en el dise\u00f1o de interiores del 2025 - Imagen 2 de 40\" data-nr-picture-id=\"69361746d7d6cc59e9edc9ea\" height=\"427\" itemprop=\"image\" loading=\"lazy\" longdesc=\"https:\/\/www.archdaily.cl\/cl\/1036785\/10-tendencias-en-el-diseno-de-interiores-del-2025\/69361746d7d6cc59e9edc9ea-interior-design-trends-of-2025-photo\" src=\"https:\/\/www.europesays.com\/es\/wp-content\/uploads\/2025\/12\/1766213944_146_interior-design-trends-of-2025_16.jpg\" width=\"640\"\/>Zen House \/ Studio Nirvana. Imagen \u00a9 Ishita Sitwala<\/a><a class=\"js-image-size__link lazy-anchor\" href=\"https:\/\/www.archdaily.cl\/cl\/1036785\/10-tendencias-en-el-diseno-de-interiores-del-2025\/69361762d7d6cc59e9edc9eb-interior-design-trends-of-2025-photo\" rel=\"nofollow noopener\" target=\"_blank\"><img decoding=\"async\" alt=\"10 tendencias en el dise\u00f1o de interiores del 2025 - Imagen 21 de 40\" data-nr-picture-id=\"69361762d7d6cc59e9edc9eb\" height=\"427\" itemprop=\"image\" loading=\"lazy\" longdesc=\"https:\/\/www.archdaily.cl\/cl\/1036785\/10-tendencias-en-el-diseno-de-interiores-del-2025\/69361762d7d6cc59e9edc9eb-interior-design-trends-of-2025-photo\" src=\"https:\/\/www.europesays.com\/es\/wp-content\/uploads\/2025\/12\/1766213945_973_interior-design-trends-of-2025_16.jpg\" width=\"640\"\/>Xiao Feng Art Museum \/ ZAO-Zhang Ke Architecture Office. Imagen \u00a9 DONG Image<\/a><a class=\"js-image-size__link lazy-anchor\" href=\"https:\/\/www.archdaily.cl\/cl\/1036785\/10-tendencias-en-el-diseno-de-interiores-del-2025\/693617a5e41fd7017e499932-interior-design-trends-of-2025-photo\" rel=\"nofollow noopener\" target=\"_blank\"><img decoding=\"async\" alt=\"10 tendencias en el dise\u00f1o de interiores del 2025 - Imagen 17 de 40\" data-nr-picture-id=\"693617a5e41fd7017e499932\" height=\"427\" itemprop=\"image\" loading=\"lazy\" longdesc=\"https:\/\/www.archdaily.cl\/cl\/1036785\/10-tendencias-en-el-diseno-de-interiores-del-2025\/693617a5e41fd7017e499932-interior-design-trends-of-2025-photo\" src=\"https:\/\/www.europesays.com\/es\/wp-content\/uploads\/2025\/12\/1766213946_542_interior-design-trends-of-2025_16.jpg\" width=\"640\"\/>House with two Courtyards \/ B\u00dcRO M\u00dcHLBAUER. Imagen \u00a9 Mikael Olsson<\/a><a class=\"js-image-size__link lazy-anchor\" href=\"https:\/\/www.archdaily.cl\/cl\/1036785\/10-tendencias-en-el-diseno-de-interiores-del-2025\/69361781d7d6cc59e9edc9ec-interior-design-trends-of-2025-photo\" rel=\"nofollow noopener\" target=\"_blank\"><img decoding=\"async\" alt=\"10 tendencias en el dise\u00f1o de interiores del 2025 - Imagen 22 de 40\" data-nr-picture-id=\"69361781d7d6cc59e9edc9ec\" height=\"427\" itemprop=\"image\" loading=\"lazy\" longdesc=\"https:\/\/www.archdaily.cl\/cl\/1036785\/10-tendencias-en-el-diseno-de-interiores-del-2025\/69361781d7d6cc59e9edc9ec-interior-design-trends-of-2025-photo\" src=\"https:\/\/www.europesays.com\/es\/wp-content\/uploads\/2025\/12\/1766213946_142_interior-design-trends-of-2025_16.jpg\" width=\"640\"\/>House Tao \/ HW Studio. Imagen \u00a9 Cesar Belio<\/a>Ladrillos de vidrio<a class=\"js-image-size__link lazy-anchor\" href=\"https:\/\/www.archdaily.cl\/cl\/1036785\/10-tendencias-en-el-diseno-de-interiores-del-2025\/693615d8d7d6cc59e9edc9e6-interior-design-trends-of-2025-photo\" rel=\"nofollow noopener\" target=\"_blank\"><img decoding=\"async\" alt=\"10 tendencias en el dise\u00f1o de interiores del 2025 - Imagen 20 de 40\" data-nr-picture-id=\"693615d8d7d6cc59e9edc9e6\" height=\"427\" itemprop=\"image\" loading=\"lazy\" longdesc=\"https:\/\/www.archdaily.cl\/cl\/1036785\/10-tendencias-en-el-diseno-de-interiores-del-2025\/693615d8d7d6cc59e9edc9e6-interior-design-trends-of-2025-photo\" src=\"https:\/\/www.europesays.com\/es\/wp-content\/uploads\/2025\/12\/interior-design-trends-of-2025_12.jpg\" width=\"640\"\/>Rahmah Library \/ The MAAK. Imagen \u00a9 Kent Andreasen<\/a><a class=\"js-image-size__link lazy-anchor\" href=\"https:\/\/www.archdaily.cl\/cl\/1036785\/10-tendencias-en-el-diseno-de-interiores-del-2025\/6936158f243c4d5a49876f7c-interior-design-trends-of-2025-photo\" rel=\"nofollow noopener\" target=\"_blank\"><img decoding=\"async\" alt=\"10 tendencias en el dise\u00f1o de interiores del 2025 - Imagen 23 de 40\" data-nr-picture-id=\"6936158f243c4d5a49876f7c\" height=\"427\" itemprop=\"image\" loading=\"lazy\" longdesc=\"https:\/\/www.archdaily.cl\/cl\/1036785\/10-tendencias-en-el-diseno-de-interiores-del-2025\/6936158f243c4d5a49876f7c-interior-design-trends-of-2025-photo\" src=\"https:\/\/www.europesays.com\/es\/wp-content\/uploads\/2025\/12\/1766213947_656_interior-design-trends-of-2025_12.jpg\" width=\"640\"\/>Barbara Bar and Restaurant \/ 89 stopni. Imagen \u00a9 Adam Grzesik<\/a><a class=\"js-image-size__link lazy-anchor\" href=\"https:\/\/www.archdaily.cl\/cl\/1036785\/10-tendencias-en-el-diseno-de-interiores-del-2025\/69361579d7d6cc59e9edc9e5-interior-design-trends-of-2025-photo\" rel=\"nofollow noopener\" target=\"_blank\"><img decoding=\"async\" alt=\"10 tendencias en el dise\u00f1o de interiores del 2025 - Imagen 19 de 40\" data-nr-picture-id=\"69361579d7d6cc59e9edc9e5\" height=\"427\" itemprop=\"image\" loading=\"lazy\" longdesc=\"https:\/\/www.archdaily.cl\/cl\/1036785\/10-tendencias-en-el-diseno-de-interiores-del-2025\/69361579d7d6cc59e9edc9e5-interior-design-trends-of-2025-photo\" src=\"https:\/\/www.europesays.com\/es\/wp-content\/uploads\/2025\/12\/1766213948_903_interior-design-trends-of-2025_12.jpg\" width=\"640\"\/>Erosion Buz\u00eb Mustaqe Showroom \/ Phi+Architects. Imagen \u00a9 Dea Zogiani<\/a><a class=\"js-image-size__link lazy-anchor\" href=\"https:\/\/www.archdaily.cl\/cl\/1036785\/10-tendencias-en-el-diseno-de-interiores-del-2025\/69361570243c4d5a49876f7b-interior-design-trends-of-2025-photo\" rel=\"nofollow noopener\" target=\"_blank\"><img decoding=\"async\" alt=\"10 tendencias en el dise\u00f1o de interiores del 2025 - Imagen 18 de 40\" data-nr-picture-id=\"69361570243c4d5a49876f7b\" height=\"427\" itemprop=\"image\" loading=\"lazy\" longdesc=\"https:\/\/www.archdaily.cl\/cl\/1036785\/10-tendencias-en-el-diseno-de-interiores-del-2025\/69361570243c4d5a49876f7b-interior-design-trends-of-2025-photo\" src=\"https:\/\/www.europesays.com\/es\/wp-content\/uploads\/2025\/12\/1766213948_646_interior-design-trends-of-2025_12.jpg\" width=\"640\"\/>Terra and Vidru House \/ Federico Cartamantiglia Architecture Studio + Federico Cartamantiglia + Fabrizio Carboni + Enrico Manca. Imagen \u00a9 Barbara Pau<\/a>Acero brillante<a class=\"js-image-size__link lazy-anchor\" href=\"https:\/\/www.archdaily.cl\/cl\/1036785\/10-tendencias-en-el-diseno-de-interiores-del-2025\/693612c2d7d6cc59e9edc9e3-interior-design-trends-of-2025-photo\" rel=\"nofollow noopener\" target=\"_blank\"><img decoding=\"async\" alt=\"10 tendencias en el dise\u00f1o de interiores del 2025 - Imagen 12 de 40\" data-nr-picture-id=\"693612c2d7d6cc59e9edc9e3\" height=\"427\" itemprop=\"image\" loading=\"lazy\" longdesc=\"https:\/\/www.archdaily.cl\/cl\/1036785\/10-tendencias-en-el-diseno-de-interiores-del-2025\/693612c2d7d6cc59e9edc9e3-interior-design-trends-of-2025-photo\" src=\"https:\/\/www.europesays.com\/es\/wp-content\/uploads\/2025\/12\/interior-design-trends-of-2025_8.jpg\" width=\"640\"\/>Como Lounge Cafe \/ S.DA. Imagen \u00a9 Aylul Studio<\/a><a class=\"js-image-size__link lazy-anchor\" href=\"https:\/\/www.archdaily.cl\/cl\/1036785\/10-tendencias-en-el-diseno-de-interiores-del-2025\/69361332d7d6cc59e9edc9e4-interior-design-trends-of-2025-photo\" rel=\"nofollow noopener\" target=\"_blank\"><img decoding=\"async\" alt=\"10 tendencias en el dise\u00f1o de interiores del 2025 - Imagen 9 de 40\" data-nr-picture-id=\"69361332d7d6cc59e9edc9e4\" height=\"427\" itemprop=\"image\" loading=\"lazy\" longdesc=\"https:\/\/www.archdaily.cl\/cl\/1036785\/10-tendencias-en-el-diseno-de-interiores-del-2025\/69361332d7d6cc59e9edc9e4-interior-design-trends-of-2025-photo\" src=\"https:\/\/www.europesays.com\/es\/wp-content\/uploads\/2025\/12\/1766213949_984_interior-design-trends-of-2025_8.jpg\" width=\"640\"\/>Ceremony of Roses Headquarters \/ 22RE. Imagen \u00a9 Yoshihiro Makino<\/a><a class=\"js-image-size__link lazy-anchor\" href=\"https:\/\/www.archdaily.cl\/cl\/1036785\/10-tendencias-en-el-diseno-de-interiores-del-2025\/69361313e41fd7017e49992e-interior-design-trends-of-2025-image\" rel=\"nofollow noopener\" target=\"_blank\"><img decoding=\"async\" alt=\"10 tendencias en el dise\u00f1o de interiores del 2025 - Imagen 15 de 40\" data-nr-picture-id=\"69361313e41fd7017e49992e\" height=\"427\" itemprop=\"image\" loading=\"lazy\" longdesc=\"https:\/\/www.archdaily.cl\/cl\/1036785\/10-tendencias-en-el-diseno-de-interiores-del-2025\/69361313e41fd7017e49992e-interior-design-trends-of-2025-image\" src=\"https:\/\/www.europesays.com\/es\/wp-content\/uploads\/2025\/12\/1766213950_665_interior-design-trends-of-2025_8.jpg\" width=\"640\"\/>Traces of Light Indoor Golf Course \/ Degree Design. Imagen<\/a><a class=\"js-image-size__link lazy-anchor\" href=\"https:\/\/www.archdaily.cl\/cl\/1036785\/10-tendencias-en-el-diseno-de-interiores-del-2025\/693612e6e41fd7017e49992d-interior-design-trends-of-2025-photo\" rel=\"nofollow noopener\" target=\"_blank\"><img decoding=\"async\" alt=\"10 tendencias en el dise\u00f1o de interiores del 2025 - Imagen 16 de 40\" data-nr-picture-id=\"693612e6e41fd7017e49992d\" height=\"427\" itemprop=\"image\" loading=\"lazy\" longdesc=\"https:\/\/www.archdaily.cl\/cl\/1036785\/10-tendencias-en-el-diseno-de-interiores-del-2025\/693612e6e41fd7017e49992d-interior-design-trends-of-2025-photo\" src=\"https:\/\/www.europesays.com\/es\/wp-content\/uploads\/2025\/12\/1766213950_613_interior-design-trends-of-2025_8.jpg\" width=\"640\"\/>HE.ARTS HANNAM Hair Salon \/ RVMN. Imagen \u00a9 Yongjoon Choi<\/a>Muebles de estilo neomoderno<a class=\"js-image-size__link lazy-anchor\" href=\"https:\/\/www.archdaily.cl\/cl\/1036785\/10-tendencias-en-el-diseno-de-interiores-del-2025\/6935f701d7d6cc59e9edc9e0-interior-design-trends-of-2025-photo\" rel=\"nofollow noopener\" target=\"_blank\"><img decoding=\"async\" alt=\"10 tendencias en el dise\u00f1o de interiores del 2025 - Imagen 10 de 40\" data-nr-picture-id=\"6935f701d7d6cc59e9edc9e0\" height=\"427\" itemprop=\"image\" loading=\"lazy\" longdesc=\"https:\/\/www.archdaily.cl\/cl\/1036785\/10-tendencias-en-el-diseno-de-interiores-del-2025\/6935f701d7d6cc59e9edc9e0-interior-design-trends-of-2025-photo\" src=\"https:\/\/www.europesays.com\/es\/wp-content\/uploads\/2025\/12\/interior-design-trends-of-2025_4.jpg\" width=\"640\"\/>The Jellicoe Workspace \/ Universal Design Studio. Imagen \u00a9 Toby Mitchell<\/a><a class=\"js-image-size__link lazy-anchor\" href=\"https:\/\/www.archdaily.cl\/cl\/1036785\/10-tendencias-en-el-diseno-de-interiores-del-2025\/6935f6e2243c4d5a49876f78-interior-design-trends-of-2025-photo\" rel=\"nofollow noopener\" target=\"_blank\"><img decoding=\"async\" alt=\"10 tendencias en el dise\u00f1o de interiores del 2025 - Imagen 11 de 40\" data-nr-picture-id=\"6935f6e2243c4d5a49876f78\" height=\"427\" itemprop=\"image\" loading=\"lazy\" longdesc=\"https:\/\/www.archdaily.cl\/cl\/1036785\/10-tendencias-en-el-diseno-de-interiores-del-2025\/6935f6e2243c4d5a49876f78-interior-design-trends-of-2025-photo\" src=\"https:\/\/www.europesays.com\/es\/wp-content\/uploads\/2025\/12\/1766213951_281_interior-design-trends-of-2025_4.jpg\" width=\"640\"\/>Day Job Office \/ 22RE. Imagen \u00a9 Yoshihiro Makino<\/a><a class=\"js-image-size__link lazy-anchor\" href=\"https:\/\/www.archdaily.cl\/cl\/1036785\/10-tendencias-en-el-diseno-de-interiores-del-2025\/6935f69ce41fd769fe89952c-interior-design-trends-of-2025-photo\" rel=\"nofollow noopener\" target=\"_blank\"><img decoding=\"async\" alt=\"10 tendencias en el dise\u00f1o de interiores del 2025 - Imagen 13 de 40\" data-nr-picture-id=\"6935f69ce41fd769fe89952c\" height=\"427\" itemprop=\"image\" loading=\"lazy\" longdesc=\"https:\/\/www.archdaily.cl\/cl\/1036785\/10-tendencias-en-el-diseno-de-interiores-del-2025\/6935f69ce41fd769fe89952c-interior-design-trends-of-2025-photo\" src=\"https:\/\/www.europesays.com\/es\/wp-content\/uploads\/2025\/12\/1766213952_233_interior-design-trends-of-2025_4.jpg\" width=\"640\"\/>\u00c1tico Curvo \/ Destudio. Imagen \u00a9 David Zarzoso<\/a><a class=\"js-image-size__link lazy-anchor\" href=\"https:\/\/www.archdaily.cl\/cl\/1036785\/10-tendencias-en-el-diseno-de-interiores-del-2025\/6935f6bf243c4d5a49876f77-interior-design-trends-of-2025-photo\" rel=\"nofollow noopener\" target=\"_blank\"><img decoding=\"async\" alt=\"10 tendencias en el dise\u00f1o de interiores del 2025 - Imagen 14 de 40\" data-nr-picture-id=\"6935f6bf243c4d5a49876f77\" height=\"427\" itemprop=\"image\" loading=\"lazy\" longdesc=\"https:\/\/www.archdaily.cl\/cl\/1036785\/10-tendencias-en-el-diseno-de-interiores-del-2025\/6935f6bf243c4d5a49876f77-interior-design-trends-of-2025-photo\" src=\"https:\/\/www.europesays.com\/es\/wp-content\/uploads\/2025\/12\/1766213952_417_interior-design-trends-of-2025_4.jpg\" width=\"640\"\/>Villa ai Castelli Romani \/ STUDIOTAMAT. Imagen \u00a9 Peter Molloy<\/a>Iluminaci\u00f3n decorativa<a class=\"js-image-size__link lazy-anchor\" href=\"https:\/\/www.archdaily.cl\/cl\/1036785\/10-tendencias-en-el-diseno-de-interiores-del-2025\/6935f58ee41fd7017e49992b-interior-design-trends-of-2025-photo\" rel=\"nofollow noopener\" target=\"_blank\"><img decoding=\"async\" alt=\"10 tendencias en el dise\u00f1o de interiores del 2025 - Imagen 6 de 40\" data-nr-picture-id=\"6935f58ee41fd7017e49992b\" height=\"427\" itemprop=\"image\" loading=\"lazy\" longdesc=\"https:\/\/www.archdaily.cl\/cl\/1036785\/10-tendencias-en-el-diseno-de-interiores-del-2025\/6935f58ee41fd7017e49992b-interior-design-trends-of-2025-photo\" src=\"https:\/\/www.europesays.com\/es\/wp-content\/uploads\/2025\/12\/interior-design-trends-of-2025_1.jpg\" width=\"640\"\/>Hibrew Coffee and Cuisine \/ Simpul Studio. Imagen \u00a9 Tristan Salim<\/a><a class=\"js-image-size__link lazy-anchor\" href=\"https:\/\/www.archdaily.cl\/cl\/1036785\/10-tendencias-en-el-diseno-de-interiores-del-2025\/6935f598243c4d5a49876f75-interior-design-trends-of-2025-photo\" rel=\"nofollow noopener\" target=\"_blank\"><img decoding=\"async\" alt=\"10 tendencias en el dise\u00f1o de interiores del 2025 - Imagen 8 de 40\" data-nr-picture-id=\"6935f598243c4d5a49876f75\" height=\"427\" itemprop=\"image\" loading=\"lazy\" longdesc=\"https:\/\/www.archdaily.cl\/cl\/1036785\/10-tendencias-en-el-diseno-de-interiores-del-2025\/6935f598243c4d5a49876f75-interior-design-trends-of-2025-photo\" src=\"https:\/\/www.europesays.com\/es\/wp-content\/uploads\/2025\/12\/1766213954_417_interior-design-trends-of-2025_1.jpg\" width=\"640\"\/>Mosca Bianca Ceramic Workshop \/ AACM &#8211; Atelier Architettura Chinello Morandi. Imagen \u00a9 Catalogo<\/a><a class=\"js-image-size__link lazy-anchor\" href=\"https:\/\/www.archdaily.cl\/cl\/1036785\/10-tendencias-en-el-diseno-de-interiores-del-2025\/6935f585243c4d5a49876f74-interior-design-trends-of-2025-photo\" rel=\"nofollow noopener\" target=\"_blank\"><img decoding=\"async\" alt=\"10 tendencias en el dise\u00f1o de interiores del 2025 - Imagen 7 de 40\" data-nr-picture-id=\"6935f585243c4d5a49876f74\" height=\"427\" itemprop=\"image\" loading=\"lazy\" longdesc=\"https:\/\/www.archdaily.cl\/cl\/1036785\/10-tendencias-en-el-diseno-de-interiores-del-2025\/6935f585243c4d5a49876f74-interior-design-trends-of-2025-photo\" src=\"https:\/\/www.europesays.com\/es\/wp-content\/uploads\/2025\/12\/1766213954_439_interior-design-trends-of-2025_1.jpg\" width=\"640\"\/>OAKV Healthcare Space \/ Atelier Carle. Imagen \u00a9 Alex Lesage<\/a><\/p>\n<p><strong>Este art\u00edculo es parte de los temas de ArchDaily: Resumen del a\u00f1o. <\/strong>Cada mes exploramos un tema en profundidad a trav\u00e9s de art\u00edculos, entrevistas, noticias y obras de arquitectura. Te invitamos a conocer m\u00e1s sobre <a href=\"https:\/\/www.archdaily.cl\/cl\/monthly-topics?ad_source=monthly_article&amp;ad_medium=bottom_link\" rel=\"nofollow noopener\" target=\"_blank\">nuestros temas<\/a>. Y como siempre, en ArchDaily valoramos las contribuciones de nuestras lectoras y lectores: si quieres postular un art\u00edculo o una obra, <a href=\"https:\/\/www.archdaily.cl\/cl\/contact?ad_source=monthly_article&amp;ad_medium=bottom_link\" rel=\"nofollow noopener\" target=\"_blank\">cont\u00e1ctanos<\/a>.<\/p>\n<p><script async src=\"https:\/\/platform.twitter.com\/widgets.js\" charset=\"utf-8\"><\/script><\/p>\n","protected":false},"excerpt":{"rendered":"Tobi House \/ Espacio 18 Arquitectura. Imagen \u00a9 Cesar Bejar Compartir Compartir Facebook Twitter Mail Pinterest Whatsapp O&hellip;\n","protected":false},"author":2,"featured_media":297457,"comment_status":"","ping_status":"","sticky":false,"template":"","format":"standard","meta":{"footnotes":""},"categories":[173],"tags":[70781,70783,801,54564,229,233,6092,231,230,22574,1477,8045,57231,60421,232,234,61213,146,147,25,24,6127,70782,3963,17537,10,70784,23,70780],"class_list":{"0":"post-297456","1":"post","2":"type-post","3":"status-publish","4":"format-standard","5":"has-post-thumbnail","7":"category-arte-y-diseno","8":"tag-acero-inoxidable","9":"tag-archdaily-topic-2025-resumen-del-ano","10":"tag-arquitectura","11":"tag-arquitectura-contemporanea","12":"tag-arte","13":"tag-arte-y-diseno","14":"tag-articulos","15":"tag-arts","16":"tag-arts-and-design","17":"tag-atmosfera","18":"tag-ciudades","19":"tag-colores","20":"tag-concreto","21":"tag-cortinas","22":"tag-design","23":"tag-diseno","24":"tag-diseno-de-interiores","25":"tag-entertainment","26":"tag-entretenimiento","27":"tag-es","28":"tag-espana","29":"tag-madera","30":"tag-materiales-innovadores","31":"tag-metal","32":"tag-movimiento-moderno","33":"tag-noticias","34":"tag-raw-materials","35":"tag-spain","36":"tag-terracotta"},"share_on_mastodon":{"url":"https:\/\/pubeurope.com\/@es\/115750607465379732","error":""},"_links":{"self":[{"href":"https:\/\/www.europesays.com\/es\/wp-json\/wp\/v2\/posts\/297456","targetHints":{"allow":["GET"]}}],"collection":[{"href":"https:\/\/www.europesays.com\/es\/wp-json\/wp\/v2\/posts"}],"about":[{"href":"https:\/\/www.europesays.com\/es\/wp-json\/wp\/v2\/types\/post"}],"author":[{"embeddable":true,"href":"https:\/\/www.europesays.com\/es\/wp-json\/wp\/v2\/users\/2"}],"replies":[{"embeddable":true,"href":"https:\/\/www.europesays.com\/es\/wp-json\/wp\/v2\/comments?post=297456"}],"version-history":[{"count":0,"href":"https:\/\/www.europesays.com\/es\/wp-json\/wp\/v2\/posts\/297456\/revisions"}],"wp:featuredmedia":[{"embeddable":true,"href":"https:\/\/www.europesays.com\/es\/wp-json\/wp\/v2\/media\/297457"}],"wp:attachment":[{"href":"https:\/\/www.europesays.com\/es\/wp-json\/wp\/v2\/media?parent=297456"}],"wp:term":[{"taxonomy":"category","embeddable":true,"href":"https:\/\/www.europesays.com\/es\/wp-json\/wp\/v2\/categories?post=297456"},{"taxonomy":"post_tag","embeddable":true,"href":"https:\/\/www.europesays.com\/es\/wp-json\/wp\/v2\/tags?post=297456"}],"curies":[{"name":"wp","href":"https:\/\/api.w.org\/{rel}","templated":true}]}}