{"id":297458,"date":"2025-12-20T07:01:20","date_gmt":"2025-12-20T07:01:20","guid":{"rendered":"https:\/\/www.europesays.com\/es\/297458\/"},"modified":"2025-12-20T07:01:20","modified_gmt":"2025-12-20T07:01:20","slug":"la-banda-prepara-un-nuevo-golpe-y-ya-sabemos-cuando-llega","status":"publish","type":"post","link":"https:\/\/www.europesays.com\/es\/297458\/","title":{"rendered":"la banda prepara un nuevo golpe y ya sabemos cu\u00e1ndo llega"},"content":{"rendered":"<p id=\"ejVL6xcSaK\" data-wc=\"89\">La banda vuelve a reunirse, los planes se ponen en marcha y el golpe empieza a tomar forma.<strong>\u00a0Berl\u00edn<\/strong>, <a class=\"hm-link ho-link\" href=\"https:\/\/www.hola.com\/actualidad\/20250122800893\/pedro-alonso-novia-historia-de-amor\/\" data-mrf-recirculation=\"article-body-link\" rel=\"nofollow noopener\" target=\"_blank\">al que da vida Pedro Alonso<\/a>, regresa con una nueva historia que juega al despiste, eleva la ambici\u00f3n y cambia de escenario, pero mantiene intacta la esencia que convirti\u00f3 al personaje en uno de los m\u00e1s magn\u00e9ticos del universo de\u00a0<strong>La casa de papel.<\/strong> Intriga, estrategia y un objetivo que no es exactamente el que parece vuelven a marcar el ritmo de una ficci\u00f3n que ya empieza a calentar motores.<\/p>\n<p> <img src=\"https:\/\/www.europesays.com\/es\/wp-content\/uploads\/2025\/12\/17de97ebc487-berlinylddas0217022025felipehernandezdscf3092-1-a5fullres.jpg\"   width=\"1024\" height=\"682\" loading=\"lazy\" decoding=\"async\" alt=\"En 'Berl\u00edn y la dama del armi\u00f1o', Berl\u00edn cambia Par\u00eds por Sevilla\" fetchpriority=\"auto\" class=\"image ho-image\"\/>\u00a9 Netflix<\/p>\n<p id=\"e096XUgWXa\" data-wc=\"98\">Ya puedes ir marcando la fecha en el calendario porque<strong>\u00a0Berl\u00edn y la dama del armi\u00f1o<\/strong>, nombre de <a class=\"hm-link ho-link\" href=\"https:\/\/www.hola.com\/actualidad\/20250201809925\/berlin-nuevo-golpe-y-mas-romance-comienza-rodaje-temporada-2\/\" data-mrf-recirculation=\"article-body-link\" rel=\"nofollow noopener\" target=\"_blank\">esta segunda entrega<\/a>, llega a <strong>Netflix\u00a0<\/strong>el <strong>15 de mayo de 2026<\/strong>. Olvida la ciudad del amor y la <strong>Torre Eiffel\u00a0<\/strong>porque, en los nuevos cap\u00edtulos, el personaje interpretado por Alonso y su banda se dejan ba\u00f1ar por el <strong>Guadalquivir<\/strong> y se mueven entre calles, plazas y palacios sevillanos. Pero puedes estar tranquilo porque la acci\u00f3n, el ingenio y el caos del grupo de ladrones favorito de los espectadores siguen intactos, esta vez con el sol andaluz iluminando sus aventuras.<\/p>\n<p> <img src=\"https:\/\/www.europesays.com\/es\/wp-content\/uploads\/2025\/12\/48f9e799e22b-berlinylddas0205022025felipehernandezdscf0657-1-a2fullres.jpg\"   width=\"1024\" height=\"682\" loading=\"lazy\" decoding=\"async\" alt=\"Berl\u00edn regresa junto a toda su banda para un nuevo golpe maestro\" fetchpriority=\"auto\" class=\"image ho-image\"\/>\u00a9 Netflix<\/p>\n<p id=\"eUgEL0FvH03\" data-wc=\"127\">El carism\u00e1tico ladr\u00f3n regresa para otro golpe maestro junto a todos sus secuaces. La banda vuelve a estar formada por viejos conocidos: <strong>Keila (Michelle Jenner)<\/strong>, una eminencia en ingenier\u00eda electr\u00f3nica, experta en c\u00f3digos inform\u00e1ticos y ciberseguridad, que destaca por su inteligencia y sensibilidad, aunque tambi\u00e9n por su car\u00e1cter inadaptado. Junto a ella est\u00e1 <strong>Dami\u00e1n (Trist\u00e1n Ulloa),<\/strong> doctor con posgrados de ingenier\u00eda y f\u00edsica en su vida profesional y mente criminal en la sombra. Adem\u00e1s de \u00edntimo amigo y confesor de Berl\u00edn, es el encargado de ejecutar sus ideas imposibles. Tambi\u00e9n regresan <strong>Cameron (Bego\u00f1a Vargas),<\/strong> una kamikaze que vive siempre al l\u00edmite, y<strong>\u00a0Roi (Julio Pe\u00f1a Fern\u00e1ndez),<\/strong> que contin\u00faa siendo el fiel escudero del protagonista. Completa el equipo<strong>\u00a0Bruce (Joel S\u00e1nchez)<\/strong>, el implacable hombre de acci\u00f3n del grupo.<\/p>\n<p> <img src=\"https:\/\/www.europesays.com\/es\/wp-content\/uploads\/2025\/12\/785e185c9c36-berlinylddas0226022025felipehernandezdscf7035.jpg\"   width=\"1024\" height=\"682\" loading=\"lazy\" decoding=\"async\" alt=\"Inma Cuesta de incorpora a 'Berl\u00edn y la dama del armi\u00f1o' como Candela\" fetchpriority=\"auto\" class=\"image ho-image\"\/>\u00a9 Netflix<\/p>\n<p id=\"epHxFG59RD0\" data-wc=\"91\">A ellos se suman nuevas incorporaciones.<strong>\u00a0Inma Cuesta<\/strong> se mete en la piel de <strong>Candela<\/strong>, una sevillana de raza, imprevisible y temperamental, que se une al equipo de ladrones y acaba rob\u00e1ndole el coraz\u00f3n a Berl\u00edn. Tambi\u00e9n entra en escena el exc\u00e9ntrico y hedonista <strong>duque de<\/strong> <strong>M\u00e1laga, \u00c1lvaro Hermoso de Medina,<\/strong> interpretado por <strong>Jos\u00e9 Luis Garc\u00eda-P\u00e9rez\u00a0<\/strong>(Honor). Junto a \u00e9l estar\u00e1 su misteriosa y refinada esposa, <strong>la duquesa de M\u00e1laga, Genoveva Dante<\/strong>, a la que da vida <strong>Marta Nieto<\/strong> (Madre)<strong>,<\/strong> ambos situados en el centro de la diana de la banda.<\/p>\n<p id=\"eai3PB88vw\" data-wc=\"76\">En los nuevos cap\u00edtulos, Berl\u00edn y Dami\u00e1n re\u00fanen a su banda en<strong>\u00a0Sevilla<\/strong> para un golpe que promete ser \u00e9pico. Pero ojo, no todo es lo que parece: el plan oficial es robar <strong>La dama del armi\u00f1o,\u00a0<\/strong>el c\u00e9lebre cuadro de<strong>\u00a0Leonardo da Vinci,\u00a0<\/strong>aunque su verdadero objetivo es mucho m\u00e1s jugoso\u2026 el duque de M\u00e1laga y su esposa. Entre enga\u00f1os, disfraces y recorridos por la ciudad andaluza, la acci\u00f3n no dar\u00e1 respiro a los espectadores.<\/p>\n<p> <img src=\"https:\/\/www.europesays.com\/es\/wp-content\/uploads\/2025\/12\/b8539e73f1f6-berlinylddas0227012025felipehernandezdscf8590-copy.jpg\"   width=\"1024\" height=\"682\" loading=\"lazy\" decoding=\"async\" alt=\"\u00bfSaldr\u00e1 Berl\u00edn con vida de su pr\u00f3ximo golpe?\" fetchpriority=\"auto\" class=\"image ho-image\"\/>\u00a9 Netflix<\/p>\n<p id=\"eVfSYF6UWf\" data-wc=\"103\">El avance es toda una declaraci\u00f3n de intenciones. Lo primero que vemos es al protagonista tendido en el suelo tras recibir un disparo. Sin embargo, enseguida abre los ojos, aunque no queda claro si se trata del comienzo o del final de la historia. A continuaci\u00f3n, Berl\u00edn aparece sobre un tablao flamenco, rodeado de una bailaora y del sonido del caj\u00f3n, mientras las im\u00e1genes se entrelazan con planos de calles emblem\u00e1ticas de Sevilla. \u201c<strong>\u00bfNo dicen que quien roba a un ladr\u00f3n tiene cien a\u00f1os de perd\u00f3n? \u00a1Pues vamos a por los cien!<\/strong>\u201d, dice el personaje, dando el pistoletazo de salida al nuevo golpe.<\/p>\n<p> <img src=\"https:\/\/www.europesays.com\/es\/wp-content\/uploads\/2025\/12\/c1cd3ee17e25-berlinylddas0219022025felipehernandezdscf4079.jpg\"   width=\"1024\" height=\"682\" loading=\"lazy\" decoding=\"async\" alt=\"El duque de M\u00e1laga y su mujer, son el nuevo ojetivo de Berl\u00edn y su banda\" fetchpriority=\"auto\" class=\"image ho-image\"\/>\u00a9 Netflix<\/p>\n<p id=\"eENk2-VfHFV\" data-wc=\"71\">Poco despu\u00e9s, se\u00f1ala directamente a su objetivo: \u201c<strong>Buscamos a alguien a quien robar y este tipo es perfecto, porque es m\u00e1s delincuente que nosotros<\/strong>\u201d, a\u00f1ade, en referencia al duque de M\u00e1laga. El tr\u00e1iler encadena im\u00e1genes del cuadro de La dama del armi\u00f1o, planos del robo, armas, nuevos personajes y todo el equipo en acci\u00f3n antes de una \u00faltima llamada que lo resume todo: \u201c<strong>Y no podr\u00e1 denunciarnos\u2026 \u00a1llama a la banda!<\/strong>\u201d.<\/p>\n<p id=\"eDCXFVXb0co\" data-wc=\"75\">Aunque la trama principal se traslada a Sevilla, el rodaje de esta segunda entrega, que consta de ocho episodios, ha viajado por distintos puntos de la geograf\u00eda espa\u00f1ola. La serie, creada y escrita por <strong>\u00c1lex Pina<\/strong> y <strong>Esther Mart\u00ednez Lobato<\/strong>, se ha grabado en localizaciones de la capital andaluza, <strong>Madrid, San Sebasti\u00e1n, Pe\u00f1\u00edscola<\/strong> y otras localidades, ampliando el mapa de escenarios respecto a la primera temporada y dando m\u00e1s aire y ambici\u00f3n al nuevo golpe.<\/p>\n<p> <img src=\"https:\/\/www.europesays.com\/es\/wp-content\/uploads\/2025\/12\/47a400a6b807-este-plan-ha-llevado-un-poco-de-tiempo-hermanitos-pero-lo-hemos-conseguido-l.jpg\"   width=\"819\" height=\"1024\" loading=\"lazy\" decoding=\"async\" alt=\"\u00c1lvaro Morte vuelve como El Profesor en \u2018Berl\u00edn 2\u2019: la gran sorpresa para los fans de \u2018La Casa de Papel\u2019\" fetchpriority=\"auto\" class=\"image ho-image\"\/>\u00a9 @netflixes<\/p>\n<p id=\"ejtaW2F_s3r\" data-wc=\"109\">Fue precisamente en las grabaciones en Pe\u00f1\u00edscola donde el pasado verano saltaba una de las noticias m\u00e1s comentadas por los seguidores de la saga: Berl\u00edn no estar\u00e1 solo. <a class=\"hm-link ho-link\" href=\"https:\/\/www.hola.com\/actualidad\/20250629839416\/berlin-2-confirma-la-sorpresa-que-todos-querian-alvaro-morte-vuelve-como-el-profesor\/\" data-mrf-recirculation=\"article-body-link\" rel=\"nofollow noopener\" target=\"_blank\">\u00c1lvaro Morte vuelve a meterse en la piel de El Profesor<\/a>, uno de los personajes m\u00e1s ic\u00f3nicos del universo de La casa de papel. Su aparici\u00f3n supone un gui\u00f1o directo a los fans y refuerza el v\u00ednculo entre el spin-off y la serie original. Conviene recordar que, adem\u00e1s de ser el cerebro detr\u00e1s del robo a la <strong>F\u00e1brica Nacional de Moneda y Timbre<\/strong> en la ficci\u00f3n madre, su personaje, <strong>Sergio Marquina<\/strong>, es hermano de <strong>Andr\u00e9s de Fonollosa,<\/strong> es decir, de Berl\u00edn.<\/p>\n<p> <img src=\"https:\/\/www.europesays.com\/es\/wp-content\/uploads\/2025\/12\/ba0ff91d9121-alvaro-netflixes.jpg\"   width=\"819\" height=\"1024\" loading=\"lazy\" decoding=\"async\" alt=\"\u00e1lvaro est\u00e1 feliz de poder regresar con el papel del profesor por reencontrarse con el equipo y por hacer un regalo a sus fans\" fetchpriority=\"auto\" class=\"image ho-image\"\/>\u00a9 @netflixes<\/p>\n<p id=\"eENtjTkkhD\" data-wc=\"106\">Todav\u00eda no se conoce qu\u00e9 papel jugar\u00e1 Morte en los nuevos cap\u00edtulos, pero el actor mostraba su felicidad por regresar \u00abaunque sea una cosa muy peque\u00f1ita, porque son un par de secuencias; la verdad es que me apetec\u00eda mucho\u00bb, confesaba tras el anuncio. \u00abM\u00e1s all\u00e1 de reencontrarme con el equipo es como una especie de peque\u00f1o regalo que le haces a todos los seguidores, a los fans que hemos tenido siempre y que han demostrado tant\u00edsimo cari\u00f1o\u201d, a\u00f1ad\u00eda emocionado. Un cameo muy celebrado que a\u00f1ade una capa m\u00e1s de expectaci\u00f3n a una temporada que ampl\u00eda la banda, los escenarios y tambi\u00e9n las conexiones con su origen.<\/p>\n","protected":false},"excerpt":{"rendered":"La banda vuelve a reunirse, los planes se ponen en marcha y el golpe empieza a tomar forma.\u00a0Berl\u00edn,&hellip;\n","protected":false},"author":2,"featured_media":297459,"comment_status":"","ping_status":"","sticky":false,"template":"","format":"standard","meta":{"footnotes":""},"categories":[171],"tags":[517,7065,146,147,25,24,152,70785,23,807,214],"class_list":{"0":"post-297458","1":"post","2":"type-post","3":"status-publish","4":"format-standard","5":"has-post-thumbnail","7":"category-tv","8":"tag-actualidad","9":"tag-el-buscador-de-series","10":"tag-entertainment","11":"tag-entretenimiento","12":"tag-es","13":"tag-espana","14":"tag-netflix","15":"tag-pedro-alonso","16":"tag-spain","17":"tag-television","18":"tag-tv"},"share_on_mastodon":{"url":"","error":""},"_links":{"self":[{"href":"https:\/\/www.europesays.com\/es\/wp-json\/wp\/v2\/posts\/297458","targetHints":{"allow":["GET"]}}],"collection":[{"href":"https:\/\/www.europesays.com\/es\/wp-json\/wp\/v2\/posts"}],"about":[{"href":"https:\/\/www.europesays.com\/es\/wp-json\/wp\/v2\/types\/post"}],"author":[{"embeddable":true,"href":"https:\/\/www.europesays.com\/es\/wp-json\/wp\/v2\/users\/2"}],"replies":[{"embeddable":true,"href":"https:\/\/www.europesays.com\/es\/wp-json\/wp\/v2\/comments?post=297458"}],"version-history":[{"count":0,"href":"https:\/\/www.europesays.com\/es\/wp-json\/wp\/v2\/posts\/297458\/revisions"}],"wp:featuredmedia":[{"embeddable":true,"href":"https:\/\/www.europesays.com\/es\/wp-json\/wp\/v2\/media\/297459"}],"wp:attachment":[{"href":"https:\/\/www.europesays.com\/es\/wp-json\/wp\/v2\/media?parent=297458"}],"wp:term":[{"taxonomy":"category","embeddable":true,"href":"https:\/\/www.europesays.com\/es\/wp-json\/wp\/v2\/categories?post=297458"},{"taxonomy":"post_tag","embeddable":true,"href":"https:\/\/www.europesays.com\/es\/wp-json\/wp\/v2\/tags?post=297458"}],"curies":[{"name":"wp","href":"https:\/\/api.w.org\/{rel}","templated":true}]}}