{"id":297468,"date":"2025-12-20T07:06:46","date_gmt":"2025-12-20T07:06:46","guid":{"rendered":"https:\/\/www.europesays.com\/es\/297468\/"},"modified":"2025-12-20T07:06:46","modified_gmt":"2025-12-20T07:06:46","slug":"confirmada-la-causa-de-la-muerte-de-rob-reiner-y-su-mujer-libertad-digital","status":"publish","type":"post","link":"https:\/\/www.europesays.com\/es\/297468\/","title":{"rendered":"Confirmada la causa de la muerte de Rob Reiner y su mujer &#8211; Libertad Digital"},"content":{"rendered":"<p>El cineasta <strong>Rob Reiner<\/strong> y su mujer, Michele, aparecieron muertos en su casa de Los \u00c1ngeles este pasado domingo. Desde el primer momento se investig\u00f3 el fallecimiento como un homicidio, del cual ha sido acusado formalmente uno de los hijos de la pareja, <strong>Nick Reiner<\/strong>. Ahora, el informe del m\u00e9dico forense ha confirmado la causa de las muertes.<\/p>\n<p>Seg\u00fan un comunicado emitido por la oficina forense el mi\u00e9rcoles por la tarde, tres d\u00edas despu\u00e9s del hallazgo de los cuerpos del director de filmes como La princesa prometida o Misery y de su esposa, el matrimonio muri\u00f3 a causa de <strong>\u00abm\u00faltiples lesiones por arma blanca\u00bb.<\/strong><\/p>\n<p><a href=\"https:\/\/s1.staticld.com\/2025\/12\/15\/reiner.jpg\" target=\"_blank\" rel=\"nofollow noreferrer noopener\" class=\"fancybox\"><img class=\"l\" data-  style=\"aspect-ratio: 1341 \/ 734\" alt=\"reiner.jpg\"\/><\/a><\/p>\n<p>Reiner junto a su hijo, acusado de asesinato<\/p>\n<p>Cabe decir que, cuando se hab\u00edan dado a conocer los cargos contra Nick Reiner ese mismo d\u00eda, adem\u00e1s de las \u00abdos acusaciones de asesinato en primer grado con la circunstancia agravante de m\u00faltiples homicidios\u00bb, se inclu\u00eda una \u00abacusaci\u00f3n especial por haber utilizado directamente un arma peligrosa y mortal, concretamente un cuchillo\u00bb, tal y como expres\u00f3 el fiscal del distrito de Los \u00c1ngeles, Nathan J. Hochman.<\/p>\n<p>Los mencionados cargos \u00abconllevan una pena m\u00e1xima de <strong>cadena perpetua sin posibilidad de libertad condicional<\/strong> o la pena de muerte\u00bb, si bien por el momento no se ha tomado ninguna decisi\u00f3n respecto a la pena capital.<\/p>\n<p>Tras una primera comparecencia ante el tribunal en la que Reiner no se declar\u00f3 culpable, esta se pospon\u00eda al 7 de enero a petici\u00f3n del abogado del acusado.<\/p>\n<p>\u00abNo hay palabras para describir el dolor inimaginable que sentimos cada momento del d\u00eda\u00bb, expresaron los otros dos hijos del matrimonio, Jake y Romy Reiner, en declaraciones a la revista People. \u00abLa horrible y devastadora p\u00e9rdida de nuestros padres, Rob y Michele Reiner, es algo que nadie deber\u00eda experimentar jam\u00e1s. No solo eran nuestros padres, eran nuestros mejores amigos\u00bb, expusieron.<\/p>\n<p>Los hijos de la pareja se mostraron \u00abagradecidos por las numerosas condolencias, muestras de amabilidad y apoyo\u00bb y pidieron \u00ab<strong>respeto y privacidad<\/strong>, que las especulaciones se moderen con compasi\u00f3n y humanidad\u00bb y que se recordase a sus padres \u00abpor las incre\u00edbles vidas que vivieron y el amor que dieron\u00bb.<\/p>\n","protected":false},"excerpt":{"rendered":"El cineasta Rob Reiner y su mujer, Michele, aparecieron muertos en su casa de Los \u00c1ngeles este pasado&hellip;\n","protected":false},"author":2,"featured_media":297469,"comment_status":"","ping_status":"","sticky":false,"template":"","format":"standard","meta":{"footnotes":""},"categories":[91],"tags":[70804,50105,146,147,25,24,24733,70802,69970,70803,69647,69484,23],"class_list":{"0":"post-297468","1":"post","2":"type-post","3":"status-publish","4":"format-standard","5":"has-post-thumbnail","7":"category-entretenimiento","8":"tag-arma-blanca","9":"tag-cadena-perpetua","10":"tag-entertainment","11":"tag-entretenimiento","12":"tag-es","13":"tag-espana","14":"tag-homicidio","15":"tag-jake-reiner","16":"tag-michele","17":"tag-nathan-j-hochman","18":"tag-nick-reiner","19":"tag-rob-reiner","20":"tag-spain"},"share_on_mastodon":{"url":"https:\/\/pubeurope.com\/@es\/115750636648275723","error":""},"_links":{"self":[{"href":"https:\/\/www.europesays.com\/es\/wp-json\/wp\/v2\/posts\/297468","targetHints":{"allow":["GET"]}}],"collection":[{"href":"https:\/\/www.europesays.com\/es\/wp-json\/wp\/v2\/posts"}],"about":[{"href":"https:\/\/www.europesays.com\/es\/wp-json\/wp\/v2\/types\/post"}],"author":[{"embeddable":true,"href":"https:\/\/www.europesays.com\/es\/wp-json\/wp\/v2\/users\/2"}],"replies":[{"embeddable":true,"href":"https:\/\/www.europesays.com\/es\/wp-json\/wp\/v2\/comments?post=297468"}],"version-history":[{"count":0,"href":"https:\/\/www.europesays.com\/es\/wp-json\/wp\/v2\/posts\/297468\/revisions"}],"wp:featuredmedia":[{"embeddable":true,"href":"https:\/\/www.europesays.com\/es\/wp-json\/wp\/v2\/media\/297469"}],"wp:attachment":[{"href":"https:\/\/www.europesays.com\/es\/wp-json\/wp\/v2\/media?parent=297468"}],"wp:term":[{"taxonomy":"category","embeddable":true,"href":"https:\/\/www.europesays.com\/es\/wp-json\/wp\/v2\/categories?post=297468"},{"taxonomy":"post_tag","embeddable":true,"href":"https:\/\/www.europesays.com\/es\/wp-json\/wp\/v2\/tags?post=297468"}],"curies":[{"name":"wp","href":"https:\/\/api.w.org\/{rel}","templated":true}]}}