{"id":297477,"date":"2025-12-20T07:11:56","date_gmt":"2025-12-20T07:11:56","guid":{"rendered":"https:\/\/www.europesays.com\/es\/297477\/"},"modified":"2025-12-20T07:11:56","modified_gmt":"2025-12-20T07:11:56","slug":"es-oficial-la-baliza-v16-dispara-un-561-la-demanda-en-el-ultimo-mes-de-la-entrada-en-vigor-de-la-normativa","status":"publish","type":"post","link":"https:\/\/www.europesays.com\/es\/297477\/","title":{"rendered":"Es oficial: la baliza V16 dispara un 561% la demanda en el \u00faltimo mes de la entrada en vigor de la normativa"},"content":{"rendered":"<p class=\"\"><b>La cuenta atr\u00e1s ha comenzado.<\/b> El 1 de enero de 2026 ser\u00e1 el d\u00eda en que los tradicionales tri\u00e1ngulos de emergencia pasen a la historia y la <a href=\"https:\/\/www.amazon.es\/s?k=baliza+v16+homologada+dgt+con+geolocalizador&amp;crid=3IQJ8O66K42VQ&amp;sprefix=baliza+%2Caps%2C169&amp;linkCode=ll2&amp;tag=notiactualidadbaliza18122025-21&amp;linkId=b1fb4421e16621e92860c1feea77396e&amp;language=es_ES&amp;ref_=as_li_ss_tl\" target=\"_blank\" rel=\"nofollow sponsored noopener\" title=\"https:\/\/www.amazon.es\/s?k=baliza+v16+homologada+dgt+con+geolocalizador&amp;crid=3IQJ8O66K42VQ&amp;sprefix=baliza+%2Caps%2C169&amp;linkCode=ll2&amp;tag=notiactualidadbaliza18122025-21&amp;linkId=b1fb4421e16621e92860c1feea77396e&amp;language=es_ES&amp;ref_=as_li_ss_tl\"><b>baliza V16 <\/b><\/a><b>conectada<\/b> se convierta en el \u00fanico dispositivo oficial para se\u00f1alizar aver\u00edas y accidentes en carretera.<\/p>\n<p class=\"\">Seg\u00fan datos del comparador de precios <b>idealo.es<\/b>, <b>la demanda de estas balizas<\/b> se ha disparado un <b>561% en el \u00faltimo mes<\/b>, especialmente desde el Black Friday. \u00bfLa raz\u00f3n? La falta de campa\u00f1as informativas claras y la confirmaci\u00f3n de la DGT: <a href=\"https:\/\/as.com\/actualidad\/sociedad\/pere-navarro-director-de-la-dgt-da-malas-noticias-sobre-las-balizas-v-16-obligatorias-en-enero-no-va-a-haber-prorroga-f202512-n\/\" target=\"_self\" rel=\"nofollow noopener\" title=\"https:\/\/as.com\/actualidad\/sociedad\/pere-navarro-director-de-la-dgt-da-malas-noticias-sobre-las-balizas-v-16-obligatorias-en-enero-no-va-a-haber-prorroga-f202512-n\/\"><b>no habr\u00e1 pr\u00f3rroga<\/b>.<\/a><\/p>\n<p>Tres claves r\u00e1pidas para elegir la baliza V16<\/p>\n<ul>\n<li><b>Homologaci\u00f3n oficial<\/b>: imprescindible para cumplir la normativa.<\/li>\n<li><b>Conectividad activa<\/b>: revisa la fecha de caducidad del servicio.<\/li>\n<li><b>Precio y calidad<\/b>: compara antes de comprar, hay diferencias importantes.<\/li>\n<\/ul>\n<p>\u00bfPor qu\u00e9 tanto inter\u00e9s ahora?<\/p>\n<p class=\"\">La normativa es clara: <b>desde enero de 2026, todos los veh\u00edculos deber\u00e1n llevar una baliza V16 conectada<\/b>. El dispositivo no s\u00f3lo emite luz para se\u00f1alizar, sino que <b>env\u00eda la ubicaci\u00f3n del veh\u00edculo a la DGT<\/b> en caso de emergencia. No todas las balizas son v\u00e1lidas: deben estar <b>homologadas<\/b> y con <b>conectividad activa<\/b> (debes revisar la fecha de caducidad antes de comprar).<\/p>\n<p>El reto para los conductores: adaptarseNoticias relacionadas<a href=\"https:\/\/as.com\/actualidad\/sociedad\/que-es-la-baliza-v-27-el-triangulo-virtual-de-la-dgt-que-llegara-a-los-conductores-en-caso-de-que-haya-un-accidente-o-averia-f202512-n\/\" class=\"s_m_w\" title=\"Este dispositivo servir\u00e1 para complementar a la baliza V-16, que entrar\u00e1 en vigor el pr\u00f3ximo 1 de enero, aunque el funcionamiento de ambas difiere.\" data-tb-link=\"\" rel=\"nofollow noopener\" target=\"_blank\"><img decoding=\"async\" src=\"https:\/\/www.europesays.com\/es\/wp-content\/uploads\/2025\/12\/3DDOFEOUABAUVF7VLGTSBYAPG4.png\" alt=\"Qu\u00e9 es la baliza V-27, el \u2018tri\u00e1ngulo virtual\u2019 de la DGT que llegar\u00e1 a los conductores en caso de que haya un accidente o aver\u00eda\" class=\"\" height=\"9\" width=\"16\"   loading=\"lazy\" data-tb-thumbnail=\"\"\/><\/a><a href=\"https:\/\/as.com\/actualidad\/sociedad\/pere-navarro-director-de-la-dgt-sobre-las-balizas-v-16-no-van-a-parar-coches-para-ver-si-la-llevan-f202512-n\/\" class=\"s_m_w\" title=\"El m\u00e1ximo responsable de la DGT insisti\u00f3 en que la Polic\u00eda es \u201cflexible y razonable\u201d cuando hay alguna novedad y que el objetivo \u201cno es multar\u201d.\" data-tb-link=\"\" rel=\"nofollow noopener\" target=\"_blank\"><img decoding=\"async\" src=\"https:\/\/www.europesays.com\/es\/wp-content\/uploads\/2025\/12\/IBEOYPRMSZA4LMND2J5KTJD64U.jpg\" alt=\"Pere Navarro, director de la DGT, sobre las balizas V-16: \u201cNo van a parar coches para ver si la llevan\u201d\" class=\"\" height=\"9\" width=\"16\"   loading=\"lazy\" data-tb-thumbnail=\"\"\/><\/a><\/p>\n<p class=\"\">Kike Aganzo, responsable de comunicaci\u00f3n de idealo, lo resume as\u00ed: \u201cEste aumento refleja que muchos conductores a\u00fan est\u00e1n adapt\u00e1ndose al cambio y buscando informaci\u00f3n fiable en el \u00faltimo momento. <b>Comparar precios y caracter\u00edsticas es fundamental para asegurarse de adquirir un dispositivo homologado<\/b>\u201d.<\/p>\n<p class=\"\"><b>\u00a1Tus opiniones importan!<\/b> Comenta en los art\u00edculos y suscr\u00edbete gratis a nuestra <a href=\"https:\/\/asfan.as.com\/newsletters\/\" target=\"_blank\" rel=\"nofollow noopener\" title=\"https:\/\/asfan.as.com\/newsletters\/\">newsletter<\/a> y a las alertas informativas en la <a href=\"https:\/\/as.com\/aplicacion-de-as-n\/\" target=\"_blank\" rel=\"nofollow noopener\" title=\"https:\/\/as.com\/aplicacion-de-as-n\/\">App<\/a> o el canal de <a href=\"https:\/\/www.whatsapp.com\/channel\/0029VaAasdA7j6g745nz9M10\" target=\"_blank\" rel=\"nofollow noopener\" title=\"https:\/\/www.whatsapp.com\/channel\/0029VaAasdA7j6g745nz9M10\">WhatsApp<\/a>. \u00bfBuscas licenciar contenido? Haz clic <a href=\"https:\/\/profesional.elpais.com\/soluciones-sindicacion?utm_medium=interno&amp;utm_source=crosslinking&amp;utm_campaign=sindicacion_as_pie_articulos\" target=\"_blank\" rel=\"nofollow noopener\" title=\"https:\/\/profesional.elpais.com\/soluciones-sindicacion?utm_medium=interno&amp;utm_source=crosslinking&amp;utm_campaign=sindicacion_as_pie_articulos\">aqu\u00ed<\/a><\/p>\n","protected":false},"excerpt":{"rendered":"La cuenta atr\u00e1s ha comenzado. El 1 de enero de 2026 ser\u00e1 el d\u00eda en que los tradicionales&hellip;\n","protected":false},"author":2,"featured_media":297478,"comment_status":"","ping_status":"","sticky":false,"template":"","format":"standard","meta":{"footnotes":""},"categories":[5],"tags":[17,18,25,24,13,14,11,19,20,9,10,15,16,23,12,21,22],"class_list":{"0":"post-297477","1":"post","2":"type-post","3":"status-publish","4":"format-standard","5":"has-post-thumbnail","7":"category-titulares","8":"tag-breaking-news","9":"tag-breakingnews","10":"tag-es","11":"tag-espana","12":"tag-featured-news","13":"tag-featurednews","14":"tag-headlines","15":"tag-latest-news","16":"tag-latestnews","17":"tag-news","18":"tag-noticias","19":"tag-noticias-destacadas","20":"tag-noticiasdestacadas","21":"tag-spain","22":"tag-titulares","23":"tag-ultimas-noticias","24":"tag-ultimasnoticias"},"share_on_mastodon":{"url":"https:\/\/pubeurope.com\/@es\/115750656336224477","error":""},"_links":{"self":[{"href":"https:\/\/www.europesays.com\/es\/wp-json\/wp\/v2\/posts\/297477","targetHints":{"allow":["GET"]}}],"collection":[{"href":"https:\/\/www.europesays.com\/es\/wp-json\/wp\/v2\/posts"}],"about":[{"href":"https:\/\/www.europesays.com\/es\/wp-json\/wp\/v2\/types\/post"}],"author":[{"embeddable":true,"href":"https:\/\/www.europesays.com\/es\/wp-json\/wp\/v2\/users\/2"}],"replies":[{"embeddable":true,"href":"https:\/\/www.europesays.com\/es\/wp-json\/wp\/v2\/comments?post=297477"}],"version-history":[{"count":0,"href":"https:\/\/www.europesays.com\/es\/wp-json\/wp\/v2\/posts\/297477\/revisions"}],"wp:featuredmedia":[{"embeddable":true,"href":"https:\/\/www.europesays.com\/es\/wp-json\/wp\/v2\/media\/297478"}],"wp:attachment":[{"href":"https:\/\/www.europesays.com\/es\/wp-json\/wp\/v2\/media?parent=297477"}],"wp:term":[{"taxonomy":"category","embeddable":true,"href":"https:\/\/www.europesays.com\/es\/wp-json\/wp\/v2\/categories?post=297477"},{"taxonomy":"post_tag","embeddable":true,"href":"https:\/\/www.europesays.com\/es\/wp-json\/wp\/v2\/tags?post=297477"}],"curies":[{"name":"wp","href":"https:\/\/api.w.org\/{rel}","templated":true}]}}