{"id":297485,"date":"2025-12-20T07:21:13","date_gmt":"2025-12-20T07:21:13","guid":{"rendered":"https:\/\/www.europesays.com\/es\/297485\/"},"modified":"2025-12-20T07:21:13","modified_gmt":"2025-12-20T07:21:13","slug":"muy-caro-en-verano-para-el-betis-que-ficho-a-valentin-gomez-lomonaco-esta-a-punto-de-aterrizar-en-laliga","status":"publish","type":"post","link":"https:\/\/www.europesays.com\/es\/297485\/","title":{"rendered":"Muy caro en verano para el Betis, que fich\u00f3 a Valent\u00edn G\u00f3mez, Lom\u00f3naco est\u00e1 a punto de aterrizar en LaLiga"},"content":{"rendered":"<p>El pen\u00faltimo clasificado de Primera divisi\u00f3n explotar\u00e1 de nuevo su pertenencia al Grupo Pachuca para tratar de despertar en la segunda mitad de la 25\/26<\/p>\n<p class=\"parrafo\"><a href=\"https:\/\/www.estadiodeportivo.com\/futbol\/betis\/oferta-del-betis-por-lomonaco-respuesta-inmediata-20250614-499524.html\" target=\"_blank\" class=\"intext-link\" rel=\"nofollow noopener\">El Real Betis se movi\u00f3 activamente<\/a> este pasado verano por <strong>Kevin Lom\u00f3naco<\/strong>, poderoso central de <strong>23 a\u00f1os <\/strong>(cumplir\u00e1 <strong>24 en enero<\/strong>) y <strong>1,92<\/strong> que hab\u00eda acudido a una convocatoria ya con la absoluta de <strong>Argentina<\/strong>, aunque sin llegar a debutar. Internacional ol\u00edmpico y sub 17 con la Albiceleste, el de <strong>Lan\u00fas<\/strong> fue adquirido por algo menos de <strong>tres millones de euros<\/strong> por <strong>Independiente de Avellaneda<\/strong>, que lo hab\u00eda testado durante su cesi\u00f3n procedente del <strong>RB Bragantino<\/strong>, y no se cerraba a venderlo por un precio justo. Con ganas de sar el salto a <strong>Europa<\/strong>, el defensor <a href=\"https:\/\/www.estadiodeportivo.com\/futbol\/betis\/luz-verde-fichaje-betis-club-prestigioso-20250607-498555.html\" target=\"_blank\" class=\"intext-link\" rel=\"nofollow noopener\">se dej\u00f3 querer por los verdiblancos<\/a>, aunque los <strong>diez millones<\/strong> demandados por el &#8216;<strong>Rojo<\/strong>&#8216; dieron al traste con una operaci\u00f3n que, seg\u00fan asegur\u00f3 un intermediario autorizado a ESTADIO Deportivo, pudo haberse cerrado por <strong>ocho millones<\/strong>. Finalmente, en <strong>La Cartuja<\/strong> se decantaron por <strong>Valent\u00edn G\u00f3mez<\/strong>, zurdo (para equilibrar una parcela con otro igual como <strong>Natan<\/strong> y los diestros <strong>Bartra<\/strong> y <strong>Diego Llorente<\/strong>) y adquirido, tras rescindir en <strong>V\u00e9lez Sarsfield<\/strong>, por un <strong>5,3 millones<\/strong>.<\/p>\n<p class=\"parrafo\">Un semestre despu\u00e9s, el prestigioso C\u00e9sar Luis Merlo anuncia negociaciones avanzadas para que <strong>Lom\u00f3naco<\/strong> aterrice este mes de enero en <strong>Espa\u00f1a<\/strong>, como era su deseo. El <strong>Real Oviedo<\/strong>, urgido por su pen\u00faltima posici\u00f3n en <a href=\"https:\/\/www.estadiodeportivo.com\/futbol\/primera-division\/clasificacion\/\" target=\"_blank\" class=\"intext-link\" rel=\"nofollow noopener\">la clasificaci\u00f3n de Primera divisi\u00f3n<\/a> y una p\u00e9sima racha (<strong>diez partidos sin ganar y seis jornadas sin ni siquiera marcar un gol<\/strong>) que se ha cobrado el puesto de <strong>Luis Carri\u00f3<\/strong><strong>n<\/strong>, sustituto hace nada de <strong>Veljko Paunovic<\/strong> en el banquillo, aprovechar\u00e1 su pertenencia al <strong>Grupo Pachuca<\/strong> para apuntalar la retaguardia de <strong>Guillermo Almada<\/strong>, nuevo capit\u00e1n del barco carbay\u00f3n. La citada fuente habla de una propuesta de <strong>ocho millones por el 70%<\/strong> del pase que <strong>Independiente<\/strong> quiere mejorar, aunque todo hace indicar que habr\u00e1 acuerdo en las pr\u00f3ximas horas.<\/p>\n<p><a class=\"elementos-rel-t2\" href=\"https:\/\/www.estadiodeportivo.com\/futbol\/betis\/lomonaco-central-deseado-por-betis-verano-saldra-enero-20251011-516016.html\" title=\"Lom\u00f3naco, el central deseado por el Betis en verano, &quot;saldr\u00e1 en enero&quot;\" rel=\"nofollow noopener\" target=\"_blank\"><\/p>\n<p class=\"titular titulo-4\">Lom\u00f3naco, el central deseado por el Betis en verano, \u00absaldr\u00e1 en enero\u00bb<\/p>\n<p><img decoding=\"async\" src=\"https:\/\/www.europesays.com\/es\/wp-content\/uploads\/2025\/12\/b070920f-10ec-4aa0-8f06-9135bd7e7648_320x180.jpeg\" alt=\"Lom\u00f3naco, el central deseado por el Betis en verano, &quot;saldr\u00e1 en enero&quot;\"\/><\/a><a class=\"elementos-rel-t2\" href=\"https:\/\/www.estadiodeportivo.com\/futbol\/betis\/kevin-lomonaco-son-palabras-mayores-20250617-500102.html\" title=\"Lo de Kevin Lom\u00f3naco ya son palabras mayores\" rel=\"nofollow noopener\" target=\"_blank\"><\/p>\n<p class=\"titular titulo-4\">Lo de Kevin Lom\u00f3naco ya son palabras mayores<\/p>\n<p><img decoding=\"async\" src=\"https:\/\/www.europesays.com\/es\/wp-content\/uploads\/2025\/12\/be9a3898-41c2-42f1-97da-bea02afce9ef_320x180.jpeg\" alt=\"Lo de Kevin Lom\u00f3naco ya son palabras mayores\"\/><\/a><a class=\"elementos-rel-t2\" href=\"https:\/\/www.estadiodeportivo.com\/futbol\/betis\/oferta-detallada-del-betis-por-lomonaco-estado-fichaje-20250625-501125.html\" title=\"Oferta detallada del Betis por Lom\u00f3naco y el estado de su fichaje\" rel=\"nofollow noopener\" target=\"_blank\"><\/p>\n<p class=\"titular titulo-4\">Oferta detallada del Betis por Lom\u00f3naco y el estado de su fichaje<\/p>\n<p><img decoding=\"async\" src=\"https:\/\/www.europesays.com\/es\/wp-content\/uploads\/2025\/12\/e105d4e6-a2e9-4278-935b-dcd268e190d4_320x180.jpeg\" alt=\"Oferta detallada del Betis por Lom\u00f3naco y el estado de su fichaje\"\/><\/a>Un acierto total en &#8216;plan B&#8217; de los verdiblancos<\/p>\n<p class=\"parrafo\">M\u00e1s barato que <strong>Kevin Lom\u00f3naco<\/strong> y a\u00f1o y medio m\u00e1s joven, el <strong>Real Betis<\/strong> se decant\u00f3 el pasado verano por <strong>Valent\u00edn G\u00f3mez<\/strong>, que ya le supera, a ojos de la web especializada &#8216;Transfermarkt&#8217;, en valor de mercado (<strong>12 millones de euros<\/strong>, por <strong>10 millones <\/strong>del de <strong>Lan\u00fas<\/strong>). Ha ganado seguramente con el cambio de objetivo el conjunto heliopolitano, que aprovech\u00f3 el pasaporte espa\u00f1ol del zurdo (su hom\u00f3logo no habr\u00eda tenido cabida aqu\u00ed con <strong>Antony Matheus dos Santos<\/strong>, <strong>Natan de Souza<\/strong> y <strong>Nelson Deossa<\/strong>) y su versatilidad (ha actuado por dentro en la defensa y el centro del campo, as\u00ed como de lateral zurdo) para convertirlo, primero por necesidad y ahora por decisi\u00f3n t\u00e9cnica de <strong>Manuel Pellegrini<\/strong>, contra todo pron\u00f3stico en el cuarto jugador con m\u00e1s minutos de la plantilla hasta la fecha (<strong>1.461<\/strong>), s\u00f3lo superado por el propio zaguero ex del <strong>N\u00e1poles<\/strong>, el &#8216;<strong>Cucho<\/strong>&#8216; <strong>Hern\u00e1ndez<\/strong> y <strong>Pablo Fornals<\/strong>.<\/p>\n<p><img decoding=\"async\" src=\"https:\/\/www.europesays.com\/es\/wp-content\/uploads\/2025\/12\/6d997607-3a5b-4a10-a6d5-805c9723aa85_800x450.jpeg\" loading=\"lazy\"\/><\/p>\n","protected":false},"excerpt":{"rendered":"El pen\u00faltimo clasificado de Primera divisi\u00f3n explotar\u00e1 de nuevo su pertenencia al Grupo Pachuca para tratar de despertar&hellip;\n","protected":false},"author":2,"featured_media":297486,"comment_status":"","ping_status":"","sticky":false,"template":"","format":"standard","meta":{"footnotes":""},"categories":[268],"tags":[168,25,24,284,285,280,282,70807,286,3302,281,23,167],"class_list":{"0":"post-297485","1":"post","2":"type-post","3":"status-publish","4":"format-standard","5":"has-post-thumbnail","7":"category-futbol","8":"tag-deportes","9":"tag-es","10":"tag-espana","11":"tag-estadio-deportivo","12":"tag-fichajes","13":"tag-football","14":"tag-futbol","15":"tag-independiente-de-avellaneda","16":"tag-real-betis-balompie","17":"tag-real-oviedo","18":"tag-soccer","19":"tag-spain","20":"tag-sports"},"share_on_mastodon":{"url":"https:\/\/pubeurope.com\/@es\/115750692186635474","error":""},"_links":{"self":[{"href":"https:\/\/www.europesays.com\/es\/wp-json\/wp\/v2\/posts\/297485","targetHints":{"allow":["GET"]}}],"collection":[{"href":"https:\/\/www.europesays.com\/es\/wp-json\/wp\/v2\/posts"}],"about":[{"href":"https:\/\/www.europesays.com\/es\/wp-json\/wp\/v2\/types\/post"}],"author":[{"embeddable":true,"href":"https:\/\/www.europesays.com\/es\/wp-json\/wp\/v2\/users\/2"}],"replies":[{"embeddable":true,"href":"https:\/\/www.europesays.com\/es\/wp-json\/wp\/v2\/comments?post=297485"}],"version-history":[{"count":0,"href":"https:\/\/www.europesays.com\/es\/wp-json\/wp\/v2\/posts\/297485\/revisions"}],"wp:featuredmedia":[{"embeddable":true,"href":"https:\/\/www.europesays.com\/es\/wp-json\/wp\/v2\/media\/297486"}],"wp:attachment":[{"href":"https:\/\/www.europesays.com\/es\/wp-json\/wp\/v2\/media?parent=297485"}],"wp:term":[{"taxonomy":"category","embeddable":true,"href":"https:\/\/www.europesays.com\/es\/wp-json\/wp\/v2\/categories?post=297485"},{"taxonomy":"post_tag","embeddable":true,"href":"https:\/\/www.europesays.com\/es\/wp-json\/wp\/v2\/tags?post=297485"}],"curies":[{"name":"wp","href":"https:\/\/api.w.org\/{rel}","templated":true}]}}