{"id":297507,"date":"2025-12-20T07:34:09","date_gmt":"2025-12-20T07:34:09","guid":{"rendered":"https:\/\/www.europesays.com\/es\/297507\/"},"modified":"2025-12-20T07:34:09","modified_gmt":"2025-12-20T07:34:09","slug":"t3-e1-cambio-de-divisas","status":"publish","type":"post","link":"https:\/\/www.europesays.com\/es\/297507\/","title":{"rendered":"T3 . E1. Cambio de divisas"},"content":{"rendered":"<p>              <strong>TP<\/strong><\/p>\n<p>En este episodio de EconoClan, viajamos por el mundo sin salir de casa para descubrir un truco s\u00faper importante del dinero: el cambio de divisas. \u00bfPor qu\u00e9 no puedes pagar un helado en Jap\u00f3n con euros? \u00bfY c\u00f3mo se transforma tu dinero cuando viajas a otro pa\u00eds? A trav\u00e9s de la historia de Martina, que sue\u00f1a con comprarse una gorra en Nueva York, aprenderemos que cada pa\u00eds tiene su propia moneda y que el dinero tambi\u00e9n necesita \u00abtraducirse\u00bb. Veremos c\u00f3mo los euros se convierten en d\u00f3lares, por qu\u00e9 su valor sube y baja cada d\u00eda y qu\u00e9 son esas misteriosas comisiones que a veces pagan los adultos. Un cap\u00edtulo corto, divertido y f\u00e1cil de entender para descubrir que el dinero tambi\u00e9n viaja\u2026 \u00a1y que el cambio de divisas mueve el mundo entero!<\/p>\n","protected":false},"excerpt":{"rendered":"TP En este episodio de EconoClan, viajamos por el mundo sin salir de casa para descubrir un truco&hellip;\n","protected":false},"author":2,"featured_media":297508,"comment_status":"","ping_status":"","sticky":false,"template":"","format":"standard","meta":{"footnotes":""},"categories":[42],"tags":[17,18,70813,13,14,11,61,62,63,64,19,20,9,10,15,16,133,1448,1986,1987,70814,12,21,22,65,66,67],"class_list":{"0":"post-297507","1":"post","2":"type-post","3":"status-publish","4":"format-standard","5":"has-post-thumbnail","7":"category-internacional","8":"tag-breaking-news","9":"tag-breakingnews","10":"tag-econoclan","11":"tag-featured-news","12":"tag-featurednews","13":"tag-headlines","14":"tag-internacional","15":"tag-international","16":"tag-international-news","17":"tag-internationalnews","18":"tag-latest-news","19":"tag-latestnews","20":"tag-news","21":"tag-noticias","22":"tag-noticias-destacadas","23":"tag-noticiasdestacadas","24":"tag-online","25":"tag-radio","26":"tag-rne","27":"tag-rtve-play","28":"tag-t3-e1-cambio-de-divisas","29":"tag-titulares","30":"tag-ultimas-noticias","31":"tag-ultimasnoticias","32":"tag-world","33":"tag-world-news","34":"tag-worldnews"},"share_on_mastodon":{"url":"https:\/\/pubeurope.com\/@es\/115750742597832090","error":""},"_links":{"self":[{"href":"https:\/\/www.europesays.com\/es\/wp-json\/wp\/v2\/posts\/297507","targetHints":{"allow":["GET"]}}],"collection":[{"href":"https:\/\/www.europesays.com\/es\/wp-json\/wp\/v2\/posts"}],"about":[{"href":"https:\/\/www.europesays.com\/es\/wp-json\/wp\/v2\/types\/post"}],"author":[{"embeddable":true,"href":"https:\/\/www.europesays.com\/es\/wp-json\/wp\/v2\/users\/2"}],"replies":[{"embeddable":true,"href":"https:\/\/www.europesays.com\/es\/wp-json\/wp\/v2\/comments?post=297507"}],"version-history":[{"count":0,"href":"https:\/\/www.europesays.com\/es\/wp-json\/wp\/v2\/posts\/297507\/revisions"}],"wp:featuredmedia":[{"embeddable":true,"href":"https:\/\/www.europesays.com\/es\/wp-json\/wp\/v2\/media\/297508"}],"wp:attachment":[{"href":"https:\/\/www.europesays.com\/es\/wp-json\/wp\/v2\/media?parent=297507"}],"wp:term":[{"taxonomy":"category","embeddable":true,"href":"https:\/\/www.europesays.com\/es\/wp-json\/wp\/v2\/categories?post=297507"},{"taxonomy":"post_tag","embeddable":true,"href":"https:\/\/www.europesays.com\/es\/wp-json\/wp\/v2\/tags?post=297507"}],"curies":[{"name":"wp","href":"https:\/\/api.w.org\/{rel}","templated":true}]}}