{"id":297509,"date":"2025-12-20T07:35:45","date_gmt":"2025-12-20T07:35:45","guid":{"rendered":"https:\/\/www.europesays.com\/es\/297509\/"},"modified":"2025-12-20T07:35:45","modified_gmt":"2025-12-20T07:35:45","slug":"las-universidades-publicas-exigimos-que-la-junta-de-andalucia-cumpla-sus-obligaciones-y-compromisos-dupo-diario-de-la-universidad-pablo-de-olavide","status":"publish","type":"post","link":"https:\/\/www.europesays.com\/es\/297509\/","title":{"rendered":"Las Universidades P\u00fablicas exigimos que la Junta de Andaluc\u00eda cumpla sus obligaciones y compromisos \u2013 DUPO \u2013 Diario de la Universidad Pablo de Olavide"},"content":{"rendered":"<p><a href=\"https:\/\/www.upo.es\/diario\/wp-content\/uploads\/2024\/11\/AUPA-Faldon-comunicados-web-2-lineas-SIN-UNIA.webp\" rel=\"nofollow noopener\" target=\"_blank\"><img loading=\"lazy\" decoding=\"async\" class=\"aligncenter size-large wp-image-30884380\" src=\"https:\/\/www.upo.es\/diario\/wp-content\/uploads\/2024\/11\/AUPA-Faldon-comunicados-web-2-lineas-SIN-UNIA-750x330.webp\" alt=\"Universidades p\u00fablicas andaluzas\" width=\"750\" height=\"330\"  \/><\/a><\/p>\n<p>Nosotros, la comunidad universitaria, le exigimos al Gobierno andaluz que cumpla sus obligaciones y compromisos financieros con el Sistema Universitario P\u00fablico Andaluz. El modelo de financiaci\u00f3n vigente, aprobado por el Consejo de Gobierno de la Junta de Andaluc\u00eda hace ahora m\u00e1s de dos a\u00f1os, se ha incumplido sistem\u00e1ticamente durante los a\u00f1os 2024 y 2025.<\/p>\n<p>En ninguno de los dos a\u00f1os de aplicaci\u00f3n del modelo se ha cumplido con lo establecido en la cl\u00e1usula de salvaguarda, que obliga a garantizar el 100% de la financiaci\u00f3n recibida el a\u00f1o anterior, y a incrementarla con el importe correspondiente a la subida de las retribuciones del personal del sector p\u00fablico. En este sentido, entre otros conceptos, este a\u00f1o se nos adeuda el 0,5% de la subida salarial del 2024 y, asimismo, sigue sin llevarse a cabo la actualizaci\u00f3n del Cap\u00edtulo II, como tambi\u00e9n exige el modelo.<\/p>\n<p>Por otra parte, en el segundo reparto de 2025, la financiaci\u00f3n destinada al pago de conceptos retributivos, por un importe de m\u00e1s de 37 millones, se transfiere como proyectos estrat\u00e9gicos, no consolidables. Sin embargo, el pago de retribuciones siempre debe ser consolidable para ejercicios futuros, tal y como reconoce el modelo.<\/p>\n<p><a href=\"https:\/\/www.upo.es\/diario\/wp-content\/uploads\/2025\/12\/Paco-Oliva-y-Juanma-Moreno-en-la-apertura-del-curso-academico-2025-2026-scaled.jpeg\" rel=\"nofollow noopener\" target=\"_blank\"><img loading=\"lazy\" decoding=\"async\" class=\"size-medium wp-image-30889402\" src=\"https:\/\/www.europesays.com\/es\/wp-content\/uploads\/2025\/12\/Paco-Oliva-y-Juanma-Moreno-en-la-apertura-del-curso-academico-2025-2026-420x280.jpeg\" alt=\"Francisco Oliva y Juan Manuel Moreno en la Apertura del Curso 2025\/26\" width=\"420\" height=\"280\"  \/><\/a>Francisco Oliva y Juan Manuel Moreno en la Apertura del Curso 2025\/26<\/p>\n<p>Adem\u00e1s, todos estos incumplimientos se ven agravados por la negativa recurrente de la Administraci\u00f3n auton\u00f3mica al abono de las cantidades necesarias para la aplicaci\u00f3n \u00edntegra de los acuerdos suscritos en Sevilla y en Ja\u00e9n, por el Consejero de Universidad, Investigaci\u00f3n e Innovaci\u00f3n, y por el presidente de la Junta de Andaluc\u00eda respectivamente.<\/p>\n<p>Estos acuerdos, para la creaci\u00f3n de nuevos complementos retributivos del personal suponen un justo reconocimiento al excelente trabajo que realizan nuestro profesorado y nuestro personal t\u00e9cnico, de gesti\u00f3n y de administraci\u00f3n y servicios. En este sentido, el Gobierno andaluz ha transferido a las universidades un importe claramente insuficiente para afrontar el pago de dichos complementos, ya que ni siquiera se han incluido los elevados costes de las cotizaciones sociales que se derivan de su aplicaci\u00f3n. Una merma m\u00e1s en nuestras arcas, ya de por s\u00ed tensionadas por una infrafinanciaci\u00f3n cr\u00f3nica.<\/p>\n<p>A todo lo anterior se suma una pr\u00e1ctica poco compatible con la buena gesti\u00f3n de los recursos p\u00fablicos, que es la autorizaci\u00f3n in extremis del gasto de los 20 millones provenientes de los remanentes no afectados de las universidades previstos anualmente. Una autorizaci\u00f3n que lleg\u00f3 por parte de la Administraci\u00f3n auton\u00f3mica en el mes de diciembre en el caso de 2024, casi al cierre del ejercicio, y que a\u00fan no ha llegado a pocos d\u00edas de finalizar 2025. Esta situaci\u00f3n hace pr\u00e1cticamente imposible o muy arriesgado el uso efectivo de dichos remanentes, que, adem\u00e1s, son insuficientes como plan plurianual de infraestructuras.<\/p>\n<p>Asimismo, reivindicamos la consolidaci\u00f3n y el refuerzo de la partida de nivelaci\u00f3n prevista en el propio modelo de financiaci\u00f3n, cuya activaci\u00f3n en el presente ejercicio valoramos positivamente, pero que resulta claramente insuficiente en su dotaci\u00f3n econ\u00f3mica. Esta partida fue concebida expresamente para corregir de forma progresiva las desigualdades hist\u00f3ricas existentes en la financiaci\u00f3n entre las distintas universidades p\u00fablicas andaluzas. Su car\u00e1cter no consolidado y su escasa cuant\u00eda limitan gravemente su eficacia, por todo lo cual exigimos que la Junta de Andaluc\u00eda garantice su consolidaci\u00f3n en el tiempo y una dotaci\u00f3n econ\u00f3mica suficiente, con criterios objetivos, transparentes y estables, para avanzar hacia un sistema universitario p\u00fablico cohesionado, equilibrado y verdaderamente equitativo.<\/p>\n<p><a href=\"https:\/\/www.upo.es\/diario\/wp-content\/uploads\/2024\/12\/AUPA-Identidad-Imagotipo-vertical.png\" rel=\"nofollow noopener\" target=\"_blank\"><img loading=\"lazy\" decoding=\"async\" class=\"alignright size-medium wp-image-30884666\" src=\"https:\/\/www.europesays.com\/es\/wp-content\/uploads\/2025\/12\/AUPA-Identidad-Imagotipo-vertical-420x279.png\" alt=\"Universidades P\u00fablicas de Andaluc\u00eda\" width=\"420\" height=\"279\"  \/><\/a>La principal reivindicaci\u00f3n de las universidades p\u00fablicas andaluzas es, no obstante, el cumplimiento estricto de lo dispuesto en la Ley Org\u00e1nica 2\/2023, de 22 de marzo, del Sistema Universitario (LOSU), que establece la obligaci\u00f3n de garantizar una financiaci\u00f3n basal suficiente. En particular, el art\u00edculo 55 de la LOSU dispone que dicha financiaci\u00f3n deber\u00e1 cubrir, al menos, los gastos de personal, los gastos corrientes y las inversiones necesarias para el adecuado funcionamiento de las universidades p\u00fablicas y para el cumplimiento de sus funciones de docencia, investigaci\u00f3n, transferencia del conocimiento e innovaci\u00f3n. El incumplimiento de este mandato legal, de car\u00e1cter b\u00e1sico y vinculante, sit\u00faa al sistema universitario p\u00fablico andaluz en una posici\u00f3n de clara vulnerabilidad financiera y supone una contravenci\u00f3n directa del marco normativo estatal vigente.<\/p>\n<p>Por \u00faltimo, le reclamamos al presidente de la Junta de Andaluc\u00eda que cumpla con la palabra dada en sede universitaria, donde se comprometi\u00f3 a a\u00f1adir a sus obligaciones emanadas del modelo de financiaci\u00f3n, y a sus compromisos suscritos en Sevilla y Ja\u00e9n, otros 16 millones de euros destinados a sostenibilidad y digitalizaci\u00f3n de las universidades. Una partida adicional que ahora desaparece del reparto efectuado por parte de la Junta de Andaluc\u00eda.<\/p>\n<p>Las universidades p\u00fablicas prestamos un servicio estrat\u00e9gico a la sociedad andaluza, sin el cual se reducir\u00edan de forma dram\u00e1tica nuestros niveles de desarrollo econ\u00f3mico y social. En nuestros campus se forma, en igualdad de oportunidades, a las pr\u00f3ximas generaciones de andaluces y andaluzas, y se produce nuevo conocimiento que despu\u00e9s se transfiere a las empresas e instituciones, multiplicando por cinco la inversi\u00f3n recibida. Y todo ello lo realizamos con plena transparencia y los m\u00e1ximos est\u00e1ndares de fiscalizaci\u00f3n y control por parte de los poderes p\u00fablicos.<\/p>\n<p>Esta situaci\u00f3n est\u00e1 debilitando de manera progresiva el sistema p\u00fablico universitario andaluz, un pilar imprescindible para el progreso y la igualdad de oportunidades de nuestra tierra.<\/p>\n<p>Por todo ello, y de persistir los incumplimientos del Gobierno andaluz respecto de las obligaciones y compromisos asumidos con el sistema, las universidades p\u00fablicas de Andaluc\u00eda defenderemos a trav\u00e9s de las acciones legales que correspondan el cumplimiento del modelo.<\/p>\n","protected":false},"excerpt":{"rendered":"Nosotros, la comunidad universitaria, le exigimos al Gobierno andaluz que cumpla sus obligaciones y compromisos financieros con el&hellip;\n","protected":false},"author":2,"featured_media":297510,"comment_status":"","ping_status":"","sticky":false,"template":"","format":"standard","meta":{"footnotes":""},"categories":[8],"tags":[17,18,25,24,13,14,11,19,20,9,10,15,16,23,12,21,22],"class_list":{"0":"post-297509","1":"post","2":"type-post","3":"status-publish","4":"format-standard","5":"has-post-thumbnail","7":"category-espana","8":"tag-breaking-news","9":"tag-breakingnews","10":"tag-es","11":"tag-espana","12":"tag-featured-news","13":"tag-featurednews","14":"tag-headlines","15":"tag-latest-news","16":"tag-latestnews","17":"tag-news","18":"tag-noticias","19":"tag-noticias-destacadas","20":"tag-noticiasdestacadas","21":"tag-spain","22":"tag-titulares","23":"tag-ultimas-noticias","24":"tag-ultimasnoticias"},"share_on_mastodon":{"url":"https:\/\/pubeurope.com\/@es\/115750746905503099","error":""},"_links":{"self":[{"href":"https:\/\/www.europesays.com\/es\/wp-json\/wp\/v2\/posts\/297509","targetHints":{"allow":["GET"]}}],"collection":[{"href":"https:\/\/www.europesays.com\/es\/wp-json\/wp\/v2\/posts"}],"about":[{"href":"https:\/\/www.europesays.com\/es\/wp-json\/wp\/v2\/types\/post"}],"author":[{"embeddable":true,"href":"https:\/\/www.europesays.com\/es\/wp-json\/wp\/v2\/users\/2"}],"replies":[{"embeddable":true,"href":"https:\/\/www.europesays.com\/es\/wp-json\/wp\/v2\/comments?post=297509"}],"version-history":[{"count":0,"href":"https:\/\/www.europesays.com\/es\/wp-json\/wp\/v2\/posts\/297509\/revisions"}],"wp:featuredmedia":[{"embeddable":true,"href":"https:\/\/www.europesays.com\/es\/wp-json\/wp\/v2\/media\/297510"}],"wp:attachment":[{"href":"https:\/\/www.europesays.com\/es\/wp-json\/wp\/v2\/media?parent=297509"}],"wp:term":[{"taxonomy":"category","embeddable":true,"href":"https:\/\/www.europesays.com\/es\/wp-json\/wp\/v2\/categories?post=297509"},{"taxonomy":"post_tag","embeddable":true,"href":"https:\/\/www.europesays.com\/es\/wp-json\/wp\/v2\/tags?post=297509"}],"curies":[{"name":"wp","href":"https:\/\/api.w.org\/{rel}","templated":true}]}}