{"id":297511,"date":"2025-12-20T07:36:08","date_gmt":"2025-12-20T07:36:08","guid":{"rendered":"https:\/\/www.europesays.com\/es\/297511\/"},"modified":"2025-12-20T07:36:08","modified_gmt":"2025-12-20T07:36:08","slug":"calle-de-la-salsa-beneficia-a-los-comerciantes-del-barrio-obrero-que-le-apuestan-a-la-inversion","status":"publish","type":"post","link":"https:\/\/www.europesays.com\/es\/297511\/","title":{"rendered":"Calle de la Salsa beneficia a los comerciantes del barrio Obrero que le apuestan a la inversi\u00f3n"},"content":{"rendered":"<ul>&#13;<\/p>\n<li>Durante la Feria de Cali 2025, se estima llegar\u00e1 un promedio de 38.000 visitantes al barrio Obrero, con un consumo tur\u00edstico directo estimado en $2.660 millones.<br \/>&#13;<br \/>\n\t\u00a0<\/li>\n<p>&#13;<\/p>\n<li>El Obrero representar\u00e1 el 4,2 % del gasto tur\u00edstico total de la Feria, aportando un 17,83 % al crecimiento de los ingresos tur\u00edsticos de la ciudad<\/li>\n<p>&#13;\n<\/ul>\n<p>\u00a0<\/p>\n<p><strong>Santiago de Cali, 19 de diciembre de 2025<\/strong><\/p>\n<p>\u00a0<\/p>\n<p>El concierto Feria del Obrero: Calle de la Salsa; un universo cultural, musical y gastron\u00f3mico, que se realiz\u00f3 este viernes en el parque del barrio Obrero de Cali lleg\u00f3 tambi\u00e9n como abrebocas del impulso econ\u00f3mico que tendr\u00e1 el sector durante la 68 Feria de Cali, que le apuesta a los comerciantes y emprendedores del sector.<\/p>\n<p>Con los ingresos generados en esta actividad el desarrollo econ\u00f3mico del barrio Obrero se beneficia en la previa a la feria y con la entrega de las obras de renovaci\u00f3n del sector.<\/p>\n<p>As\u00ed, Jauman Mu\u00f1oz, empresario del sector que justo este viernes 19 de diciembre, en medio de las actividades del concierto, abri\u00f3 su negocio de venta de cervezas, afirma que todo comenz\u00f3 como \u201cun proyecto\u201d, \u201cse fue creando, se fue creando, con la ayuda de Bavaria, llegamos a esto. Todos pusimos un granito de arena para esto de hoy en d\u00eda\u201d.<\/p>\n<p>Asimismo indic\u00f3 que este momento que vive el barrio Obrero de renovaci\u00f3n es \u201cun buen proyecto de parte del alcalde Alejandro Eder, me pareci\u00f3 sensacional y dije, vamos a invertir y todo sali\u00f3 bien\u201d.<\/p>\n<p>Mu\u00f1oz indic\u00f3 que con el prop\u00f3sito de \u201cque haya mas trabajo, de que las personas se puedan beneficiar\u201d, Bavaria tiene un gran proyecto regulando el valor de la cerveza para que sea a un precio favorable\u201d.<\/p>\n<p>Y frente a lo que se viene en la Feria de Cali y despu\u00e9s de la inauguraci\u00f3n de las obras, \u201cesto va a ser un furor, el bulevar de la salsa es un furor, es un proyecto muy bueno y todo va a salir muy bien\u201d.<\/p>\n<p>El concierto Feria del Obrero: Calle de la Salsa, llevado a cabo por la administraci\u00f3n del alcalde Alejandro Eder, sirvi\u00f3 tambi\u00e9n de espacio para la feria gastron\u00f3mica Cali Sabe a Barrio 2025, que reuni\u00f3 cerca de una treintena denestands de cocina y emprendimientos del Barrio Obrero.<\/p>\n<p>El cierre de un d\u00eda m\u00e1gico para el barrio Obrero cont\u00f3 con la presencia esta noche de Henry Fiol, La Orquesta de \u00c1ngel Lebr\u00f3n, Kim de los Santos y Alfredito de la Fe quienes encabezan el concierto gratuito.<\/p>\n<p>En el barrio Obrero la Feria de Cali abrir\u00e1 \u00a0entre 150 y 200 plazas temporales de empleo, contribuyendo al impulso social y econ\u00f3mico del territorio.<\/p>\n<p>\u00a0<\/p>\n<p>\u00a0<\/p>\n<p><strong>#As\u00edRecuperamosCali<\/strong><\/p>\n<p><strong>Comunicaciones \u2013 Alcald\u00eda de Santiago de Cali<\/strong><\/p>\n","protected":false},"excerpt":{"rendered":"&#13; Durante la Feria de Cali 2025, se estima llegar\u00e1 un promedio de 38.000 visitantes al barrio Obrero,&hellip;\n","protected":false},"author":2,"featured_media":297512,"comment_status":"","ping_status":"","sticky":false,"template":"","format":"standard","meta":{"footnotes":""},"categories":[5],"tags":[17,18,25,24,13,14,11,19,20,9,10,15,16,23,12,21,22],"class_list":{"0":"post-297511","1":"post","2":"type-post","3":"status-publish","4":"format-standard","5":"has-post-thumbnail","7":"category-titulares","8":"tag-breaking-news","9":"tag-breakingnews","10":"tag-es","11":"tag-espana","12":"tag-featured-news","13":"tag-featurednews","14":"tag-headlines","15":"tag-latest-news","16":"tag-latestnews","17":"tag-news","18":"tag-noticias","19":"tag-noticias-destacadas","20":"tag-noticiasdestacadas","21":"tag-spain","22":"tag-titulares","23":"tag-ultimas-noticias","24":"tag-ultimasnoticias"},"share_on_mastodon":{"url":"https:\/\/pubeurope.com\/@es\/115750750332755285","error":""},"_links":{"self":[{"href":"https:\/\/www.europesays.com\/es\/wp-json\/wp\/v2\/posts\/297511","targetHints":{"allow":["GET"]}}],"collection":[{"href":"https:\/\/www.europesays.com\/es\/wp-json\/wp\/v2\/posts"}],"about":[{"href":"https:\/\/www.europesays.com\/es\/wp-json\/wp\/v2\/types\/post"}],"author":[{"embeddable":true,"href":"https:\/\/www.europesays.com\/es\/wp-json\/wp\/v2\/users\/2"}],"replies":[{"embeddable":true,"href":"https:\/\/www.europesays.com\/es\/wp-json\/wp\/v2\/comments?post=297511"}],"version-history":[{"count":0,"href":"https:\/\/www.europesays.com\/es\/wp-json\/wp\/v2\/posts\/297511\/revisions"}],"wp:featuredmedia":[{"embeddable":true,"href":"https:\/\/www.europesays.com\/es\/wp-json\/wp\/v2\/media\/297512"}],"wp:attachment":[{"href":"https:\/\/www.europesays.com\/es\/wp-json\/wp\/v2\/media?parent=297511"}],"wp:term":[{"taxonomy":"category","embeddable":true,"href":"https:\/\/www.europesays.com\/es\/wp-json\/wp\/v2\/categories?post=297511"},{"taxonomy":"post_tag","embeddable":true,"href":"https:\/\/www.europesays.com\/es\/wp-json\/wp\/v2\/tags?post=297511"}],"curies":[{"name":"wp","href":"https:\/\/api.w.org\/{rel}","templated":true}]}}