{"id":297515,"date":"2025-12-20T07:42:07","date_gmt":"2025-12-20T07:42:07","guid":{"rendered":"https:\/\/www.europesays.com\/es\/297515\/"},"modified":"2025-12-20T07:42:07","modified_gmt":"2025-12-20T07:42:07","slug":"la-clasica-de-almeria-recorrera-de-nuevo-todo-el-poniente-almeriense-y-prepara-cambios-en-su-trazado-para-2026-esciclismo-com","status":"publish","type":"post","link":"https:\/\/www.europesays.com\/es\/297515\/","title":{"rendered":"La Cl\u00e1sica de Almer\u00eda recorrer\u00e1 de nuevo todo el Poniente almeriense y prepara cambios en su trazado para 2026 &#8211; EsCiclismo.com"},"content":{"rendered":"<ol>\n<li><a href=\"https:\/\/news.google.com\/rss\/articles\/CBMiakFVX3lxTFBLd2NxSkhRUHpCWW5GOUlaYzFTUzRqejRMNkNsT2Jxa0RDeG1CcnBrM1F1Z2pEMnVMMkpyZjFWbzRSUGdURU4xdkRXZXo3aXdOQ2NRcUpiR1hKUVd1cDNWVXBINzRJQVNOeGc?oc=5\" target=\"_blank\" rel=\"nofollow noopener\">La Cl\u00e1sica de Almer\u00eda recorrer\u00e1 de nuevo todo el Poniente almeriense y prepara cambios en su trazado para 2026<\/a>&nbsp;&nbsp;EsCiclismo.com<\/li>\n<li><a href=\"https:\/\/news.google.com\/rss\/articles\/CBMitgFBVV95cUxOZlNhRnkyd3lxaXBua0oxdnVMSHUwN1RGZlYyTnhCeUJHUWZfNHFCTnkyQzJMOWNjWGdIN2dZWVk4V3JEUTBfMjRMYU91RDlIMldxWk9aTDU0aUxMUnpSekJNc19KRkE1RTN5dDhwbjh0YjB1ZkJBYldlcURFQl91SUR2eG5ONUhmVEFfS0Uxd24wSm9MS2VudU8xSVFpX0o5QWs0MFIxY3lvLVZZdkc4aEF0cldvQdIBygFBVV95cUxNV2hYU1pzYXhZUnlkU1BfUG9QenFBeWNzS3IwR3M4bFR2a0l2WVFNNld4NW4weUdzOWVKLXg3R0wxSTVYMzgtU1JEMHg0aDg0QlZQMDVoUkIxeEg4endvVEFwZTVjNTlJNFBXb2FOWmg2S2xOUF9kQk1Ua0JjTFpyV18wcU9FMkhCR2R6NjFMc3BXOFlYVU5nVUZlYzNLLXFZaW1nU3cxQ0c4SktDNkFaUnl5R0ZqOTJ6bFUtc2ZNTEFLbVNXT19VcVJR?oc=5\" target=\"_blank\" rel=\"nofollow noopener\">La Cl\u00e1sica recorrer\u00e1 los municipios del Poniente almeriense<\/a>&nbsp;&nbsp;Cadena SER<\/li>\n<li><a href=\"https:\/\/news.google.com\/rss\/articles\/CBMiyAFBVV95cUxQR0xud2ZwUFJiVVR1aUk5ZkdCSWZQeFh6S3l1Wm91S05kOXZkeFp4ZVNJREFuUDBPaWZvM3pvaVRxUUJOM3lSRFNKeWhjVXgwSHNYSUVKZndkdlhlSXZpNXBQeFpnNzI4bFVGOU45YjNYbTViUXVEQzZybURickZXZW50T0JBZkFLakdYM0d6T0l6OVpJTFZrempiMWRVTnhaTlpEQzJRcmtNZnV4WkQzRkthNlJlZ1ZWa2EwTEx6Qlc3MUItYWhOcdIB3AFBVV95cUxOY0ZBWXB6QXNXeERralBnd05vLWRBZ3hMT3pVVnI1NWdaQTFGVnhmYzlVMXBhVW9VTWd1eGc5YzlnTElkdkZxVXBjZDRxZjFVLXdJN2NWRHhpQmFoLVZabFNjWEN2dW5ZOF95STFldjNyMERxdl9JUVBBekJOYkZOYmJHQVV3T1hTUE04NEM2V3VIQTV1VUZVR1Z2T25CRWdwTS1WVzY4TW8xRGtINWc4Ti1lQzFwZUg4OTB5V2JhWlpJck1qZ1dXODRNeG8yaGI0WkFzOVExZmNqUVpt?oc=5\" target=\"_blank\" rel=\"nofollow noopener\">La Cl\u00e1sica de Almer\u00eda modificar\u00e1 la parte central de su recorrido<\/a>&nbsp;&nbsp;La Raz\u00f3n<\/li>\n<li><a href=\"https:\/\/news.google.com\/rss\/articles\/CBMizAFBVV95cUxOT0dQWjR2ZElrWnVtQVVmWi04eUdkMnMwUVNMQXBJa29oMXFzSmFHUk80MnpTRVozQ2hPRUtKSTVHaEIySGx3YVJrSHlVZC1heV8zZ1JlbDBWemdHNlZ2clpYZ3J4RlhlQnUyWFVhZ3VDVzkwR2RIR2hBZFdnZGJZZF9UUUhZVi10VDFXNHdfZTFlU2tla0h4Zlh2SVdZenBPOEp0MVg3QzZSSldZeHBySlRXNHJCZU9ucl82aEhqbVZLbVU4blNCcmpuOTc?oc=5\" target=\"_blank\" rel=\"nofollow noopener\">La Cl\u00e1sica de Almer\u00eda 2026 recorrer\u00e1 todo el Poniente: Novedades y cambios<\/a>&nbsp;&nbsp;Bikezona.com<\/li>\n<\/ol>\n","protected":false},"excerpt":{"rendered":"La Cl\u00e1sica de Almer\u00eda recorrer\u00e1 de nuevo todo el Poniente almeriense y prepara cambios en su trazado para&hellip;\n","protected":false},"author":2,"featured_media":297516,"comment_status":"","ping_status":"","sticky":false,"template":"","format":"standard","meta":{"footnotes":""},"categories":[273],"tags":[5644,33113,53694,4860,1568,313,2683,44208,4068,312,168,11956,2197,53083,25,10506,24,5407,1903,43468,1783,1179,9843,6010,70815,11671,3850,2761,53894,54945,8643,5294,23,167,702,11214,1079,850,7705],"class_list":{"0":"post-297515","1":"post","2":"type-post","3":"status-publish","4":"format-standard","5":"has-post-thumbnail","7":"category-ciclismo","8":"tag-almeria","9":"tag-almeriense","10":"tag-aposto","11":"tag-carrera","12":"tag-categoria","13":"tag-ciclismo","14":"tag-clasica","15":"tag-clasificada","16":"tag-comarca","17":"tag-cycling","18":"tag-deportes","19":"tag-desde","20":"tag-edicion","21":"tag-ella","22":"tag-es","23":"tag-esencia","24":"tag-espana","25":"tag-fiel","26":"tag-historico","27":"tag-inicios","28":"tag-la","29":"tag-mas","30":"tag-masculina","31":"tag-municipios","32":"tag-poniente","33":"tag-pro","34":"tag-proxima","35":"tag-prueba","36":"tag-recorrera","37":"tag-reforzando","38":"tag-ser","39":"tag-siete","40":"tag-spain","41":"tag-sports","42":"tag-territorio","43":"tag-uci","44":"tag-vez","45":"tag-vinculo","46":"tag-volvera"},"share_on_mastodon":{"url":"https:\/\/pubeurope.com\/@es\/115750773919532565","error":""},"_links":{"self":[{"href":"https:\/\/www.europesays.com\/es\/wp-json\/wp\/v2\/posts\/297515","targetHints":{"allow":["GET"]}}],"collection":[{"href":"https:\/\/www.europesays.com\/es\/wp-json\/wp\/v2\/posts"}],"about":[{"href":"https:\/\/www.europesays.com\/es\/wp-json\/wp\/v2\/types\/post"}],"author":[{"embeddable":true,"href":"https:\/\/www.europesays.com\/es\/wp-json\/wp\/v2\/users\/2"}],"replies":[{"embeddable":true,"href":"https:\/\/www.europesays.com\/es\/wp-json\/wp\/v2\/comments?post=297515"}],"version-history":[{"count":0,"href":"https:\/\/www.europesays.com\/es\/wp-json\/wp\/v2\/posts\/297515\/revisions"}],"wp:featuredmedia":[{"embeddable":true,"href":"https:\/\/www.europesays.com\/es\/wp-json\/wp\/v2\/media\/297516"}],"wp:attachment":[{"href":"https:\/\/www.europesays.com\/es\/wp-json\/wp\/v2\/media?parent=297515"}],"wp:term":[{"taxonomy":"category","embeddable":true,"href":"https:\/\/www.europesays.com\/es\/wp-json\/wp\/v2\/categories?post=297515"},{"taxonomy":"post_tag","embeddable":true,"href":"https:\/\/www.europesays.com\/es\/wp-json\/wp\/v2\/tags?post=297515"}],"curies":[{"name":"wp","href":"https:\/\/api.w.org\/{rel}","templated":true}]}}