{"id":297525,"date":"2025-12-20T07:49:09","date_gmt":"2025-12-20T07:49:09","guid":{"rendered":"https:\/\/www.europesays.com\/es\/297525\/"},"modified":"2025-12-20T07:49:09","modified_gmt":"2025-12-20T07:49:09","slug":"del-fracaso-no-embellecido-television","status":"publish","type":"post","link":"https:\/\/www.europesays.com\/es\/297525\/","title":{"rendered":"Del fracaso no embellecido | Televisi\u00f3n"},"content":{"rendered":"<p class=\"\">Siempre ha tenido prestigio y glamur en el cine la est\u00e9tica del fracaso. A condici\u00f3n de estar representada por gente tan hipn\u00f3tica como Bogart, Mitchum, Newman, Wayne, Fonda, Brando, McQueen. Perd\u00edan partidas decisivas en su vida, pero su encanto permanec\u00eda intacto e incluso aumentaba en la percepci\u00f3n de los espectadores. Todav\u00eda les admir\u00e1bamos m\u00e1s, pero si prescindimos de esos seres mitol\u00f3gicos constatamos que los perdedores en la vida real, sin adornos, arrastran una existencia muy dura, provocan la compasi\u00f3n de los que los observamos, carecen de coartadas embellecedoras. Nos ponen tensos a los observadores de su ruina cotidiana. <\/p>\n<p>M\u00e1s informaci\u00f3n<\/p>\n<p class=\"\">Cuentan maravillas de la veracidad, el sentimiento y la pena que inspira <a href=\"https:\/\/elpais.com\/television\/series\/2025-11-07\/yakarta-el-canto-a-la-derrota-de-diego-san-jose-perder-nos-hace-buenos.html\" target=\"_blank\" rel=\"nofollow noopener\" title=\"https:\/\/elpais.com\/television\/series\/2025-11-07\/yakarta-el-canto-a-la-derrota-de-diego-san-jose-perder-nos-hace-buenos.html\">la serie Yakarta<\/a> (Movistar Plus+), creada por Diego San Jos\u00e9, se\u00f1or que aqu\u00ed no se permite su acreditado sentido del humor y de la iron\u00eda. Todo roza el patetismo, la tristeza y la depresi\u00f3n. Habla de las heridas antiguas que permanecen. Es la historia de un fulano muy desesperado que cree poder resarcirse de su permanente derrota vital entrenando al b\u00e1dminton a una cr\u00eda y haci\u00e9ndola campeona. Vale. Todo es sombr\u00edo detr\u00e1s de su ansia de reivindicarse a s\u00ed mismo con la victoria de la ni\u00f1a. Posteriormente nos iremos enterando de los ancestrales motivos de la infelicidad de este hombre. <\/p>\n<p class=\"\">Observo los dos primeros cap\u00edtulos con escaso entusiasmo y estoy a punto de aparcarlo. Pero contin\u00fao. Existe algo que me atrae mucho y es la interpretaci\u00f3n de una adolescente llamada <a href=\"https:\/\/elpais.com\/cultura\/2023-01-20\/carla-quilez-protagonista-de-la-maternal-ojala-pusieran-mi-embarazo-en-todos-los-institutos.html\" target=\"_self\" rel=\"nofollow noopener\" title=\"https:\/\/elpais.com\/cultura\/2023-01-20\/carla-quilez-protagonista-de-la-maternal-ojala-pusieran-mi-embarazo-en-todos-los-institutos.html\">Carla Qu\u00edlez<\/a>. Esta ni\u00f1a transmite verdad, amargura, nobleza subterr\u00e1nea, mala leche. Tambi\u00e9n son muy cre\u00edbles las apariciones de Marina Guerola y Pilar G\u00f3mez, dando vida a las generosas, pero l\u00facidas y temblorosas hija y mujer del entrenador. <\/p>\n<p class=\"\"><a href=\"https:\/\/elpais.com\/icon\/2025-10-31\/javier-camara-yo-he-fracasado-mucho-en-la-vida-incluso-algunos-de-mis-exitos-profesionales-los-he-vivido-como-fracasos.html\" target=\"_self\" rel=\"nofollow noopener\" title=\"https:\/\/elpais.com\/icon\/2025-10-31\/javier-camara-yo-he-fracasado-mucho-en-la-vida-incluso-algunos-de-mis-exitos-profesionales-los-he-vivido-como-fracasos.html\">Javier C\u00e1mara<\/a> me parece buen actor, pero casi siempre me cuesta conectar con su intensidad psicol\u00f3gica. Y por supuesto no tengo la menor pasi\u00f3n hacia el bingo ni el b\u00e1dminton. Que el personaje sea alcoh\u00f3lico y est\u00e9 enganchado hasta el tormento con esa loter\u00eda tampoco le dota de un atractivo especial para mis gustos. Y lamento mucho las cabronadas que tuvo que sufrir de ni\u00f1o. Consumo esta serie sin demasiada emoci\u00f3n, la que s\u00ed han sentido tantos espectadores. Peor para m\u00ed.<\/p>\n","protected":false},"excerpt":{"rendered":"Siempre ha tenido prestigio y glamur en el cine la est\u00e9tica del fracaso. A condici\u00f3n de estar representada&hellip;\n","protected":false},"author":2,"featured_media":297526,"comment_status":"","ping_status":"","sticky":false,"template":"","format":"standard","meta":{"footnotes":""},"categories":[171],"tags":[146,147,25,24,1925,23,807,214],"class_list":{"0":"post-297525","1":"post","2":"type-post","3":"status-publish","4":"format-standard","5":"has-post-thumbnail","7":"category-tv","8":"tag-entertainment","9":"tag-entretenimiento","10":"tag-es","11":"tag-espana","12":"tag-opinion","13":"tag-spain","14":"tag-television","15":"tag-tv"},"share_on_mastodon":{"url":"https:\/\/pubeurope.com\/@es\/115750801736760146","error":""},"_links":{"self":[{"href":"https:\/\/www.europesays.com\/es\/wp-json\/wp\/v2\/posts\/297525","targetHints":{"allow":["GET"]}}],"collection":[{"href":"https:\/\/www.europesays.com\/es\/wp-json\/wp\/v2\/posts"}],"about":[{"href":"https:\/\/www.europesays.com\/es\/wp-json\/wp\/v2\/types\/post"}],"author":[{"embeddable":true,"href":"https:\/\/www.europesays.com\/es\/wp-json\/wp\/v2\/users\/2"}],"replies":[{"embeddable":true,"href":"https:\/\/www.europesays.com\/es\/wp-json\/wp\/v2\/comments?post=297525"}],"version-history":[{"count":0,"href":"https:\/\/www.europesays.com\/es\/wp-json\/wp\/v2\/posts\/297525\/revisions"}],"wp:featuredmedia":[{"embeddable":true,"href":"https:\/\/www.europesays.com\/es\/wp-json\/wp\/v2\/media\/297526"}],"wp:attachment":[{"href":"https:\/\/www.europesays.com\/es\/wp-json\/wp\/v2\/media?parent=297525"}],"wp:term":[{"taxonomy":"category","embeddable":true,"href":"https:\/\/www.europesays.com\/es\/wp-json\/wp\/v2\/categories?post=297525"},{"taxonomy":"post_tag","embeddable":true,"href":"https:\/\/www.europesays.com\/es\/wp-json\/wp\/v2\/tags?post=297525"}],"curies":[{"name":"wp","href":"https:\/\/api.w.org\/{rel}","templated":true}]}}