{"id":297527,"date":"2025-12-20T07:50:28","date_gmt":"2025-12-20T07:50:28","guid":{"rendered":"https:\/\/www.europesays.com\/es\/297527\/"},"modified":"2025-12-20T07:50:28","modified_gmt":"2025-12-20T07:50:28","slug":"vuelve-la-carey-por-joaquin-luna","status":"publish","type":"post","link":"https:\/\/www.europesays.com\/es\/297527\/","title":{"rendered":"vuelve la Carey, por Joaqu\u00edn Luna"},"content":{"rendered":"<p data-gtm-element-container=\"modulo-texto-link\" class=\"paragraph\">Dios envi\u00f3 a Jesucristo a la tierra un 25 de diciembre y, como castigo por darle crucifixi\u00f3n, cada Navidad nos endosa, a\u00f1o tras a\u00f1o desde 1994, el presunto villancico All I want for Christmas is you de Mariah Carey, en el que mucho rechazar regalos para acabar sonando en todos los centros comerciales del planeta.<\/p>\n<p data-gtm-element-container=\"modulo-texto-link\" class=\"paragraph\">Al parecer, estamos ante la canci\u00f3n m\u00e1s exitosa del periodo navide\u00f1o, la banda sonora \u2013\u00a1ch\u00fapate esa!\u2013 de estos d\u00edas de enajenaci\u00f3n y la confirmaci\u00f3n de la rendici\u00f3n de Europa a EE.UU. y de lo que le falta a China para dominar el mundo (dominar el estilo de vida).<\/p>\n<p>                <img loading=\"lazy\" decoding=\"async\" data-full-src=\"https:\/\/www.lavanguardia.com\/uploads\/2025\/12\/16\/6941a3eeb4995.jpeg\" alt=\"undefined\" width=\"449\" height=\"435\" src=\"https:\/\/www.europesays.com\/es\/wp-content\/uploads\/2025\/12\/6941a3eeb4995.jpeg\" class=\"lazy\"\/><\/p>\n<p class=\"caption-title \">\u00a0<\/p>\n<p>                    Otras fuentes<\/p>\n<p data-gtm-element-container=\"modulo-texto-link\" class=\"paragraph\">No se me ocurre mayor tortura y alegr\u00eda para estas fiestas que la de atar a un ejemplar de la familia pol\u00edtica el d\u00eda de Navidad, taparle la boca con cinta aislante y dejarlo hora, hora y media con All I want for Christmas is you en bucle mientras los m\u00e1s peque\u00f1os bailan en corro una danza apache.<\/p>\n<p data-gtm-element-container=\"modulo-texto-link\" class=\"paragraph\">\u00a1Si jugamos a yanquis, jugamos!<\/p>\n<p data-gtm-element-container=\"modulo-texto-link\" class=\"paragraph\">Yo ya entiendo que ciertas canciones revitalizan el comercio y son motor del optimismo sin el cual uno no pisar\u00eda una galer\u00edas, unos grandes almacenes o un shopping mall estas fechas. El problema est\u00e1 en el empalago que provoca la canci\u00f3n, digno de aquellos polvorones que entraban en las casas por Navidad y no terminaban en la basura hasta mayo.<\/p>\n<p>A diferencia de \u2018Los peces en el r\u00edo\u2019, \u2018All I want for Christmas is you\u2019 exige afinar<\/p>\n<p data-gtm-element-container=\"modulo-texto-link\" class=\"paragraph\">Por culpa de Mariah Carey y su afamada canci\u00f3n, el patrimonio cultural espa\u00f1ol est\u00e1 perdiendo su gran himno navide\u00f1o, surrealista y et\u00edlico: Los peces en el r\u00edo. Y digo et\u00edlico porque solo una mente obnubilada por el co\u00f1ac, el an\u00eds Machaquito o los bombones con alcohol que se zampaban los menores puede cantar sin pesta\u00f1ear \u201cmira como beben los peces en el r\u00edo&#8230; y vuelven a beber\u201d. \u00bfAcaso no es surrealismo y ganas de estigmatizar las truchas, los salmones y otras especies fluviales, si bien es cierto que pegan saltos y dan unas piruetas fuera del r\u00edo propias de \u00adborrachuzos?<\/p>\n<p>        Lee tambi\u00e9n<\/p>\n<p>    Joaqu\u00edn Luna<\/p>\n<p>             <img loading=\"lazy\" decoding=\"async\" data-full-src=\"https:\/\/www.lavanguardia.com\/uploads\/2023\/03\/04\/64037452dd2b6.jpeg\" alt=\"Horizontal\" width=\"104\" height=\"108\" src=\"https:\/\/www.europesays.com\/es\/wp-content\/uploads\/2025\/12\/64037452dd2b6.jpeg\" class=\"lazy\"\/><\/p>\n<p data-gtm-element-container=\"modulo-texto-link\" class=\"paragraph\">Los amigos de Mariah Carey dir\u00e1n misa, pero se trata de un villancico imposible de cantar a grito pelado y en compa\u00f1\u00eda, dos imperativos propios del g\u00e9nero, que no exige afinar ni dominar el ingl\u00e9s. A menos, claro, que la canci\u00f3n sea un gui\u00f1o extraconyugal&#8230;<\/p>\n","protected":false},"excerpt":{"rendered":"Dios envi\u00f3 a Jesucristo a la tierra un 25 de diciembre y, como castigo por darle crucifixi\u00f3n, cada&hellip;\n","protected":false},"author":2,"featured_media":297528,"comment_status":"","ping_status":"","sticky":false,"template":"","format":"standard","meta":{"footnotes":""},"categories":[170],"tags":[146,147,25,24,184,185,23],"class_list":{"0":"post-297527","1":"post","2":"type-post","3":"status-publish","4":"format-standard","5":"has-post-thumbnail","7":"category-musica","8":"tag-entertainment","9":"tag-entretenimiento","10":"tag-es","11":"tag-espana","12":"tag-music","13":"tag-musica","14":"tag-spain"},"share_on_mastodon":{"url":"https:\/\/pubeurope.com\/@es\/115750805785597274","error":""},"_links":{"self":[{"href":"https:\/\/www.europesays.com\/es\/wp-json\/wp\/v2\/posts\/297527","targetHints":{"allow":["GET"]}}],"collection":[{"href":"https:\/\/www.europesays.com\/es\/wp-json\/wp\/v2\/posts"}],"about":[{"href":"https:\/\/www.europesays.com\/es\/wp-json\/wp\/v2\/types\/post"}],"author":[{"embeddable":true,"href":"https:\/\/www.europesays.com\/es\/wp-json\/wp\/v2\/users\/2"}],"replies":[{"embeddable":true,"href":"https:\/\/www.europesays.com\/es\/wp-json\/wp\/v2\/comments?post=297527"}],"version-history":[{"count":0,"href":"https:\/\/www.europesays.com\/es\/wp-json\/wp\/v2\/posts\/297527\/revisions"}],"wp:featuredmedia":[{"embeddable":true,"href":"https:\/\/www.europesays.com\/es\/wp-json\/wp\/v2\/media\/297528"}],"wp:attachment":[{"href":"https:\/\/www.europesays.com\/es\/wp-json\/wp\/v2\/media?parent=297527"}],"wp:term":[{"taxonomy":"category","embeddable":true,"href":"https:\/\/www.europesays.com\/es\/wp-json\/wp\/v2\/categories?post=297527"},{"taxonomy":"post_tag","embeddable":true,"href":"https:\/\/www.europesays.com\/es\/wp-json\/wp\/v2\/tags?post=297527"}],"curies":[{"name":"wp","href":"https:\/\/api.w.org\/{rel}","templated":true}]}}