{"id":297536,"date":"2025-12-20T07:55:21","date_gmt":"2025-12-20T07:55:21","guid":{"rendered":"https:\/\/www.europesays.com\/es\/297536\/"},"modified":"2025-12-20T07:55:21","modified_gmt":"2025-12-20T07:55:21","slug":"apple-no-da-con-la-solucion-para-el-ruido-por-estatica-de-los-airpods-pro-3-por-que-gadgets-smartlife","status":"publish","type":"post","link":"https:\/\/www.europesays.com\/es\/297536\/","title":{"rendered":"Apple no da con la soluci\u00f3n para el ruido por est\u00e1tica de los AirPods Pro 3, \u00bfpor qu\u00e9? | Gadgets | Smartlife"},"content":{"rendered":"<p class=\"\">Desde su lanzamiento, los <b>AirPods Pro 3<\/b> han sido bien valorados -en especial por las mejoras en la cancelaci\u00f3n activa de ruido-. Sin embargo, al poco tiempo de su llegada <a href=\"https:\/\/discussions.apple.com\/thread\/256142456?sortBy=rank\" target=\"_blank\" rel=\"nofollow noopener\" title=\"https:\/\/discussions.apple.com\/thread\/256142456?sortBy=rank\">aparecieron quejas<\/a> debido a un <b>problema<\/b> que empa\u00f1a la experiencia de uso: sonidos est\u00e1ticos, crujidos y silbidos agudos que se presentan de forma intermitente\u2026 especialmente cuando la ANC est\u00e1 activada y no se reproduce contenido. Este fallo no solo afecta a la comodidad auditiva, sino que tambi\u00e9n plantea dudas sobre la capacidad de Apple para ofrecer una soluci\u00f3n definitiva debido a que, <b>hasta la fecha, no ha dado con la tecla<\/b>.<\/p>\n<p>\u00bfQu\u00e9 ocurre con los AirPods Pro 3?<\/p>\n<p class=\"\">Los <a href=\"https:\/\/cincodias.elpais.com\/smartlife\/gadgets\/2025-10-30\/airpods-pro-3-problema-ruidos.html\" target=\"_self\" rel=\"nofollow noopener\" title=\"https:\/\/cincodias.elpais.com\/smartlife\/gadgets\/2025-10-30\/airpods-pro-3-problema-ruidos.html\">datos indican que el problema<\/a> se manifiesta en situaciones concretas: ANC activada sin m\u00fasica -o incluso durante la reproducci\u00f3n, aunque con menor intensidad-. Algunos usuarios describen el sonido <b>como un \u201czumbido\u201d constante, otros lo comparan con el ruido de un ventilador o el murmullo del mar<\/b>. En casos m\u00e1s extremos, algunos se perciben silbidos agudos que resultan molestos en entornos silenciosos.<\/p>\n<p><img alt=\"Auriculares Apple AirPods Pro 3\" decoding=\"auto\" class=\"_re lazyload a_m-h\" height=\"287\"  width=\"414\"  src=\"https:\/\/www.europesays.com\/es\/wp-content\/uploads\/2025\/12\/F3K4WRRWHFEPJAO2VSIJOSN6FU.jpg\" loading=\"lazy\"\/>Apple AirPods Pro 3Apple<\/p>\n<p class=\"\">Este fen\u00f3meno no es nuevo en la gama Pro, todo hay que decirlo. Modelos anteriores tambi\u00e9n sufrieron defectos similares, lo que llev\u00f3 incluso a demandas colectivas en el pasado. La diferencia ahora es que, <b>pese a las actualizaciones de firmware, el problema persiste<\/b>.<\/p>\n<p>Actualizaciones que, por ahora, no son una soluci\u00f3n<\/p>\n<p class=\"\">Hay que recordar que <b>Apple ha lanzado dos actualizaciones de firmware<\/b> para los AirPods Pro 3: la versi\u00f3n 8B25 en noviembre y la 8B30 el 10 de diciembre. Ambas se anunciaron con la cl\u00e1sica descripci\u00f3n gen\u00e9rica: correcciones de errores y mejoras. Sin embargo, los usuarios afectados aseguran que <b>el ruido est\u00e1tico sigue presente<\/b>. Incluso se han reportado fallos adicionales, como problemas de latencia y desincronizaci\u00f3n de audio al ver v\u00eddeos (hablamos de lo siguiente: aunque la latencia en auriculares Bluetooth es habitual, los AirPods 3 parecen mostrar inconsistencias que afectan a la reproducci\u00f3n fluida). Para quienes usan estos auriculares en videollamadas o juegos, este detalle puede ser determinante.<\/p>\n<p class=\"\">Aunque algunos an\u00e1lisis independientes se\u00f1alan ligeras mejoras en la calidad del sonido y ajustes en la cancelaci\u00f3n de ruido tras la \u00faltima actualizaci\u00f3n, la realidad es que el defecto principal no se ha eliminado. El firmware 8B30, por ejemplo, parece haber <b>corregido un \u201chueco\u201d en la cancelaci\u00f3n<\/b> que dejaba pasar frecuencias altas, pero no ha resuelto el origen del ruido est\u00e1tico.<\/p>\n<p>\u00bfHardware o software? La gran inc\u00f3gnita<\/p>\n<p class=\"\">Apple no ha emitido un comunicado oficial que explique la causa del problema de los AirPods Pro 3 hasta la fecha. Las <b>sustituciones en tienda tampoco han sido la soluci\u00f3n<\/b> definitiva: varios usuarios que cambiaron sus auriculares por unidades nuevas se encontraron con el mismo fallo. Esto sugiere que no se trata \u00fanicamente de un defecto aislado de fabricaci\u00f3n, sino de algo m\u00e1s profundo, posiblemente <a href=\"https:\/\/cincodias.elpais.com\/smartlife\/gadgets\/2025-10-02\/airpods-pro-3-apple-video-interior.html\" target=\"_self\" rel=\"nofollow noopener\" title=\"https:\/\/cincodias.elpais.com\/smartlife\/gadgets\/2025-10-02\/airpods-pro-3-apple-video-interior.html\">relacionado con el dise\u00f1o<\/a> o la arquitectura interna del sistema ANC.<\/p>\n<p class=\"\">Algunos expertos apuntan a que la interacci\u00f3n entre los micr\u00f3fonos internos y el <b>algoritmo de cancelaci\u00f3n podr\u00eda generar interferencias<\/b> en determinadas condiciones, como ambientes muy silenciosos o cambios bruscos de presi\u00f3n. Otros mencionan factores externos, como acumulaci\u00f3n de humedad o incluso cerumen, que pueden alterar el rendimiento del sellado ac\u00fastico y provocar ruidos indeseados.<\/p>\n<p><img decoding=\"auto\" class=\"_re lazyload a_m-h\" height=\"233\"  width=\"414\"  src=\"https:\/\/www.europesays.com\/es\/wp-content\/uploads\/2025\/12\/EKKHN4DXQJBLFLBMJIR52PD6ZA.jpg\" loading=\"lazy\"\/>AirPods 3 ProApple<\/p>\n<p class=\"\">El caso es que, por todo lo dicho, son bastantes los usuarios reclaman que Apple ofrezca <b>detalles claros<\/b> sobre qu\u00e9 se corrige en cada versi\u00f3n y, sobre todo, si existe un plan para solucionar el problema de ra\u00edz. Habr\u00e1 que ver lo que ocurre, pero si todo se debe a dise\u00f1o o hardware, <b>la soluci\u00f3n es cuando menos complicada<\/b>.<\/p>\n<p>\u00bfHay soluciones temporales?<\/p>\n<p class=\"\">Mientras Apple trabaja en una respuesta definitiva, las recomendaciones m\u00e1s comunes al respecto incluyen <b>desactivar la cancelaci\u00f3n activa de ruido o utilizar el modo Transparencia<\/b>. Esto reduce el ruido est\u00e1tico, pero limita una de las funciones estrella del producto. Otros consejos para lo que les ocurre a los AirPods Pro 3 pasan por reiniciar los auriculares, comprobar el ajuste de las almohadillas y mantener el firmware actualizado. No obstante, estas medidas son paliativas y no garantizan la eliminaci\u00f3n completa del problema.<\/p>\n","protected":false},"excerpt":{"rendered":"Desde su lanzamiento, los AirPods Pro 3 han sido bien valorados -en especial por las mejoras en la&hellip;\n","protected":false},"author":2,"featured_media":297537,"comment_status":"","ping_status":"","sticky":false,"template":"","format":"standard","meta":{"footnotes":""},"categories":[81],"tags":[37788,2823,1771,119,123,124,2308,25,24,3826,16093,10904,117,121,122,23,118,120],"class_list":{"0":"post-297536","1":"post","2":"type-post","3":"status-publish","4":"format-standard","5":"has-post-thumbnail","7":"category-ciencia-y-tecnologia","8":"tag-airpods","9":"tag-apple","10":"tag-auriculares","11":"tag-ciencia","12":"tag-ciencia-y-tecnologia","13":"tag-cienciaytecnologia","14":"tag-empresas","15":"tag-es","16":"tag-espana","17":"tag-gadgets","18":"tag-hardware","19":"tag-informatica","20":"tag-science","21":"tag-science-and-technology","22":"tag-scienceandtechnology","23":"tag-spain","24":"tag-technology","25":"tag-tecnologia"},"share_on_mastodon":{"url":"https:\/\/pubeurope.com\/@es\/115750825498813362","error":""},"_links":{"self":[{"href":"https:\/\/www.europesays.com\/es\/wp-json\/wp\/v2\/posts\/297536","targetHints":{"allow":["GET"]}}],"collection":[{"href":"https:\/\/www.europesays.com\/es\/wp-json\/wp\/v2\/posts"}],"about":[{"href":"https:\/\/www.europesays.com\/es\/wp-json\/wp\/v2\/types\/post"}],"author":[{"embeddable":true,"href":"https:\/\/www.europesays.com\/es\/wp-json\/wp\/v2\/users\/2"}],"replies":[{"embeddable":true,"href":"https:\/\/www.europesays.com\/es\/wp-json\/wp\/v2\/comments?post=297536"}],"version-history":[{"count":0,"href":"https:\/\/www.europesays.com\/es\/wp-json\/wp\/v2\/posts\/297536\/revisions"}],"wp:featuredmedia":[{"embeddable":true,"href":"https:\/\/www.europesays.com\/es\/wp-json\/wp\/v2\/media\/297537"}],"wp:attachment":[{"href":"https:\/\/www.europesays.com\/es\/wp-json\/wp\/v2\/media?parent=297536"}],"wp:term":[{"taxonomy":"category","embeddable":true,"href":"https:\/\/www.europesays.com\/es\/wp-json\/wp\/v2\/categories?post=297536"},{"taxonomy":"post_tag","embeddable":true,"href":"https:\/\/www.europesays.com\/es\/wp-json\/wp\/v2\/tags?post=297536"}],"curies":[{"name":"wp","href":"https:\/\/api.w.org\/{rel}","templated":true}]}}