{"id":297540,"date":"2025-12-20T07:57:28","date_gmt":"2025-12-20T07:57:28","guid":{"rendered":"https:\/\/www.europesays.com\/es\/297540\/"},"modified":"2025-12-20T07:57:28","modified_gmt":"2025-12-20T07:57:28","slug":"de-wever-el-nacionalista-flamenco-que-hizo-naufragar-la-idea-de-financiar-a-ucrania-con-los-activos-soberanos-rusos-internacional","status":"publish","type":"post","link":"https:\/\/www.europesays.com\/es\/297540\/","title":{"rendered":"De Wever, el nacionalista flamenco que hizo naufragar la idea de financiar a Ucrania con los activos soberanos rusos | Internacional"},"content":{"rendered":"<p class=\"\">Cuando, hace menos de un a\u00f1o, <a href=\"https:\/\/elpais.com\/internacional\/2025-02-03\/el-nuevo-primer-ministro-belga-el-nacionalista-flamenco-bart-de-wever-ensancha-la-familia-ultra-en-la-ue.html\" target=\"_blank\" rel=\"noreferrer nofollow noopener\" title=\"https:\/\/elpais.com\/internacional\/2025-02-03\/el-nuevo-primer-ministro-belga-el-nacionalista-flamenco-bart-de-wever-ensancha-la-familia-ultra-en-la-ue.html\">Bart De Wever<\/a> acab\u00f3 su primera cumbre como primer ministro de B\u00e9lgica, brome\u00f3 con que sus nuevos compa\u00f1eros, el resto de l\u00edderes de la UE, le hab\u00eda preguntado qui\u00e9n era. Ahora, este pol\u00edtico ultranacionalista flamenco, de 54 a\u00f1os, ya no es en absoluto un desconocido en la escena europea. Se ha hecho un importante hueco tras aferrarse a su terquedad y <a href=\"https:\/\/elpais.com\/internacional\/2025-12-19\/la-ue-acuerda-emitir-eurobonos-para-financiar-a-ucrania.html\" target=\"_self\" rel=\"nofollow noopener\" title=\"https:\/\/elpais.com\/internacional\/2025-12-19\/la-ue-acuerda-emitir-eurobonos-para-financiar-a-ucrania.html\">negarse a dar luz verde<\/a> a financiar a Ucrania a trav\u00e9s de las reservas soberanas rusas inmovilizadas en la Uni\u00f3n por las sanciones, la mayor\u00eda bajo custodia de una entidad financiera belga. De Weber, o BDW, como se le conoce en su pa\u00eds, rechaz\u00f3 plegarse a las presiones de una mayor\u00eda de la UE, encabezada por el canciller alem\u00e1n, <a href=\"https:\/\/elpais.com\/internacional\/2025-12-08\/merz-acechado-por-la-extrema-derecha-y-la-fragil-economia-busca-su-espacio-para-liderar-alemania-y-europa.html\" target=\"_blank\" rel=\"noreferrer nofollow noopener\" title=\"https:\/\/elpais.com\/internacional\/2025-12-08\/merz-acechado-por-la-extrema-derecha-y-la-fragil-economia-busca-su-espacio-para-liderar-alemania-y-europa.html\">Friedrich Merz<\/a>, y la presidenta de la Comisi\u00f3n Europea, <a href=\"https:\/\/elpais.com\/internacional\/2025-12-17\/von-der-leyen-insta-a-europa-a-defenderse-por-si-misma-la-paz-de-ayer-se-ha-esfumado-no-hay-tiempo-para-la-nostalgia.html\" target=\"_blank\" rel=\"noreferrer nofollow noopener\" title=\"https:\/\/elpais.com\/internacional\/2025-12-17\/von-der-leyen-insta-a-europa-a-defenderse-por-si-misma-la-paz-de-ayer-se-ha-esfumado-no-hay-tiempo-para-la-nostalgia.html\">Ursula von der Leyen<\/a>.<\/p>\n<p class=\"\">\u201cSi [el riesgo] se mutualiza completamente y se elimina para nuestro pa\u00eds, entonces saltaremos al abismo junto con todos los europeos y esperaremos que el paraca\u00eddas nos sostenga\u201d, lanz\u00f3 en el Parlamento belga el jueves por la ma\u00f1ana, <a href=\"https:\/\/elpais.com\/internacional\/2025-12-18\/la-ue-se-abre-a-una-solucion-politica-para-financiar-a-ucrania-pero-retrasa-mercosur-a-enero.html\" target=\"_self\" rel=\"nofollow noopener\" title=\"https:\/\/elpais.com\/internacional\/2025-12-18\/la-ue-se-abre-a-una-solucion-politica-para-financiar-a-ucrania-pero-retrasa-mercosur-a-enero.html\">antes de la cumbre europea de final de a\u00f1o<\/a>. Se trataba de una cita decisiva para el futuro de la UE y centrada en Ucrania, que tuvo como n\u00facleo el debate sobre el uso de los activos del Banco Central Ruso y como objetivo de la mayor\u00eda el convencer al belga. No se logr\u00f3 y De Weber termin\u00f3 subiendo a bordo de su negativa a otros. El salvavidas financiero para Ucrania se lanzar\u00e1 finalmente a cargo de los contribuyentes europeos y a base de eurobonos. <\/p>\n<p>M\u00e1s informaci\u00f3n<\/p>\n<p class=\"\">\u201cHemos demostrado que la voz de los pa\u00edses peque\u00f1os y medianos tambi\u00e9n cuenta\u201d, remarc\u00f3 tras la cumbre en la que fue el claro ganador. \u201cLa estabilidad financiera ha ganado\u201d, agreg\u00f3. Dejaba detr\u00e1s as\u00ed muchas semanas en el foco p\u00fablico y medi\u00e1tico europeo, que le ha llegado a colocar como un ego\u00edsta o incluso como \u201cel activo m\u00e1s importante de Rusia en la UE\u201d. \u201cAhora debo irme a mi dacha de San Petersburgo\u201d, ironiz\u00f3 de madrugada, para dar por terminada la rueda de prensa tras la reuni\u00f3n de l\u00edderes. \u201cY creo que podr\u00eda ser alcalde de ese pueblito\u201d, brome\u00f3.<\/p>\n<p><img alt=\"Zelensky\" decoding=\"auto\" class=\"_re lazyload a_m-h\" height=\"233\"  width=\"414\"  src=\"https:\/\/www.europesays.com\/es\/wp-content\/uploads\/2025\/12\/465RI6HWH5GXZAWEBDYQV5ITMI.jpg\" loading=\"lazy\"\/>De Wever (izquierda) con Zelenski el jueves en Bruselas.PRESIDENTIAL PRESS SERVICE \/ HANDOUT (EFE)<\/p>\n<p class=\"\">Es su estilo, ir\u00f3nico, a veces burl\u00f3n, De Wever, del partido nacionalista flamenco N-VA (de la familia europea de los Conservadores y Reformistas de la italiana Giorgia Meloni), lleg\u00f3 al poder el pasado junio desde la alcald\u00eda de Amberes y tras casi ocho meses de negociaci\u00f3n para formar Gobierno de coalici\u00f3n de un pa\u00eds que en 2008 declar\u00f3 inexistente. En 2009, lleg\u00f3 a definir la parte valona del pa\u00eds (franc\u00f3fona) y dominada por el Partido Socialista como una entidad \u201cextranjera\u201d que estaba \u201cen bancarrota\u201d.<\/p>\n<p class=\"\">El l\u00edder nacionalista, procedente de una familia marcada por la pertenencia de uno de sus abuelos a un partido colaboracionista nazi, ha suavizado sus llamamientos para que Flandes se convierta en un pa\u00eds independiente. De hecho, De Wever, que cont\u00f3 que al principio no quer\u00eda ser primer ministro, se ha mostrado despu\u00e9s abierto a una reelecci\u00f3n. \u201cNo se puede sanear este pa\u00eds en cinco a\u00f1os\u201d, ha llegado a decir. <\/p>\n<p class=\"\"><a href=\"https:\/\/elpais.com\/internacional\/2025-12-19\/eurobonos-para-financiar-a-ucrania-la-palanca-de-emergencia-que-evita-el-desastre-de-la-ue.html\" target=\"_self\" rel=\"nofollow noopener\" title=\"https:\/\/elpais.com\/internacional\/2025-12-19\/eurobonos-para-financiar-a-ucrania-la-palanca-de-emergencia-que-evita-el-desastre-de-la-ue.html\">Sobre los eurobonos<\/a> tambi\u00e9n ha cambiado de opini\u00f3n. Era un firme detractor, pero cuando se puso sobre la mesa la v\u00eda de emplear las reservas soberanas rusas, bajo custodia en Euroclear, una entidad financiera belga, las cosas cambiaron r\u00e1pidamente. La compa\u00f1\u00eda, hasta ahora muy poco conocida, mueve miles de millones de euros. Su ca\u00edda pod\u00eda ser un palo importante para B\u00e9lgica. El pa\u00eds fundador de la UE tambi\u00e9n tem\u00eda represalias del Kremlin. Mosc\u00fa ha avivado su guerra h\u00edbrida.<\/p>\n<p class=\"\">Una gran mayor\u00eda de los belgas rechazaba adem\u00e1s la idea de usar los activos soberanos rusos para financiar a Ucrania. As\u00ed que De Wever lo ten\u00eda pol\u00edticamente muy dif\u00edcil para defender la decisi\u00f3n. Rechazarla y resistir a la presi\u00f3n de Alemania, el socio m\u00e1s grande, y de la Comisi\u00f3n Europea, ha subido como la espuma su popularidad en B\u00e9lgica. Tambi\u00e9n entre los franc\u00f3fonos. <\/p>\n","protected":false},"excerpt":{"rendered":"Cuando, hace menos de un a\u00f1o, Bart De Wever acab\u00f3 su primera cumbre como primer ministro de B\u00e9lgica,&hellip;\n","protected":false},"author":2,"featured_media":297541,"comment_status":"","ping_status":"","sticky":false,"template":"","format":"standard","meta":{"footnotes":""},"categories":[42],"tags":[8738,54752,3171,17,18,70,71,72,700,13,14,69,7082,11,61,62,63,64,19,20,9,10,15,16,1613,1614,12,7081,21,22,1617,65,66,67],"class_list":{"0":"post-297540","1":"post","2":"type-post","3":"status-publish","4":"format-standard","5":"has-post-thumbnail","7":"category-internacional","8":"tag-ataques-militares","9":"tag-bart-de-wever","10":"tag-belgica","11":"tag-breaking-news","12":"tag-breakingnews","13":"tag-conflictos","14":"tag-conflictos-armados","15":"tag-conflictos-internacionales","16":"tag-europa","17":"tag-featured-news","18":"tag-featurednews","19":"tag-guerra","20":"tag-guerra-de-rusia-en-ucrania","21":"tag-headlines","22":"tag-internacional","23":"tag-international","24":"tag-international-news","25":"tag-internationalnews","26":"tag-latest-news","27":"tag-latestnews","28":"tag-news","29":"tag-noticias","30":"tag-noticias-destacadas","31":"tag-noticiasdestacadas","32":"tag-otan","33":"tag-rusia","34":"tag-titulares","35":"tag-ucrania","36":"tag-ultimas-noticias","37":"tag-ultimasnoticias","38":"tag-union-europea","39":"tag-world","40":"tag-world-news","41":"tag-worldnews"},"share_on_mastodon":{"url":"","error":"Validation failed: Text character limit of 500 exceeded"},"_links":{"self":[{"href":"https:\/\/www.europesays.com\/es\/wp-json\/wp\/v2\/posts\/297540","targetHints":{"allow":["GET"]}}],"collection":[{"href":"https:\/\/www.europesays.com\/es\/wp-json\/wp\/v2\/posts"}],"about":[{"href":"https:\/\/www.europesays.com\/es\/wp-json\/wp\/v2\/types\/post"}],"author":[{"embeddable":true,"href":"https:\/\/www.europesays.com\/es\/wp-json\/wp\/v2\/users\/2"}],"replies":[{"embeddable":true,"href":"https:\/\/www.europesays.com\/es\/wp-json\/wp\/v2\/comments?post=297540"}],"version-history":[{"count":0,"href":"https:\/\/www.europesays.com\/es\/wp-json\/wp\/v2\/posts\/297540\/revisions"}],"wp:featuredmedia":[{"embeddable":true,"href":"https:\/\/www.europesays.com\/es\/wp-json\/wp\/v2\/media\/297541"}],"wp:attachment":[{"href":"https:\/\/www.europesays.com\/es\/wp-json\/wp\/v2\/media?parent=297540"}],"wp:term":[{"taxonomy":"category","embeddable":true,"href":"https:\/\/www.europesays.com\/es\/wp-json\/wp\/v2\/categories?post=297540"},{"taxonomy":"post_tag","embeddable":true,"href":"https:\/\/www.europesays.com\/es\/wp-json\/wp\/v2\/tags?post=297540"}],"curies":[{"name":"wp","href":"https:\/\/api.w.org\/{rel}","templated":true}]}}