{"id":297542,"date":"2025-12-20T07:58:13","date_gmt":"2025-12-20T07:58:13","guid":{"rendered":"https:\/\/www.europesays.com\/es\/297542\/"},"modified":"2025-12-20T07:58:13","modified_gmt":"2025-12-20T07:58:13","slug":"los-mercados-de-nou-barris-celebran-navidad-con-la-ciudadania-distrito-de-nou-barris","status":"publish","type":"post","link":"https:\/\/www.europesays.com\/es\/297542\/","title":{"rendered":"Los mercados de Nou Barris celebran Navidad con la ciudadan\u00eda | Distrito de Nou Barris"},"content":{"rendered":"<p>Talleres creativos, visitas de personajes navide\u00f1os, m\u00fasica en directo e iniciativas solidarias conviven estos d\u00edas entre los pasillos de los mercados, reforzando su funci\u00f3n social y su papel como punto de encuentro de los barrios. Una agenda variada y llena de ilusi\u00f3n que consolida los mercados como un espacio vivo, pr\u00f3ximo e imprescindible por vivir el esp\u00edritu navide\u00f1o en Barcelona.<\/p>\n<p>Desde el Instituto Municipal de Mercados se impulsar\u00e1n diferentes actuaciones musicales y espect\u00e1culos familiares. Todas las actividades son gratuitas y tendr\u00e1n lugar de 11 a 13 horas. En Nou Barris, el d\u00eda 19 de diciembre Boozan Dukes actuar\u00e1 en Canyelles. Y el 20 de diciembre la Trinitat acoger\u00e1 la actuaci\u00f3n de Gots de Tuba y Ciutat Meridiana la actividad infantil De l\u2019hort al plat!.<\/p>\n<p>En paralelo, estas son las propuestas de los mercados de Canyelles, Ciutat Meridiana y la Guineueta:<\/p>\n<p><strong>Mercado de Canyelles<\/strong><\/p>\n<p>El d\u00eda 20 de diciembre a partir de las 11 horas, de la mano del Distrito, tendr\u00e1 lugar un taller para vestir una mesa de Navidad, una actividad creativa y consciente para preparar la Navidad de una manera respetuosa y c\u00e1lida. Con elementos naturales cada participante crear\u00e1 paso a paso un centro de mesa de adviento decorativo y sostenible pensado para acoger las comidas compartidas con familia y amigos. Adem\u00e1s de est\u00e9tica, este taller trans\u00admite un mensaje profundo: celebrar las fiestas desde el fomento del consumo res\u00adponsable y la decoraci\u00f3n sostenible as\u00ed como el respeto por los ciclos naturales y el entorno. Dirigido a p\u00fablico familiar, adulto e intergeneracional (a partir de seis a\u00f1os).<\/p>\n<p>El d\u00eda 22 de diciembre, a partir de las 10 de ma\u00f1ana, habr\u00e1 venta solidaria de Troncos de Navidad de chocolate, organizado por la asociaci\u00f3n de enfermedades raras y paliativas. Y el 23 de diciembre, de 11 a 13.30 horas, el mercado acoger\u00e1 una fiesta de Navidad con el espect\u00e1culo del grupo Atrezzo, el sorteo de cinco carros sorpresa (dos con vales de 100 \u20ac, dos con experiencias y uno con un espalda ib\u00e9rica y vino) y uno con productos Caprabo. <\/p>\n<p><strong>Mercado de Ciutat Meridiana<\/strong><\/p>\n<p>Hasta el 2 de enero de 2026, los clientes del mercado podr\u00e1n participar en el sorteo de cinco vales por valor de 100 \u20ac. Para participar solo hay que depositar el ticket de compra en el buz\u00f3n habilitado del mercado.<\/p>\n<p>El s\u00e1bado 20 de diciembre, a las 11 horas, se celebrar\u00e1 una clase magistral de baile seguida de un bingo en el que se sortear\u00e1 una canasta con productos del mercado.<\/p>\n<p>El s\u00e1bado 3 de enero, a partir de las 10 horas, los m\u00e1s peque\u00f1os podr\u00e1n entregar la carta de Reyes al paje real y disfrutar de un chocolate caliente con melindros.<\/p>\n<p><strong>Mercado de la Guineueta<\/strong><\/p>\n<p>El 20 de diciembre, el mercado de la Guineueta sortear\u00e1 5.000 \u20ac en vales de compra repartidos en 50 premios de 100 \u20ac para gastar en cualquier parada del mercado. El sorteo comenzar\u00e1 a las 12 horas en la Sala Polivalente. <\/p>\n<p>Adem\u00e1s, de 10 a 12 horas los ni\u00f1os y ni\u00f1as podr\u00e1n entregar la carta a Pap\u00e1 Noel, hacerse una foto y disfrutar de una escenograf\u00eda navide\u00f1a con buz\u00f3n m\u00e1gico y decoraci\u00f3n tem\u00e1tica. La actividad tendr\u00e1 lugar en la Sala Polivalente del mercado. <\/p>\n<p>Finalmente, el martes 23 de diciembre, de 10 a 12 horas, tendr\u00e1 lugar un taller de galletas de Navidad y turrones gratuito para todos los clientes. La actividad ir\u00e1 a cargo de dolce witte by J\u00falia y, al reservar plaza, los participantes recibir\u00e1n el dossier con todas las recetas. Inscripciones por tel\u00e9fono al 933 50 47 34 o en cualquier parada del mercado.<\/p>\n<p><strong>Horarios de Navidad de los mercados de Nou Barris<\/strong><\/p>\n<p>A continuaci\u00f3n, pod\u00e9is consultar los horarios de apertura espec\u00edficos de los mercados de Nou Barris:<\/p>\n<ul>\n<li>Canyelles: El martes 23 de diciembre extender\u00e1 el horario de 7.30 a 19.30 horas y el resto de d\u00edas el equipamiento har\u00e1 el horario habitual. Los d\u00edas festivos permanecer\u00e1 cerrado<\/li>\n<li>Ciutat Meridiana: El martes 23 de diciembre abrir\u00e1 de 8 a 20 horas, el d\u00eda 24 de 8 a 18 horas y el d\u00eda 5 de enero abrir\u00e1 en horario de ma\u00f1ana<\/li>\n<li>Guineueta: El mi\u00e9rcoles 24 diciembre el mercado abrir\u00e1 de 8 a 16 horas, el d\u00eda 30 de diciembre abrir\u00e1 hasta las 20 horas y el d\u00eda 31 de diciembre hasta las 16 horas. El d\u00eda 5 de enero permanecer\u00e1 abierto hasta las 14 horas<\/li>\n<li>Merc\u00e8: El d\u00eda 22 de diciembre abrir\u00e1 de 8 a 14 horas, el d\u00eda 23 de diciembre hasta las 20 horas y los d\u00edas 24 y 31 de diciembre hasta las 15 horas <\/li>\n<li>Trinitat: abrir\u00e1 cada d\u00eda de v\u00edspera por la tarde ya que hay un supermercado Consum<\/li>\n<\/ul>\n","protected":false},"excerpt":{"rendered":"Talleres creativos, visitas de personajes navide\u00f1os, m\u00fasica en directo e iniciativas solidarias conviven estos d\u00edas entre los pasillos&hellip;\n","protected":false},"author":2,"featured_media":297543,"comment_status":"","ping_status":"","sticky":false,"template":"","format":"standard","meta":{"footnotes":""},"categories":[8],"tags":[17,18,25,24,13,14,11,19,20,9,10,15,16,23,12,21,22],"class_list":{"0":"post-297542","1":"post","2":"type-post","3":"status-publish","4":"format-standard","5":"has-post-thumbnail","7":"category-espana","8":"tag-breaking-news","9":"tag-breakingnews","10":"tag-es","11":"tag-espana","12":"tag-featured-news","13":"tag-featurednews","14":"tag-headlines","15":"tag-latest-news","16":"tag-latestnews","17":"tag-news","18":"tag-noticias","19":"tag-noticias-destacadas","20":"tag-noticiasdestacadas","21":"tag-spain","22":"tag-titulares","23":"tag-ultimas-noticias","24":"tag-ultimasnoticias"},"share_on_mastodon":{"url":"https:\/\/pubeurope.com\/@es\/115750837434166539","error":""},"_links":{"self":[{"href":"https:\/\/www.europesays.com\/es\/wp-json\/wp\/v2\/posts\/297542","targetHints":{"allow":["GET"]}}],"collection":[{"href":"https:\/\/www.europesays.com\/es\/wp-json\/wp\/v2\/posts"}],"about":[{"href":"https:\/\/www.europesays.com\/es\/wp-json\/wp\/v2\/types\/post"}],"author":[{"embeddable":true,"href":"https:\/\/www.europesays.com\/es\/wp-json\/wp\/v2\/users\/2"}],"replies":[{"embeddable":true,"href":"https:\/\/www.europesays.com\/es\/wp-json\/wp\/v2\/comments?post=297542"}],"version-history":[{"count":0,"href":"https:\/\/www.europesays.com\/es\/wp-json\/wp\/v2\/posts\/297542\/revisions"}],"wp:featuredmedia":[{"embeddable":true,"href":"https:\/\/www.europesays.com\/es\/wp-json\/wp\/v2\/media\/297543"}],"wp:attachment":[{"href":"https:\/\/www.europesays.com\/es\/wp-json\/wp\/v2\/media?parent=297542"}],"wp:term":[{"taxonomy":"category","embeddable":true,"href":"https:\/\/www.europesays.com\/es\/wp-json\/wp\/v2\/categories?post=297542"},{"taxonomy":"post_tag","embeddable":true,"href":"https:\/\/www.europesays.com\/es\/wp-json\/wp\/v2\/tags?post=297542"}],"curies":[{"name":"wp","href":"https:\/\/api.w.org\/{rel}","templated":true}]}}