{"id":297544,"date":"2025-12-20T07:59:09","date_gmt":"2025-12-20T07:59:09","guid":{"rendered":"https:\/\/www.europesays.com\/es\/297544\/"},"modified":"2025-12-20T07:59:09","modified_gmt":"2025-12-20T07:59:09","slug":"lo-ha-contado-desde-la-serenidad","status":"publish","type":"post","link":"https:\/\/www.europesays.com\/es\/297544\/","title":{"rendered":"Lo ha contado desde la serenidad"},"content":{"rendered":"<p class=\"c-paragraph\">Este jueves, <b>Eduardo Casanova<\/b> ha revelado que <b>vive con VIH desde hace varios a\u00f1os<\/b>. A trav\u00e9s de sus redes sociales, el int\u00e9rprete ha dado la noticia con un emocionante mensaje al que <b>muchos rostros conocidos han reaccionado<\/b> en las \u00faltimas horas, entre ellos <b>Ana Rosa Quintana.<\/b> \u00a0<\/p>\n<p class=\"c-paragraph\">Ha sido este viernes en El programa de Ana Rosa donde la presentadora ha comentado el anuncio del actor. \u00abEduardo Casanova <b>cont\u00f3 algo muy \u00edntimo<\/b> ayer para ayudar a otras personas. Ha contado que vive con VIH.\u00a0<b>Lo hace desde la serenidad, sin dramatismo<\/b> y con una idea clara:\u00a0que su historia <b>sirva para desestigmatizar<\/b> a cada una de las personas a las que en este momento se les pueda detectar, cada d\u00eda m\u00e1s gente\u00bb, ha expresado Quintana. \u00a0<\/p>\n<p class=\"c-paragraph\">El resto de colaboradores tambi\u00e9n se han sumado a la presentadora. <b>\u00abAplaudo desde aqu\u00ed una medida valiente.<\/b> El problema es que la sociedad no ha evolucionado\u00bb, ha comentado Bibiana Fern\u00e1ndez, que ha recordado que <b>\u00absigue existiendo ese estigma social 40 a\u00f1os despu\u00e9s\u00bb.\u00a0<\/b><\/p>\n<p class=\"c-paragraph\">Borja M\u00e9ndez ha denunciado <b>los mensajes de odio<\/b> que Eduardo Casanova ha recibido a trav\u00e9s de redes despu\u00e9s de hacer p\u00fablico que tiene VIH. <b>\u00abSon comentarios horrorosos<\/b>. En vez de apoyar, <b>Eduardo es la diana que criticar\u00bb,<\/b> ha expresado el colaborador.\u00a0<\/p>\n<p class=\"c-paragraph\">Bibiana Fern\u00e1ndez ha vuelto a intervenir y <b>ha recordado a \u00abtoda esa gente\u00bb que perdi\u00f3 la vida<\/b> a causa del sida. \u00abAhora conozco a mucha gente que es positiva en VIH y <b>lleva una vida normal<\/b>. No es promiscua ni nada\u00bb, ha a\u00f1adido la tertuliana.\u00a0<\/p>\n<p>El mensaje de Eduardo Casanova<\/p>\n<p class=\"c-paragraph\">El actor revel\u00f3 que tiene VIH a trav\u00e9s de un post desde su perfil de Instagram . <b>\u00abHoy rompo este silencio tan desagradable<\/b> y doloroso despu\u00e9s de much\u00edsimos a\u00f1os. Un silencio que guardamos y sufrimos much\u00edsimas de las personas con VIH\u00bb, escribi\u00f3 Eduardo Casanova.\u00a0<\/p>\n<p class=\"c-paragraph\">\u00abLo hago cuando yo quiero, cuando yo puedo. <b>Lo hago por m\u00ed,\u00a0pero deseo que esto pueda ayudar a m\u00e1s gente.<\/b> Lo hago a mi manera, a trav\u00e9s del cine, que <b>es mi forma de comunicarme\u00bb<\/b>, a\u00f1adi\u00f3 el int\u00e9rprete.\u00a0<\/p>\n<p class=\"c-paragraph\">\u00ab<b>Pero sobre todo lo hago con dignidad.<\/b>\u00a0La dignidad deber\u00eda ser la forma en la que todas las personas con VIH pudieran salir del armario. (Cerca del 80% de las personas con VIH no ha compartido con casi nadie que tienen la infecci\u00f3n, por <b>un estigma que nos condena al rechazo sistem\u00e1tico y m\u00e1s injusto del mundo)\u00bb<\/b>, expres\u00f3 tambi\u00e9n Casanova en la red social.\u00a0<\/p>\n","protected":false},"excerpt":{"rendered":"Este jueves, Eduardo Casanova ha revelado que vive con VIH desde hace varios a\u00f1os. A trav\u00e9s de sus&hellip;\n","protected":false},"author":2,"featured_media":297545,"comment_status":"","ping_status":"","sticky":false,"template":"","format":"standard","meta":{"footnotes":""},"categories":[5],"tags":[683,6243,17,18,25,24,13,14,11,19,20,9,10,15,16,27011,6461,2465,23,12,21,22],"class_list":{"0":"post-297544","1":"post","2":"type-post","3":"status-publish","4":"format-standard","5":"has-post-thumbnail","7":"category-titulares","8":"tag-ana","9":"tag-anuncio","10":"tag-breaking-news","11":"tag-breakingnews","12":"tag-es","13":"tag-espana","14":"tag-featured-news","15":"tag-featurednews","16":"tag-headlines","17":"tag-latest-news","18":"tag-latestnews","19":"tag-news","20":"tag-noticias","21":"tag-noticias-destacadas","22":"tag-noticiasdestacadas","23":"tag-quintana","24":"tag-reacciona","25":"tag-rosa","26":"tag-spain","27":"tag-titulares","28":"tag-ultimas-noticias","29":"tag-ultimasnoticias"},"share_on_mastodon":{"url":"https:\/\/pubeurope.com\/@es\/115750840757251703","error":""},"_links":{"self":[{"href":"https:\/\/www.europesays.com\/es\/wp-json\/wp\/v2\/posts\/297544","targetHints":{"allow":["GET"]}}],"collection":[{"href":"https:\/\/www.europesays.com\/es\/wp-json\/wp\/v2\/posts"}],"about":[{"href":"https:\/\/www.europesays.com\/es\/wp-json\/wp\/v2\/types\/post"}],"author":[{"embeddable":true,"href":"https:\/\/www.europesays.com\/es\/wp-json\/wp\/v2\/users\/2"}],"replies":[{"embeddable":true,"href":"https:\/\/www.europesays.com\/es\/wp-json\/wp\/v2\/comments?post=297544"}],"version-history":[{"count":0,"href":"https:\/\/www.europesays.com\/es\/wp-json\/wp\/v2\/posts\/297544\/revisions"}],"wp:featuredmedia":[{"embeddable":true,"href":"https:\/\/www.europesays.com\/es\/wp-json\/wp\/v2\/media\/297545"}],"wp:attachment":[{"href":"https:\/\/www.europesays.com\/es\/wp-json\/wp\/v2\/media?parent=297544"}],"wp:term":[{"taxonomy":"category","embeddable":true,"href":"https:\/\/www.europesays.com\/es\/wp-json\/wp\/v2\/categories?post=297544"},{"taxonomy":"post_tag","embeddable":true,"href":"https:\/\/www.europesays.com\/es\/wp-json\/wp\/v2\/tags?post=297544"}],"curies":[{"name":"wp","href":"https:\/\/api.w.org\/{rel}","templated":true}]}}